{"id":227481,"date":"2024-03-06T01:15:00","date_gmt":"2024-03-06T00:15:00","guid":{"rendered":"https:\/\/www.region-schwabach.de\/wordpress\/?p=227481"},"modified":"2024-03-06T01:35:11","modified_gmt":"2024-03-06T00:35:11","slug":"vortrag-zum-tag-der-frauen-am-mittwoch-den-6-marz-2024-im-haus-der-begegnung","status":"publish","type":"post","link":"https:\/\/www.region-schwabach.de\/wordpress\/vortrag-zum-tag-der-frauen-am-mittwoch-den-6-marz-2024-im-haus-der-begegnung\/","title":{"rendered":"Vortrag &#8222;Zum Tag der Frauen&#8220; am Mittwoch, den 6. M\u00e4rz 2024, im Haus der Begegnung"},"content":{"rendered":"\t\t<div data-elementor-type=\"wp-post\" data-elementor-id=\"227481\" class=\"elementor elementor-227481\">\n\t\t\t\t\t\t<section class=\"elementor-section elementor-top-section elementor-element elementor-element-678181b elementor-section-boxed elementor-section-height-default elementor-section-height-default\" data-id=\"678181b\" data-element_type=\"section\">\n\t\t\t\t\t\t<div class=\"elementor-container elementor-column-gap-default\">\n\t\t\t\t\t<div class=\"elementor-column elementor-col-50 elementor-top-column elementor-element elementor-element-6b34026\" data-id=\"6b34026\" data-element_type=\"column\">\n\t\t\t<div class=\"elementor-widget-wrap elementor-element-populated\">\n\t\t\t\t\t\t<div class=\"elementor-element elementor-element-5fea1cd elementor-widget elementor-widget-wp-widget-advads_ad_widget\" data-id=\"5fea1cd\" data-element_type=\"widget\" data-widget_type=\"wp-widget-advads_ad_widget.default\">\n\t\t\t\t<div class=\"elementor-widget-container\">\n\t\t\t<div id=\"regio-1240341932\"><div class=\"regio-adlabel\">Werbung<\/div><center><a href=\"https:\/\/a.partner-versicherung.de\/click.php?partner_id=19992&ad_id=1578&deep=kreditkarten\"  target=\"_blank\"><img decoding=\"async\" src=\"https:\/\/a.partner-versicherung.de\/view.php?partner_id=19992&ad_id=1578\" ><\/a><\/center><\/div>\t\t<\/div>\n\t\t\t\t<\/div>\n\t\t\t\t<div class=\"elementor-element elementor-element-443ab98 elementor-widget elementor-widget-text-editor\" data-id=\"443ab98\" data-element_type=\"widget\" data-widget_type=\"text-editor.default\">\n\t\t\t\t<div class=\"elementor-widget-container\">\n\t\t\t\t\t\t\t<h3 class=\"entry-title\"><span id=\"page3R_mcid11\" class=\"markedContent\"><span dir=\"ltr\" role=\"presentation\">Vortrag am Mittwoch, den 6. M\u00e4rz 2024, um 19.00 Uhr im Haus der Begegnung, Auf der Aich 1-3 in Schwabach:\u00a0<br \/><\/span><\/span>Zum Tag der Frauen : Dr.Christine Demele &#8222;Starke Frauen im D\u00fcrer-Haus: Agnes, Barbara, Susanna, Marie und Gertrud&#8220;<\/h3><p><span style=\"font-size: 12pt;\">Schwabach &#8211; Dr.Christine Demele, die neue Leiterin des Albrecht-D\u00fcrer-Hauses und der Graphischen Sammlung der Stadt N\u00fcrnberg, wird anl\u00e4sslich des Internationalen Frauentages in einem Vortrag beim K\u00fcnstlerbund Schwabach sich mit dem Wirken und den Einfl\u00fcssen der Frauen im Umfeld Albrecht D\u00fcrers auseinandersetzen.<br \/><\/span><\/p><p><span style=\"font-size: 12pt;\">Der Vortrag ist den Frauen gewidmet, die Anfang des 16. Jahrhunderts zusammen mit D\u00fcrer lebten und arbeiteten sowie denjenigen, die sein Haus Mitte des 20. Jahrhunderts vor der Zerst\u00f6rung bewahrten.<br \/><\/span><\/p><p><span style=\"font-size: 12pt;\">An erster Stelle ist D\u00fcrers Ehefrau Agnes D\u00fcrerin, geborene Frey, zu nennen, \u00fcber die wenig gewusst und deshalb viel spekuliert wird. Nach dem Tod seines Vaters nahm D\u00fcrer au\u00dferdem seine Mutter bei sich auf. Die Magd Susanna reiste mit Albrecht und Agnes in die Niederlande und scheint nicht nur im Haushalt, sondern auch in der Werkstatt geholfen zu haben. Alle drei spielten eine wichtige Rolle in D\u00fcrers Leben, allen voran Agnes, die mehrfach von ihrem Mann portr\u00e4tiert wurde.<br \/><\/span><\/p><p><span style=\"font-size: 12pt;\">Schlie\u00dflich spannt der Vortrag den Bogen ins 20. Jahrhundert, als das D\u00fcrer-Haus als eines der wenigen Altstadth\u00e4user N\u00fcrnbergs den 2. Weltkrieg verh\u00e4ltnism\u00e4\u00dfig glimpflich \u00fcberstand. Zu verdanken war das ganz wesentlich dem mutigen und selbstlosen Handeln zweier Frauen, Marie und Gertrud Falcke, Mutter und Tochter, die damals im D\u00fcrer-Haus wohnten, weil Marie Falcke das Amt der Hausverwalterin von ihrem verstorbenen Mann, dem N\u00fcrnberger Maler August Falcke sozusagen geerbt hatte.\u00a0<\/span><\/p>\t\t\t\t\t\t<\/div>\n\t\t\t\t<\/div>\n\t\t\t\t<div class=\"elementor-element elementor-element-7cc9469 elementor-widget elementor-widget-shortcode\" data-id=\"7cc9469\" data-element_type=\"widget\" data-widget_type=\"shortcode.default\">\n\t\t\t\t<div class=\"elementor-widget-container\">\n\t\t\t\t\t<div class=\"elementor-shortcode\"><center><a href=\"https:\/\/a.partner-versicherung.de\/click.php?partner_id=19992&ad_id=441&deep=kfz-versicherung\"  target=\"_blank\"><img decoding=\"async\" src=\"https:\/\/a.partner-versicherung.de\/view.php?partner_id=19992&ad_id=441\" ><\/a><\/center><\/div>\n\t\t\t\t<\/div>\n\t\t\t\t<\/div>\n\t\t\t\t<div class=\"elementor-element elementor-element-0c834d7 elementor-widget-divider--view-line elementor-widget elementor-widget-divider\" data-id=\"0c834d7\" data-element_type=\"widget\" data-widget_type=\"divider.default\">\n\t\t\t\t<div class=\"elementor-widget-container\">\n\t\t\t\t\t<div class=\"elementor-divider\">\n\t\t\t<span class=\"elementor-divider-separator\">\n\t\t\t\t\t\t<\/span>\n\t\t<\/div>\n\t\t\t\t<\/div>\n\t\t\t\t<\/div>\n\t\t\t\t<div class=\"elementor-element elementor-element-325f51f elementor-widget elementor-widget-google_maps\" data-id=\"325f51f\" data-element_type=\"widget\" data-widget_type=\"google_maps.default\">\n\t\t\t\t<div class=\"elementor-widget-container\">\n\t\t\t\t\t<div class=\"elementor-custom-embed\">\n\t\t\t<iframe loading=\"lazy\"\n\t\t\t\t\tsrc=\"https:\/\/maps.google.com\/maps?q=Auf%20der%20Aich%201-3%2C%20Schwabach%2C%20Deutschland&#038;t=m&#038;z=18&#038;output=embed&#038;iwloc=near\"\n\t\t\t\t\ttitle=\"Auf der Aich 1-3, Schwabach, Deutschland\"\n\t\t\t\t\taria-label=\"Auf der Aich 1-3, Schwabach, Deutschland\"\n\t\t\t><\/iframe>\n\t\t<\/div>\n\t\t\t\t<\/div>\n\t\t\t\t<\/div>\n\t\t\t\t\t<\/div>\n\t\t<\/div>\n\t\t\t\t<div class=\"elementor-column elementor-col-50 elementor-top-column elementor-element elementor-element-f141625\" data-id=\"f141625\" data-element_type=\"column\">\n\t\t\t<div class=\"elementor-widget-wrap elementor-element-populated\">\n\t\t\t\t\t\t<div class=\"elementor-element elementor-element-aa635e8 elementor-widget elementor-widget-heading\" data-id=\"aa635e8\" data-element_type=\"widget\" data-widget_type=\"heading.default\">\n\t\t\t\t<div class=\"elementor-widget-container\">\n\t\t\t<h3 class=\"elementor-heading-title elementor-size-default\">Schnell vergleichen und sparen!<\/h3>\t\t<\/div>\n\t\t\t\t<\/div>\n\t\t\t\t<div class=\"elementor-element elementor-element-380778c elementor-widget elementor-widget-wp-widget-advads_ad_widget\" data-id=\"380778c\" data-element_type=\"widget\" data-widget_type=\"wp-widget-advads_ad_widget.default\">\n\t\t\t\t<div class=\"elementor-widget-container\">\n\t\t\t<div id=\"regio-595428190\"><div class=\"regio-adlabel\">Werbung<\/div><!-- Beginn https:\/\/www.financeads.net\/-Code --><a href=\"https:\/\/www.financeads.net\/tc.php?t=36648C236142529B\" target=\"_blank\"><img fetchpriority=\"high\" decoding=\"async\" src=\"https:\/\/www.financeads.net\/tb.php?t=36648V236142529B&https=1\" alt=\"\" border=\"0\" width=\"300\" height=\"250\"><\/a><!-- Ende https:\/\/www.financeads.net\/-Code --><\/div>\t\t<\/div>\n\t\t\t\t<\/div>\n\t\t\t\t<div class=\"elementor-element elementor-element-bd26aa5 elementor-widget elementor-widget-wp-widget-advads_ad_widget\" data-id=\"bd26aa5\" data-element_type=\"widget\" data-widget_type=\"wp-widget-advads_ad_widget.default\">\n\t\t\t\t<div class=\"elementor-widget-container\">\n\t\t\t<div id=\"regio-1938239642\"><div class=\"regio-adlabel\">Werbung<\/div><!-- Beginn https:\/\/www.financeads.net\/-Code --><a href=\"https:\/\/www.financeads.net\/tc.php?t=36648C42614510B\" target=\"_blank\"><img decoding=\"async\" src=\"https:\/\/www.financeads.net\/tb.php?t=36648V42614510B&https=1\" alt=\"\" border=\"0\" width=\"200\" height=\"300\"><\/a><!-- Ende https:\/\/www.financeads.net\/-Code --><\/div>\t\t<\/div>\n\t\t\t\t<\/div>\n\t\t\t\t<div class=\"elementor-element elementor-element-abfc6b5 elementor-widget elementor-widget-wp-widget-advads_ad_widget\" data-id=\"abfc6b5\" data-element_type=\"widget\" data-widget_type=\"wp-widget-advads_ad_widget.default\">\n\t\t\t\t<div class=\"elementor-widget-container\">\n\t\t\t<div id=\"regio-2965988043\"><div class=\"regio-adlabel\">Werbung<\/div><!-- Beginn https:\/\/www.financeads.net\/-Code --><a href=\"https:\/\/www.financeads.net\/tc.php?t=36648C205040072B\" target=\"_blank\"><img decoding=\"async\" src=\"https:\/\/www.financeads.net\/tb.php?t=36648V205040072B&https=1\" alt=\"\" border=\"0\" width=\"300\" height=\"250\"><\/a><!-- Ende https:\/\/www.financeads.net\/-Code --><\/div>\t\t<\/div>\n\t\t\t\t<\/div>\n\t\t\t\t<div class=\"elementor-element elementor-element-9b68655 elementor-widget elementor-widget-wp-widget-advads_ad_widget\" data-id=\"9b68655\" data-element_type=\"widget\" data-widget_type=\"wp-widget-advads_ad_widget.default\">\n\t\t\t\t<div class=\"elementor-widget-container\">\n\t\t\t<div id=\"regio-1231931095\"><div class=\"regio-adlabel\">Werbung<\/div><!-- Beginn https:\/\/www.financeads.net\/-Code --><a href=\"https:\/\/www.financeads.net\/tc.php?t=36648C271460142B\" target=\"_blank\"><img loading=\"lazy\" decoding=\"async\" src=\"https:\/\/www.financeads.net\/tb.php?t=36648V271460142B&https=1\" alt=\"PETPROTECT_Hund&Katze_Banner\" border=\"0\" width=\"250\" height=\"250\"><\/a><!-- Ende https:\/\/www.financeads.net\/-Code --><\/div>\t\t<\/div>\n\t\t\t\t<\/div>\n\t\t\t\t\t<\/div>\n\t\t<\/div>\n\t\t\t\t\t<\/div>\n\t\t<\/section>\n\t\t\t\t<\/div>\n\t\t","protected":false},"excerpt":{"rendered":"<div class=\"mh-excerpt\"><p>Vortrag am Mittwoch, den 6. M\u00e4rz 2024, um 19.00 Uhr im Haus der Begegnung, Auf der Aich 1-3 in Schwabach:\u00a0Zum Tag der Frauen : Dr.Christine Demele &#8222;Starke Frauen im D\u00fcrer-Haus: Agnes, Barbara, Susanna, Marie und <a class=\"mh-excerpt-more\" href=\"https:\/\/www.region-schwabach.de\/wordpress\/vortrag-zum-tag-der-frauen-am-mittwoch-den-6-marz-2024-im-haus-der-begegnung\/\" title=\"Vortrag &#8222;Zum Tag der Frauen&#8220; am Mittwoch, den 6. M\u00e4rz 2024, im Haus der Begegnung\">[&#8230;]<\/a><\/p>\n<\/div>","protected":false},"author":1,"featured_media":227482,"comment_status":"open","ping_status":"open","sticky":false,"template":"","format":"standard","meta":{"_cbd_carousel_blocks":"[]","footnotes":""},"categories":[16,78,287,4306,61,203,231],"tags":[24751,24746,24747,24754,24755,3604,24752,24758,8585,522,24757,1480,19,3012,3151,24753,24756,5652],"class_list":{"0":"post-227481","1":"post","2":"type-post","3":"status-publish","4":"format-standard","5":"has-post-thumbnail","7":"category-aktuell","8":"category-handel-und-wirtschaft","9":"category-jugend-und-familie","10":"category-ratgeber","11":"category-rathaus","12":"category-umwelt-nachrichten","13":"category-veranstaltungsnews","14":"tag-zum-tag-der-frauen","15":"tag-04-03-2024","16":"tag-4-maerz-2024","17":"tag-agnes","18":"tag-barbara","19":"tag-buergerhaus","20":"tag-dr-christine-demele","21":"tag-gertrud","22":"tag-info-veranstaltung","23":"tag-koenigsplatz","24":"tag-marie","25":"tag-rathaus","26":"tag-schwabach","27":"tag-stadt","28":"tag-stadt-schwabach","29":"tag-starke-frauen-im-duerer-haus","30":"tag-susanna","31":"tag-vortrag"},"_links":{"self":[{"href":"https:\/\/www.region-schwabach.de\/wordpress\/wp-json\/wp\/v2\/posts\/227481","targetHints":{"allow":["GET"]}}],"collection":[{"href":"https:\/\/www.region-schwabach.de\/wordpress\/wp-json\/wp\/v2\/posts"}],"about":[{"href":"https:\/\/www.region-schwabach.de\/wordpress\/wp-json\/wp\/v2\/types\/post"}],"author":[{"embeddable":true,"href":"https:\/\/www.region-schwabach.de\/wordpress\/wp-json\/wp\/v2\/users\/1"}],"replies":[{"embeddable":true,"href":"https:\/\/www.region-schwabach.de\/wordpress\/wp-json\/wp\/v2\/comments?post=227481"}],"version-history":[{"count":0,"href":"https:\/\/www.region-schwabach.de\/wordpress\/wp-json\/wp\/v2\/posts\/227481\/revisions"}],"wp:featuredmedia":[{"embeddable":true,"href":"https:\/\/www.region-schwabach.de\/wordpress\/wp-json\/wp\/v2\/media\/227482"}],"wp:attachment":[{"href":"https:\/\/www.region-schwabach.de\/wordpress\/wp-json\/wp\/v2\/media?parent=227481"}],"wp:term":[{"taxonomy":"category","embeddable":true,"href":"https:\/\/www.region-schwabach.de\/wordpress\/wp-json\/wp\/v2\/categories?post=227481"},{"taxonomy":"post_tag","embeddable":true,"href":"https:\/\/www.region-schwabach.de\/wordpress\/wp-json\/wp\/v2\/tags?post=227481"}],"curies":[{"name":"wp","href":"https:\/\/api.w.org\/{rel}","templated":true}]}}