{"id":227561,"date":"2024-03-07T01:15:00","date_gmt":"2024-03-07T00:15:00","guid":{"rendered":"https:\/\/www.region-schwabach.de\/wordpress\/?p=227561"},"modified":"2024-03-07T02:52:58","modified_gmt":"2024-03-07T01:52:58","slug":"konzert-del-amor-y-muerte-mit-fidel-ramirez-und-michael-herrschel-am-donnerstag-den-7-marz-2024-im-burgerhaus","status":"publish","type":"post","link":"https:\/\/www.region-schwabach.de\/wordpress\/konzert-del-amor-y-muerte-mit-fidel-ramirez-und-michael-herrschel-am-donnerstag-den-7-marz-2024-im-burgerhaus\/","title":{"rendered":"Konzert \u201eDel amor y muerte\u201c mit Fidel Ramirez und Michael Herrschel am Donnerstag, den 7. M\u00e4rz 2024 im B\u00fcrgerhaus"},"content":{"rendered":"\t\t<div data-elementor-type=\"wp-post\" data-elementor-id=\"227561\" class=\"elementor elementor-227561\">\n\t\t\t\t\t\t<section class=\"elementor-section elementor-top-section elementor-element elementor-element-678181b elementor-section-boxed elementor-section-height-default elementor-section-height-default\" data-id=\"678181b\" data-element_type=\"section\">\n\t\t\t\t\t\t<div class=\"elementor-container elementor-column-gap-default\">\n\t\t\t\t\t<div class=\"elementor-column elementor-col-50 elementor-top-column elementor-element elementor-element-6b34026\" data-id=\"6b34026\" data-element_type=\"column\">\n\t\t\t<div class=\"elementor-widget-wrap elementor-element-populated\">\n\t\t\t\t\t\t<div class=\"elementor-element elementor-element-5d1b797 elementor-widget elementor-widget-wp-widget-advads_ad_widget\" data-id=\"5d1b797\" data-element_type=\"widget\" data-widget_type=\"wp-widget-advads_ad_widget.default\">\n\t\t\t\t<div class=\"elementor-widget-container\">\n\t\t\t<div id=\"regio-3620883787\"><div class=\"regio-adlabel\">Werbung<\/div><center><a href=\"https:\/\/a.partner-versicherung.de\/click.php?partner_id=19992&ad_id=1578&deep=kreditkarten\"  target=\"_blank\"><img decoding=\"async\" src=\"https:\/\/a.partner-versicherung.de\/view.php?partner_id=19992&ad_id=1578\" ><\/a><\/center><\/div>\t\t<\/div>\n\t\t\t\t<\/div>\n\t\t\t\t<div class=\"elementor-element elementor-element-443ab98 elementor-widget elementor-widget-text-editor\" data-id=\"443ab98\" data-element_type=\"widget\" data-widget_type=\"text-editor.default\">\n\t\t\t\t<div class=\"elementor-widget-container\">\n\t\t\t\t\t\t\t<h3><span id=\"page37R_mcid22\" class=\"markedContent\"><span dir=\"ltr\" role=\"presentation\">Donnerstag, den 7. M\u00e4rz 2024, um 20.00 Uhr:<\/span><\/span><span id=\"undefined\" class=\"markedContent\"><\/span><span id=\"page37R_mcid11\" class=\"markedContent\"><\/span><span id=\"page37R_mcid12\" class=\"markedContent\"><br role=\"presentation\" \/><span id=\"page35R_mcid11\" class=\"markedContent\"><span dir=\"ltr\" role=\"presentation\">Von der Liebe und vom Tod: Konzert im Schwabacher B\u00fcrgerhaus\u00a0<\/span><\/span><br \/><\/span><\/h3><p><span style=\"font-size: 12pt;\">Schwabach &#8211; Um Liebe und Tod (\u201eDel amor y de la muerte\u201c) geht es in einem Konzert mit Erz\u00e4hlung von Fidel Ramirez und Michael Herrschel am Donnerstag, den 7. M\u00e4rz 2024, im B\u00fcrgerhaus. Ramirez, Gitarrist und Lehrer an der Adolph von Henselt-Musikschule, hat diese Themen ausgew\u00e4hlt, weil sie die sch\u00f6nsten Momente und die gr\u00f6\u00dften Schmerzen im Leben bereiten. Im Konzert verwebt er Musikst\u00fccke, die die Zuh\u00f6renden den Spannungsbogen der Emotionen sp\u00fcren und miterleben lassen.<br \/><\/span><\/p><p><span style=\"font-size: 12pt;\">Das Repertoire, das im B\u00fcrgerhaus-Saal, K\u00f6nigsplatz 33a, ab 20.00 Uhr zu h\u00f6ren ist, ist sehr abwechslungsreich: Barockmusik, Musik aus Lateinamerika sowie aus der Romantik und auch elektronische Kl\u00e4nge. Erg\u00e4nzt werden die St\u00fccke an diesem Abend von Gedanken und Ideen zu \u201eDel Amor y la Muerte\u201c aus der Feder von Dichtern, Psychologen, Philosophen und Liebhabern.\u00a0<br \/><\/span><\/p><p><span style=\"font-size: 12pt;\">Konzertkarten gibt es online \u00fcber <a href=\"http:\/\/www.reservix.de\" target=\"_blank\" rel=\"noopener\">www.reservix.de<\/a>, im B\u00fcrgerb\u00fcro im Rathaus, beim Schwabacher Tagblatt, im Ticket-Paradise im ORO-Einkaufszentrum sowie bundesweit an allen weiteren Reservix-Vorverkaufsstellen.\u00a0<\/span><\/p><p><span style=\"font-size: 12pt;\">Eintritt: Vorverkauf 15 Euro (erm\u00e4\u00dfigt 12 Euro), Abendkasse 17 Euro (14 Euro). Weitere Informationen: <a href=\"http:\/\/www.schwabach.de\/kulturportal\" target=\"_blank\" rel=\"noopener\">www.schwabach.de\/kulturportal<\/a>, Telefon 09122-860-<br \/>305 (Kulturamt), E-Mail: <a href=\"mailto:kulturamt@schwabach.de\" target=\"_blank\" rel=\"noopener\">kulturamt@schwabach.de<\/a>\u00a0<br \/><\/span><\/p><p><strong><span style=\"font-size: 12pt;\">Foto 1 (Cintia Barroso, Abdruck honorarfrei): Fidel Ramirez\u00a0<\/span><\/strong><br \/><strong><span style=\"font-size: 12pt;\">Foto 2 (Michael Herrschel, Abdruck honorarfrei): Michael Herrschel\u00a0<\/span><\/strong><\/p><p><a href=\"https:\/\/www.region-schwabach.de\/wordpress\/wp-content\/uploads\/2024\/03\/PM26_Ramirez_delamorylamuerte_Foto_cCintia-Barroso.jpg\"><img fetchpriority=\"high\" decoding=\"async\" class=\"aligncenter size-full wp-image-227566\" src=\"https:\/\/www.region-schwabach.de\/wordpress\/wp-content\/uploads\/2024\/03\/PM26_Ramirez_delamorylamuerte_Foto_cCintia-Barroso.jpg\" alt=\"\" width=\"1181\" height=\"1772\" srcset=\"https:\/\/www.region-schwabach.de\/wordpress\/wp-content\/uploads\/2024\/03\/PM26_Ramirez_delamorylamuerte_Foto_cCintia-Barroso.jpg 1181w, https:\/\/www.region-schwabach.de\/wordpress\/wp-content\/uploads\/2024\/03\/PM26_Ramirez_delamorylamuerte_Foto_cCintia-Barroso-200x300.jpg 200w, https:\/\/www.region-schwabach.de\/wordpress\/wp-content\/uploads\/2024\/03\/PM26_Ramirez_delamorylamuerte_Foto_cCintia-Barroso-682x1024.jpg 682w, https:\/\/www.region-schwabach.de\/wordpress\/wp-content\/uploads\/2024\/03\/PM26_Ramirez_delamorylamuerte_Foto_cCintia-Barroso-768x1152.jpg 768w, https:\/\/www.region-schwabach.de\/wordpress\/wp-content\/uploads\/2024\/03\/PM26_Ramirez_delamorylamuerte_Foto_cCintia-Barroso-1024x1536.jpg 1024w\" sizes=\"(max-width: 1181px) 100vw, 1181px\" \/><\/a><\/p><p><a href=\"https:\/\/www.region-schwabach.de\/wordpress\/wp-content\/uploads\/2024\/03\/PM26_Herrschel_kultur_delamorylamuerte_Foto_cMichael-Herrschel.jpg\"><img decoding=\"async\" class=\"aligncenter size-full wp-image-227565\" src=\"https:\/\/www.region-schwabach.de\/wordpress\/wp-content\/uploads\/2024\/03\/PM26_Herrschel_kultur_delamorylamuerte_Foto_cMichael-Herrschel.jpg\" alt=\"\" width=\"923\" height=\"1570\" srcset=\"https:\/\/www.region-schwabach.de\/wordpress\/wp-content\/uploads\/2024\/03\/PM26_Herrschel_kultur_delamorylamuerte_Foto_cMichael-Herrschel.jpg 923w, https:\/\/www.region-schwabach.de\/wordpress\/wp-content\/uploads\/2024\/03\/PM26_Herrschel_kultur_delamorylamuerte_Foto_cMichael-Herrschel-176x300.jpg 176w, https:\/\/www.region-schwabach.de\/wordpress\/wp-content\/uploads\/2024\/03\/PM26_Herrschel_kultur_delamorylamuerte_Foto_cMichael-Herrschel-602x1024.jpg 602w, https:\/\/www.region-schwabach.de\/wordpress\/wp-content\/uploads\/2024\/03\/PM26_Herrschel_kultur_delamorylamuerte_Foto_cMichael-Herrschel-768x1306.jpg 768w, https:\/\/www.region-schwabach.de\/wordpress\/wp-content\/uploads\/2024\/03\/PM26_Herrschel_kultur_delamorylamuerte_Foto_cMichael-Herrschel-903x1536.jpg 903w\" sizes=\"(max-width: 923px) 100vw, 923px\" \/><\/a><\/p><p>\u00a0<\/p>\t\t\t\t\t\t<\/div>\n\t\t\t\t<\/div>\n\t\t\t\t<div class=\"elementor-element elementor-element-2c99766 elementor-widget elementor-widget-google_maps\" data-id=\"2c99766\" data-element_type=\"widget\" data-widget_type=\"google_maps.default\">\n\t\t\t\t<div class=\"elementor-widget-container\">\n\t\t\t\t\t<div class=\"elementor-custom-embed\">\n\t\t\t<iframe loading=\"lazy\"\n\t\t\t\t\tsrc=\"https:\/\/maps.google.com\/maps?q=K%C3%B6nigsplatz%2033a%2C%20Schwabach%2C%20Deutschland&#038;t=m&#038;z=17&#038;output=embed&#038;iwloc=near\"\n\t\t\t\t\ttitle=\"K\u00f6nigsplatz 33a, Schwabach, Deutschland\"\n\t\t\t\t\taria-label=\"K\u00f6nigsplatz 33a, Schwabach, Deutschland\"\n\t\t\t><\/iframe>\n\t\t<\/div>\n\t\t\t\t<\/div>\n\t\t\t\t<\/div>\n\t\t\t\t\t<\/div>\n\t\t<\/div>\n\t\t\t\t<div class=\"elementor-column elementor-col-50 elementor-top-column elementor-element elementor-element-769a326\" data-id=\"769a326\" data-element_type=\"column\">\n\t\t\t<div class=\"elementor-widget-wrap elementor-element-populated\">\n\t\t\t\t\t\t<div class=\"elementor-element elementor-element-0a9e78c elementor-widget elementor-widget-heading\" data-id=\"0a9e78c\" data-element_type=\"widget\" data-widget_type=\"heading.default\">\n\t\t\t\t<div class=\"elementor-widget-container\">\n\t\t\t<h3 class=\"elementor-heading-title elementor-size-default\">Schnell vergleichen und sparen!<\/h3>\t\t<\/div>\n\t\t\t\t<\/div>\n\t\t\t\t<div class=\"elementor-element elementor-element-629e443 elementor-widget elementor-widget-wp-widget-advads_ad_widget\" data-id=\"629e443\" data-element_type=\"widget\" data-widget_type=\"wp-widget-advads_ad_widget.default\">\n\t\t\t\t<div class=\"elementor-widget-container\">\n\t\t\t<div id=\"regio-193604803\"><div class=\"regio-adlabel\">Werbung<\/div><!-- Beginn https:\/\/www.financeads.net\/-Code --><a href=\"https:\/\/www.financeads.net\/tc.php?t=36648C236142529B\" target=\"_blank\"><img decoding=\"async\" src=\"https:\/\/www.financeads.net\/tb.php?t=36648V236142529B&https=1\" alt=\"\" border=\"0\" width=\"300\" height=\"250\"><\/a><!-- Ende https:\/\/www.financeads.net\/-Code --><\/div>\t\t<\/div>\n\t\t\t\t<\/div>\n\t\t\t\t<div class=\"elementor-element elementor-element-31f77ab elementor-widget elementor-widget-wp-widget-advads_ad_widget\" data-id=\"31f77ab\" data-element_type=\"widget\" data-widget_type=\"wp-widget-advads_ad_widget.default\">\n\t\t\t\t<div class=\"elementor-widget-container\">\n\t\t\t<div id=\"regio-3749892451\"><div class=\"regio-adlabel\">Werbung<\/div><!-- Beginn https:\/\/www.financeads.net\/-Code --><a href=\"https:\/\/www.financeads.net\/tc.php?t=36648C42614510B\" target=\"_blank\"><img loading=\"lazy\" decoding=\"async\" src=\"https:\/\/www.financeads.net\/tb.php?t=36648V42614510B&https=1\" alt=\"\" border=\"0\" width=\"200\" height=\"300\"><\/a><!-- Ende https:\/\/www.financeads.net\/-Code --><\/div>\t\t<\/div>\n\t\t\t\t<\/div>\n\t\t\t\t<div class=\"elementor-element elementor-element-24f31c1 elementor-widget elementor-widget-wp-widget-advads_ad_widget\" data-id=\"24f31c1\" data-element_type=\"widget\" data-widget_type=\"wp-widget-advads_ad_widget.default\">\n\t\t\t\t<div class=\"elementor-widget-container\">\n\t\t\t<div id=\"regio-4279273638\"><div class=\"regio-adlabel\">Werbung<\/div><!-- Beginn https:\/\/www.financeads.net\/-Code --><a href=\"https:\/\/www.financeads.net\/tc.php?t=36648C205040072B\" target=\"_blank\"><img loading=\"lazy\" decoding=\"async\" src=\"https:\/\/www.financeads.net\/tb.php?t=36648V205040072B&https=1\" alt=\"\" border=\"0\" width=\"300\" height=\"250\"><\/a><!-- Ende https:\/\/www.financeads.net\/-Code --><\/div>\t\t<\/div>\n\t\t\t\t<\/div>\n\t\t\t\t<div class=\"elementor-element elementor-element-add57cc elementor-widget elementor-widget-wp-widget-advads_ad_widget\" data-id=\"add57cc\" data-element_type=\"widget\" data-widget_type=\"wp-widget-advads_ad_widget.default\">\n\t\t\t\t<div class=\"elementor-widget-container\">\n\t\t\t<div id=\"regio-1367290040\"><div class=\"regio-adlabel\">Werbung<\/div><!-- Beginn https:\/\/www.financeads.net\/-Code --><a href=\"https:\/\/www.financeads.net\/tc.php?t=36648C271460142B\" target=\"_blank\"><img loading=\"lazy\" decoding=\"async\" src=\"https:\/\/www.financeads.net\/tb.php?t=36648V271460142B&https=1\" alt=\"PETPROTECT_Hund&Katze_Banner\" border=\"0\" width=\"250\" height=\"250\"><\/a><!-- Ende https:\/\/www.financeads.net\/-Code --><\/div>\t\t<\/div>\n\t\t\t\t<\/div>\n\t\t\t\t\t<\/div>\n\t\t<\/div>\n\t\t\t\t\t<\/div>\n\t\t<\/section>\n\t\t\t\t<\/div>\n\t\t","protected":false},"excerpt":{"rendered":"<div class=\"mh-excerpt\"><p>Donnerstag, den 7. M\u00e4rz 2024, um 20.00 Uhr:Von der Liebe und vom Tod: Konzert im Schwabacher B\u00fcrgerhaus\u00a0 Schwabach &#8211; Um Liebe und Tod (\u201eDel amor y de la muerte\u201c) geht es in einem Konzert mit <a class=\"mh-excerpt-more\" href=\"https:\/\/www.region-schwabach.de\/wordpress\/konzert-del-amor-y-muerte-mit-fidel-ramirez-und-michael-herrschel-am-donnerstag-den-7-marz-2024-im-burgerhaus\/\" title=\"Konzert \u201eDel amor y muerte\u201c mit Fidel Ramirez und Michael Herrschel am Donnerstag, den 7. M\u00e4rz 2024 im B\u00fcrgerhaus\">[&#8230;]<\/a><\/p>\n<\/div>","protected":false},"author":1,"featured_media":227562,"comment_status":"open","ping_status":"open","sticky":false,"template":"","format":"standard","meta":{"_cbd_carousel_blocks":"[]","footnotes":""},"categories":[16,287,61,231,140],"tags":[24759,24763,24764,3604,24761,24762,522,3128,19,9450,3151,24760],"class_list":{"0":"post-227561","1":"post","2":"type-post","3":"status-publish","4":"format-standard","5":"has-post-thumbnail","7":"category-aktuell","8":"category-jugend-und-familie","9":"category-rathaus","10":"category-veranstaltungsnews","11":"category-vereine","12":"tag-del-amor-y-muerte","13":"tag-07-03-2024","14":"tag-7-maerz-2024","15":"tag-buergerhaus","16":"tag-fidel-ramirez-gitarre","17":"tag-herrschel-erzaehler","18":"tag-koenigsplatz","19":"tag-konzert","20":"tag-schwabach","21":"tag-seminarstrasse","22":"tag-stadt-schwabach","23":"tag-von-der-liebe-und-vom-tod"},"_links":{"self":[{"href":"https:\/\/www.region-schwabach.de\/wordpress\/wp-json\/wp\/v2\/posts\/227561","targetHints":{"allow":["GET"]}}],"collection":[{"href":"https:\/\/www.region-schwabach.de\/wordpress\/wp-json\/wp\/v2\/posts"}],"about":[{"href":"https:\/\/www.region-schwabach.de\/wordpress\/wp-json\/wp\/v2\/types\/post"}],"author":[{"embeddable":true,"href":"https:\/\/www.region-schwabach.de\/wordpress\/wp-json\/wp\/v2\/users\/1"}],"replies":[{"embeddable":true,"href":"https:\/\/www.region-schwabach.de\/wordpress\/wp-json\/wp\/v2\/comments?post=227561"}],"version-history":[{"count":0,"href":"https:\/\/www.region-schwabach.de\/wordpress\/wp-json\/wp\/v2\/posts\/227561\/revisions"}],"wp:featuredmedia":[{"embeddable":true,"href":"https:\/\/www.region-schwabach.de\/wordpress\/wp-json\/wp\/v2\/media\/227562"}],"wp:attachment":[{"href":"https:\/\/www.region-schwabach.de\/wordpress\/wp-json\/wp\/v2\/media?parent=227561"}],"wp:term":[{"taxonomy":"category","embeddable":true,"href":"https:\/\/www.region-schwabach.de\/wordpress\/wp-json\/wp\/v2\/categories?post=227561"},{"taxonomy":"post_tag","embeddable":true,"href":"https:\/\/www.region-schwabach.de\/wordpress\/wp-json\/wp\/v2\/tags?post=227561"}],"curies":[{"name":"wp","href":"https:\/\/api.w.org\/{rel}","templated":true}]}}