{"id":227638,"date":"2024-03-08T01:15:00","date_gmt":"2024-03-08T00:15:00","guid":{"rendered":"https:\/\/www.region-schwabach.de\/wordpress\/?p=227638"},"modified":"2024-03-08T00:05:43","modified_gmt":"2024-03-07T23:05:43","slug":"konzert-mit-grandessa-am-freitag-den-8-marz-2024-im-kunst-und-kulturcafe-evis-auszeit","status":"publish","type":"post","link":"https:\/\/www.region-schwabach.de\/wordpress\/konzert-mit-grandessa-am-freitag-den-8-marz-2024-im-kunst-und-kulturcafe-evis-auszeit\/","title":{"rendered":"Konzert mit Grandessa am Freitag, den 8. M\u00e4rz 2024, im Kunst- und Kulturcaf\u00e9 Evis Auszeit"},"content":{"rendered":"\t\t<div data-elementor-type=\"wp-post\" data-elementor-id=\"227638\" class=\"elementor elementor-227638\">\n\t\t\t\t\t\t<section class=\"elementor-section elementor-top-section elementor-element elementor-element-678181b elementor-section-boxed elementor-section-height-default elementor-section-height-default\" data-id=\"678181b\" data-element_type=\"section\">\n\t\t\t\t\t\t<div class=\"elementor-container elementor-column-gap-default\">\n\t\t\t\t\t<div class=\"elementor-column elementor-col-50 elementor-top-column elementor-element elementor-element-6b34026\" data-id=\"6b34026\" data-element_type=\"column\">\n\t\t\t<div class=\"elementor-widget-wrap elementor-element-populated\">\n\t\t\t\t\t\t<div class=\"elementor-element elementor-element-5d1b797 elementor-widget elementor-widget-wp-widget-advads_ad_widget\" data-id=\"5d1b797\" data-element_type=\"widget\" data-widget_type=\"wp-widget-advads_ad_widget.default\">\n\t\t\t\t<div class=\"elementor-widget-container\">\n\t\t\t<div id=\"regio-1028938475\"><div class=\"regio-adlabel\">Werbung<\/div><center><a href=\"https:\/\/a.partner-versicherung.de\/click.php?partner_id=19992&ad_id=1578&deep=kreditkarten\"  target=\"_blank\"><img decoding=\"async\" src=\"https:\/\/a.partner-versicherung.de\/view.php?partner_id=19992&ad_id=1578\" ><\/a><\/center><\/div>\t\t<\/div>\n\t\t\t\t<\/div>\n\t\t\t\t<div class=\"elementor-element elementor-element-443ab98 elementor-widget elementor-widget-text-editor\" data-id=\"443ab98\" data-element_type=\"widget\" data-widget_type=\"text-editor.default\">\n\t\t\t\t<div class=\"elementor-widget-container\">\n\t\t\t\t\t\t\t<h3><span id=\"page37R_mcid22\" class=\"markedContent\"><span dir=\"ltr\" role=\"presentation\">Freitag, den 8. M\u00e4rz 2024, um 19.00 Uhr:<\/span><\/span><span id=\"undefined\" class=\"markedContent\"><\/span><span id=\"page37R_mcid11\" class=\"markedContent\"><\/span><span id=\"page37R_mcid12\" class=\"markedContent\"><br role=\"presentation\" \/><span id=\"page35R_mcid11\" class=\"markedContent\"><span dir=\"ltr\" role=\"presentation\">Konzert mit Grandessa im Kunst- und Kulturcafe Evis Auszeit<span style=\"font-size: 16px;\">\u00a0<\/span><\/span><\/span><br \/><\/span><\/h3><p><span style=\"font-size: 12pt;\">Schwabach &#8211; Am Freitag, den 8. M\u00e4rz 2024, wird das Publikum auf ein breites Musikspektrum, einer erlesenen Auswahl an Werken traditioneller und zeitgen\u00f6ssischer Kompositionen mit dem Quintett Grandessa treffen. Um 19.00 Uhr beginnt das Konzert im Kunst- und Kulturcaf\u00e9 Evis Auszeit.\u00a0<\/span><\/p><p>Weltmusik pur, bei der Gitarre, Violine, Akkordeon, Clarinette, Kontrabass und Percussion zu einer homogenen Einheit verschmelzen und einen einzigartigen Sound entstehen lassen: unplugged, rein akustisch, stilecht!\u00a0<\/p><p><span style=\"font-size: 12pt;\">Das Repertoire von Grandessa reicht von altem Jazz \u00fcber Gypsy-Swing \u00e1 la Django Reinhardt, von s\u00fcdosteurop\u00e4ischer Folkore bis Klezmermusik, von Valse Musette und Tango bis hin zu Chansons und internationaler Salonmusik, gespielt mit gro\u00dfer Sensibilit\u00e4t, vornehmer Zur\u00fcckhaltung und beachtlicher Virtuosit\u00e4t. <\/span><\/p><p><span style=\"font-size: 12pt;\">Erweitert wird das Programm mit eigenen Kompositionen, die sich bei den genannten Stilen bedienen, und diese kr\u00e4ftig durchmischen. Kennzeichnend f\u00fcr Grandessa sind absolut eigenst\u00e4ndige und sehr pers\u00f6nliche Interpretationen von Musikst\u00fccken, herrliche Improvisationen und eine vielf\u00e4ltige Auswahl an Musiktiteln.\u00a0<\/span><\/p><p><span style=\"font-size: 12pt;\">Der Eintritt ist frei, um gro\u00dfz\u00fcgige Spenden f\u00fcr die K\u00fcnstler wird gebeten.\u00a0<\/span><\/p>\t\t\t\t\t\t<\/div>\n\t\t\t\t<\/div>\n\t\t\t\t<div class=\"elementor-element elementor-element-2c99766 elementor-widget elementor-widget-google_maps\" data-id=\"2c99766\" data-element_type=\"widget\" data-widget_type=\"google_maps.default\">\n\t\t\t\t<div class=\"elementor-widget-container\">\n\t\t\t\t\t<div class=\"elementor-custom-embed\">\n\t\t\t<iframe loading=\"lazy\"\n\t\t\t\t\tsrc=\"https:\/\/maps.google.com\/maps?q=Friedrichstra%C3%9Fe%2019%2C%20Schwabach%2C%20Deutschland&#038;t=m&#038;z=17&#038;output=embed&#038;iwloc=near\"\n\t\t\t\t\ttitle=\"Friedrichstra\u00dfe 19, Schwabach, Deutschland\"\n\t\t\t\t\taria-label=\"Friedrichstra\u00dfe 19, Schwabach, Deutschland\"\n\t\t\t><\/iframe>\n\t\t<\/div>\n\t\t\t\t<\/div>\n\t\t\t\t<\/div>\n\t\t\t\t\t<\/div>\n\t\t<\/div>\n\t\t\t\t<div class=\"elementor-column elementor-col-50 elementor-top-column elementor-element elementor-element-769a326\" data-id=\"769a326\" data-element_type=\"column\">\n\t\t\t<div class=\"elementor-widget-wrap elementor-element-populated\">\n\t\t\t\t\t\t<div class=\"elementor-element elementor-element-0a9e78c elementor-widget elementor-widget-heading\" data-id=\"0a9e78c\" data-element_type=\"widget\" data-widget_type=\"heading.default\">\n\t\t\t\t<div class=\"elementor-widget-container\">\n\t\t\t<h3 class=\"elementor-heading-title elementor-size-default\">Schnell vergleichen und sparen!<\/h3>\t\t<\/div>\n\t\t\t\t<\/div>\n\t\t\t\t<div class=\"elementor-element elementor-element-629e443 elementor-widget elementor-widget-wp-widget-advads_ad_widget\" data-id=\"629e443\" data-element_type=\"widget\" data-widget_type=\"wp-widget-advads_ad_widget.default\">\n\t\t\t\t<div class=\"elementor-widget-container\">\n\t\t\t<div id=\"regio-1697829983\"><div class=\"regio-adlabel\">Werbung<\/div><!-- Beginn https:\/\/www.financeads.net\/-Code --><a href=\"https:\/\/www.financeads.net\/tc.php?t=36648C236142529B\" target=\"_blank\"><img fetchpriority=\"high\" decoding=\"async\" src=\"https:\/\/www.financeads.net\/tb.php?t=36648V236142529B&https=1\" alt=\"\" border=\"0\" width=\"300\" height=\"250\"><\/a><!-- Ende https:\/\/www.financeads.net\/-Code --><\/div>\t\t<\/div>\n\t\t\t\t<\/div>\n\t\t\t\t<div class=\"elementor-element elementor-element-31f77ab elementor-widget elementor-widget-wp-widget-advads_ad_widget\" data-id=\"31f77ab\" data-element_type=\"widget\" data-widget_type=\"wp-widget-advads_ad_widget.default\">\n\t\t\t\t<div class=\"elementor-widget-container\">\n\t\t\t<div id=\"regio-661663915\"><div class=\"regio-adlabel\">Werbung<\/div><!-- Beginn https:\/\/www.financeads.net\/-Code --><a href=\"https:\/\/www.financeads.net\/tc.php?t=36648C42614510B\" target=\"_blank\"><img decoding=\"async\" src=\"https:\/\/www.financeads.net\/tb.php?t=36648V42614510B&https=1\" alt=\"\" border=\"0\" width=\"200\" height=\"300\"><\/a><!-- Ende https:\/\/www.financeads.net\/-Code --><\/div>\t\t<\/div>\n\t\t\t\t<\/div>\n\t\t\t\t<div class=\"elementor-element elementor-element-24f31c1 elementor-widget elementor-widget-wp-widget-advads_ad_widget\" data-id=\"24f31c1\" data-element_type=\"widget\" data-widget_type=\"wp-widget-advads_ad_widget.default\">\n\t\t\t\t<div class=\"elementor-widget-container\">\n\t\t\t<div id=\"regio-2515165875\"><div class=\"regio-adlabel\">Werbung<\/div><!-- Beginn https:\/\/www.financeads.net\/-Code --><a href=\"https:\/\/www.financeads.net\/tc.php?t=36648C205040072B\" target=\"_blank\"><img decoding=\"async\" src=\"https:\/\/www.financeads.net\/tb.php?t=36648V205040072B&https=1\" alt=\"\" border=\"0\" width=\"300\" height=\"250\"><\/a><!-- Ende https:\/\/www.financeads.net\/-Code --><\/div>\t\t<\/div>\n\t\t\t\t<\/div>\n\t\t\t\t<div class=\"elementor-element elementor-element-add57cc elementor-widget elementor-widget-wp-widget-advads_ad_widget\" data-id=\"add57cc\" data-element_type=\"widget\" data-widget_type=\"wp-widget-advads_ad_widget.default\">\n\t\t\t\t<div class=\"elementor-widget-container\">\n\t\t\t<div id=\"regio-1727078144\"><div class=\"regio-adlabel\">Werbung<\/div><!-- Beginn https:\/\/www.financeads.net\/-Code --><a href=\"https:\/\/www.financeads.net\/tc.php?t=36648C271460142B\" target=\"_blank\"><img loading=\"lazy\" decoding=\"async\" src=\"https:\/\/www.financeads.net\/tb.php?t=36648V271460142B&https=1\" alt=\"PETPROTECT_Hund&Katze_Banner\" border=\"0\" width=\"250\" height=\"250\"><\/a><!-- Ende https:\/\/www.financeads.net\/-Code --><\/div>\t\t<\/div>\n\t\t\t\t<\/div>\n\t\t\t\t\t<\/div>\n\t\t<\/div>\n\t\t\t\t\t<\/div>\n\t\t<\/section>\n\t\t\t\t<\/div>\n\t\t","protected":false},"excerpt":{"rendered":"<div class=\"mh-excerpt\"><p>Freitag, den 8. M\u00e4rz 2024, um 19.00 Uhr:Konzert mit Grandessa im Kunst- und Kulturcafe Evis Auszeit\u00a0 Schwabach &#8211; Am Freitag, den 8. M\u00e4rz 2024, wird das Publikum auf ein breites Musikspektrum, einer erlesenen Auswahl an <a class=\"mh-excerpt-more\" href=\"https:\/\/www.region-schwabach.de\/wordpress\/konzert-mit-grandessa-am-freitag-den-8-marz-2024-im-kunst-und-kulturcafe-evis-auszeit\/\" title=\"Konzert mit Grandessa am Freitag, den 8. M\u00e4rz 2024, im Kunst- und Kulturcaf\u00e9 Evis Auszeit\">[&#8230;]<\/a><\/p>\n<\/div>","protected":false},"author":1,"featured_media":227639,"comment_status":"open","ping_status":"open","sticky":false,"template":"","format":"standard","meta":{"_cbd_carousel_blocks":"[]","footnotes":""},"categories":[16,287,61,231,140],"tags":[24768,24769,8642,1054,24772,522,3128,24773,24774,19,3151],"class_list":{"0":"post-227638","1":"post","2":"type-post","3":"status-publish","4":"format-standard","5":"has-post-thumbnail","7":"category-aktuell","8":"category-jugend-und-familie","9":"category-rathaus","10":"category-veranstaltungsnews","11":"category-vereine","12":"tag-08-03-2024","13":"tag-8-maerz-2024","14":"tag-evis-auszeit-2","15":"tag-friedrichstrasse","16":"tag-grandessa","17":"tag-koenigsplatz","18":"tag-konzert","19":"tag-kunst-und-kulturcafe","20":"tag-quintett","21":"tag-schwabach","22":"tag-stadt-schwabach"},"_links":{"self":[{"href":"https:\/\/www.region-schwabach.de\/wordpress\/wp-json\/wp\/v2\/posts\/227638","targetHints":{"allow":["GET"]}}],"collection":[{"href":"https:\/\/www.region-schwabach.de\/wordpress\/wp-json\/wp\/v2\/posts"}],"about":[{"href":"https:\/\/www.region-schwabach.de\/wordpress\/wp-json\/wp\/v2\/types\/post"}],"author":[{"embeddable":true,"href":"https:\/\/www.region-schwabach.de\/wordpress\/wp-json\/wp\/v2\/users\/1"}],"replies":[{"embeddable":true,"href":"https:\/\/www.region-schwabach.de\/wordpress\/wp-json\/wp\/v2\/comments?post=227638"}],"version-history":[{"count":0,"href":"https:\/\/www.region-schwabach.de\/wordpress\/wp-json\/wp\/v2\/posts\/227638\/revisions"}],"wp:featuredmedia":[{"embeddable":true,"href":"https:\/\/www.region-schwabach.de\/wordpress\/wp-json\/wp\/v2\/media\/227639"}],"wp:attachment":[{"href":"https:\/\/www.region-schwabach.de\/wordpress\/wp-json\/wp\/v2\/media?parent=227638"}],"wp:term":[{"taxonomy":"category","embeddable":true,"href":"https:\/\/www.region-schwabach.de\/wordpress\/wp-json\/wp\/v2\/categories?post=227638"},{"taxonomy":"post_tag","embeddable":true,"href":"https:\/\/www.region-schwabach.de\/wordpress\/wp-json\/wp\/v2\/tags?post=227638"}],"curies":[{"name":"wp","href":"https:\/\/api.w.org\/{rel}","templated":true}]}}