{"id":227740,"date":"2024-03-09T01:15:00","date_gmt":"2024-03-09T00:15:00","guid":{"rendered":"https:\/\/www.region-schwabach.de\/wordpress\/?p=227740"},"modified":"2024-03-08T23:59:17","modified_gmt":"2024-03-08T22:59:17","slug":"june-coco-live-am-flugel-am-samstag-den-9-marz-2024-im-burgerhaus-in-schwabach","status":"publish","type":"post","link":"https:\/\/www.region-schwabach.de\/wordpress\/june-coco-live-am-flugel-am-samstag-den-9-marz-2024-im-burgerhaus-in-schwabach\/","title":{"rendered":"JUNE COC\u00d3 &#8211; LIVE AM FL\u00dcGEL &#8211; am Samstag, den 9. M\u00e4rz 2024, im B\u00fcrgerhaus in Schwabach"},"content":{"rendered":"\t\t<div data-elementor-type=\"wp-post\" data-elementor-id=\"227740\" class=\"elementor elementor-227740\">\n\t\t\t\t\t\t<section class=\"elementor-section elementor-top-section elementor-element elementor-element-tlus4ia elementor-section-boxed elementor-section-height-default elementor-section-height-default\" data-id=\"tlus4ia\" data-element_type=\"section\">\n\t\t\t\t\t\t<div class=\"elementor-container elementor-column-gap-default\">\n\t\t\t\t\t<div class=\"elementor-column elementor-col-66 elementor-top-column elementor-element elementor-element-sphcucl\" data-id=\"sphcucl\" data-element_type=\"column\">\n\t\t\t<div class=\"elementor-widget-wrap elementor-element-populated\">\n\t\t\t\t\t\t<div class=\"elementor-element elementor-element-3d342ff elementor-widget elementor-widget-wp-widget-advads_ad_widget\" data-id=\"3d342ff\" data-element_type=\"widget\" data-widget_type=\"wp-widget-advads_ad_widget.default\">\n\t\t\t\t<div class=\"elementor-widget-container\">\n\t\t\t<div id=\"regio-3127351382\"><div class=\"regio-adlabel\">Werbung<\/div><center><a href=\"https:\/\/a.partner-versicherung.de\/click.php?partner_id=19992&ad_id=1578&deep=kreditkarten\"  target=\"_blank\"><img decoding=\"async\" src=\"https:\/\/a.partner-versicherung.de\/view.php?partner_id=19992&ad_id=1578\" ><\/a><\/center><\/div>\t\t<\/div>\n\t\t\t\t<\/div>\n\t\t\t\t<div class=\"elementor-element elementor-element-4f2h2af elementor-widget elementor-widget-text-editor\" data-id=\"4f2h2af\" data-element_type=\"widget\" data-widget_type=\"text-editor.default\">\n\t\t\t\t<div class=\"elementor-widget-container\">\n\t\t\t\t\t\t\t<h3 class=\"entry-title\">Samstag, den 9. M\u00e4rz 2024, um 19.30 Uhr im B\u00fcrgerhaus am K\u00f6nigsplatz in Schwabach\u00a0<br \/>JUNE COC\u00d3 &#8211; LIVE AM FL\u00dcGEL\u00a0<br \/>Pianopop mit S\u00e4ngerin, Pianistin &amp; Songwritering June Coc\u00f3\u00a0<\/h3><p><span style=\"font-size: 12pt;\">Schwabach &#8211; Die ganz besondere Superpower dieser \u00e4u\u00dferst charismatischen K\u00fcnstlerin ist es definitiv, die Menschen mit ihrer Musik aufzuladen. Mit Songs, die durchstr\u00f6mt sind von feinsinniger Euphorie. Live am Klavier kreiert sie ihr ganz eigenes Klanguniversum, ihr Publikum ist gebannt.\u00a0<\/span><\/p><p><span style=\"font-size: 12pt;\">Vergleiche sind wenn dann in der gro\u00dfen Avantgarde des Pop zu finden. Sei es mit der grandiosen Innovateurin Kate Bush oder den freudvollen Stilmixturen einer Florence Welch.\u00a0<\/span><\/p><p><span style=\"font-size: 12pt;\">Seit sie sich als Kind in das Klavierspielen verliebte, ist June Coc\u00f3 eine Suchende. Sie studierte Tanz,Schauspiel, Gesang und Musik.\u00a0<\/span><\/p><p><span style=\"font-size: 12pt;\">Hin zu der beeindruckenden K\u00fcnstlerinnenpers\u00f6nlichkeit, die sie heute ist. Mond\u00e4n und traumversunken, gewitzt und aufregend. Dass sie als singende Hotel-Pianistin in Leipzig auch Stars wie Udo Lindenberg und George Clooney begeisterte &#8211; sch\u00f6n. Aber June Coc\u00f3 lebt nicht f\u00fcr den schnellen Fame, sondern f\u00fcr die nachhaltige Verbindung mit ihrem Publikum.\u00a0<br \/><\/span><\/p><p><span style=\"font-size: 12pt;\">Ihre Fans reichen mittlerweile von Frankreich bis Japan, wohin sie ihre \u201eThe Spark Tour 2024&#8243; unter anderem hinf\u00fchren wird.Konzerte von June Coc\u00f3 sind schlichtweg gro\u00dfartige Verwandlungen.Wie sie mit wenigen Akkorden am Piano eine enorm ber\u00fchrende Intimit\u00e4t herstellt. Und wie sie ihre facettenreiche Stimme dann in Sound und Emotionen mit Loop-Station und elektronischen Effekten ins Orchestrale \u00fcberf\u00fchrt.\u00a0<\/span><\/p><p><span style=\"font-size: 12pt;\">Am 9. M\u00e4rz kehrt die Preistr\u00e4gerin des &#8222;Kulturmeters 2023&#8220; f\u00fcr ein Konzert wieder in ihre Heimatstadt zur\u00fcck und gibt ein exklusives Solokonzert am Fl\u00fcgel des B\u00fcrgerhauses.\u00a0<\/span><\/p><p><span style=\"font-size: 12pt;\">VVK: 21.00 \u20ac AK 24.00 \u20ac\u00a0<\/span><br \/><span style=\"font-size: 12pt;\">TICKETS &amp; INFORMATIONEN unter <a href=\"http:\/\/www.junecoco.de\" target=\"_blank\" rel=\"noopener\">www.junecoco.de<\/a> und in der Buchhandlung Lesezeichen, K\u00f6nigsplatz 29, Tel. 091 22 &#8211; 29 19, und in &#8222;Das Caf\u00e9&#8220;, K\u00f6nigsplatz 14, Tel. 091 22 &#8211; 37 00<\/span><\/p><h3>Info<\/h3><p><span style=\"font-size: 12pt;\">Los geht&#8217;s um 19.30 Uhr im B\u00fcrgerhaus am K\u00f6nigsplatz 33A in Schwabach.\u00a0<\/span><\/p><h3>Weiterf\u00fchrende Links<\/h3><p><span style=\"font-size: 12pt;\"><a href=\"https:\/\/junecoco.de\/\" target=\"_blank\" rel=\"noopener\">Weitere Infos zu diesem Konzert gibt es hier &#8230;<\/a>\u00a0<\/span><\/p>\t\t\t\t\t\t<\/div>\n\t\t\t\t<\/div>\n\t\t\t\t<div class=\"elementor-element elementor-element-25178bb elementor-widget elementor-widget-shortcode\" data-id=\"25178bb\" data-element_type=\"widget\" data-widget_type=\"shortcode.default\">\n\t\t\t\t<div class=\"elementor-widget-container\">\n\t\t\t\t\t<div class=\"elementor-shortcode\"><center><a href=\"https:\/\/a.partner-versicherung.de\/click.php?partner_id=19992&ad_id=441&deep=kfz-versicherung\"  target=\"_blank\"><img decoding=\"async\" src=\"https:\/\/a.partner-versicherung.de\/view.php?partner_id=19992&ad_id=441\" ><\/a><\/center><\/div>\n\t\t\t\t<\/div>\n\t\t\t\t<\/div>\n\t\t\t\t<div class=\"elementor-element elementor-element-772dde2 elementor-widget-divider--view-line elementor-widget elementor-widget-divider\" data-id=\"772dde2\" data-element_type=\"widget\" data-widget_type=\"divider.default\">\n\t\t\t\t<div class=\"elementor-widget-container\">\n\t\t\t\t\t<div class=\"elementor-divider\">\n\t\t\t<span class=\"elementor-divider-separator\">\n\t\t\t\t\t\t<\/span>\n\t\t<\/div>\n\t\t\t\t<\/div>\n\t\t\t\t<\/div>\n\t\t\t\t<div class=\"elementor-element elementor-element-39c5f74 elementor-widget elementor-widget-google_maps\" data-id=\"39c5f74\" data-element_type=\"widget\" data-widget_type=\"google_maps.default\">\n\t\t\t\t<div class=\"elementor-widget-container\">\n\t\t\t\t\t<div class=\"elementor-custom-embed\">\n\t\t\t<iframe loading=\"lazy\"\n\t\t\t\t\tsrc=\"https:\/\/maps.google.com\/maps?q=K%C3%B6nigsplatz%2033A%2C%20Schwabach%2C%20Deutschland&#038;t=m&#038;z=17&#038;output=embed&#038;iwloc=near\"\n\t\t\t\t\ttitle=\"K\u00f6nigsplatz 33A, Schwabach, Deutschland\"\n\t\t\t\t\taria-label=\"K\u00f6nigsplatz 33A, Schwabach, Deutschland\"\n\t\t\t><\/iframe>\n\t\t<\/div>\n\t\t\t\t<\/div>\n\t\t\t\t<\/div>\n\t\t\t\t\t<\/div>\n\t\t<\/div>\n\t\t\t\t<div class=\"elementor-column elementor-col-33 elementor-top-column elementor-element elementor-element-flkv3o5\" data-id=\"flkv3o5\" data-element_type=\"column\">\n\t\t\t<div class=\"elementor-widget-wrap elementor-element-populated\">\n\t\t\t\t\t\t<div class=\"elementor-element elementor-element-084537c elementor-widget elementor-widget-heading\" data-id=\"084537c\" data-element_type=\"widget\" data-widget_type=\"heading.default\">\n\t\t\t\t<div class=\"elementor-widget-container\">\n\t\t\t<h3 class=\"elementor-heading-title elementor-size-default\">Schnell vergleichen und sparen!<\/h3>\t\t<\/div>\n\t\t\t\t<\/div>\n\t\t\t\t<div class=\"elementor-element elementor-element-419e16d elementor-widget elementor-widget-wp-widget-advads_ad_widget\" data-id=\"419e16d\" data-element_type=\"widget\" data-widget_type=\"wp-widget-advads_ad_widget.default\">\n\t\t\t\t<div class=\"elementor-widget-container\">\n\t\t\t<div id=\"regio-2097644675\"><div class=\"regio-adlabel\">Werbung<\/div><!-- Beginn https:\/\/www.financeads.net\/-Code --><a href=\"https:\/\/www.financeads.net\/tc.php?t=36648C236142529B\" target=\"_blank\"><img fetchpriority=\"high\" decoding=\"async\" src=\"https:\/\/www.financeads.net\/tb.php?t=36648V236142529B&https=1\" alt=\"\" border=\"0\" width=\"300\" height=\"250\"><\/a><!-- Ende https:\/\/www.financeads.net\/-Code --><\/div>\t\t<\/div>\n\t\t\t\t<\/div>\n\t\t\t\t<div class=\"elementor-element elementor-element-8dd8349 elementor-widget elementor-widget-wp-widget-advads_ad_widget\" data-id=\"8dd8349\" data-element_type=\"widget\" data-widget_type=\"wp-widget-advads_ad_widget.default\">\n\t\t\t\t<div class=\"elementor-widget-container\">\n\t\t\t<div id=\"regio-4028694972\"><div class=\"regio-adlabel\">Werbung<\/div><!-- Beginn https:\/\/www.financeads.net\/-Code --><a href=\"https:\/\/www.financeads.net\/tc.php?t=36648C42614510B\" target=\"_blank\"><img decoding=\"async\" src=\"https:\/\/www.financeads.net\/tb.php?t=36648V42614510B&https=1\" alt=\"\" border=\"0\" width=\"200\" height=\"300\"><\/a><!-- Ende https:\/\/www.financeads.net\/-Code --><\/div>\t\t<\/div>\n\t\t\t\t<\/div>\n\t\t\t\t<div class=\"elementor-element elementor-element-df81495 elementor-widget elementor-widget-wp-widget-advads_ad_widget\" data-id=\"df81495\" data-element_type=\"widget\" data-widget_type=\"wp-widget-advads_ad_widget.default\">\n\t\t\t\t<div class=\"elementor-widget-container\">\n\t\t\t<div id=\"regio-572988782\"><div class=\"regio-adlabel\">Werbung<\/div><!-- Beginn https:\/\/www.financeads.net\/-Code --><a href=\"https:\/\/www.financeads.net\/tc.php?t=36648C205040072B\" target=\"_blank\"><img decoding=\"async\" src=\"https:\/\/www.financeads.net\/tb.php?t=36648V205040072B&https=1\" alt=\"\" border=\"0\" width=\"300\" height=\"250\"><\/a><!-- Ende https:\/\/www.financeads.net\/-Code --><\/div>\t\t<\/div>\n\t\t\t\t<\/div>\n\t\t\t\t<div class=\"elementor-element elementor-element-fb2366f elementor-widget elementor-widget-wp-widget-advads_ad_widget\" data-id=\"fb2366f\" data-element_type=\"widget\" data-widget_type=\"wp-widget-advads_ad_widget.default\">\n\t\t\t\t<div class=\"elementor-widget-container\">\n\t\t\t<div id=\"regio-906281583\"><div class=\"regio-adlabel\">Werbung<\/div><!-- Beginn https:\/\/www.financeads.net\/-Code --><a href=\"https:\/\/www.financeads.net\/tc.php?t=36648C271460142B\" target=\"_blank\"><img loading=\"lazy\" decoding=\"async\" src=\"https:\/\/www.financeads.net\/tb.php?t=36648V271460142B&https=1\" alt=\"PETPROTECT_Hund&Katze_Banner\" border=\"0\" width=\"250\" height=\"250\"><\/a><!-- Ende https:\/\/www.financeads.net\/-Code --><\/div>\t\t<\/div>\n\t\t\t\t<\/div>\n\t\t\t\t\t<\/div>\n\t\t<\/div>\n\t\t\t\t\t<\/div>\n\t\t<\/section>\n\t\t\t\t<\/div>\n\t\t","protected":false},"excerpt":{"rendered":"<div class=\"mh-excerpt\"><p>Samstag, den 9. M\u00e4rz 2024, um 19.30 Uhr im B\u00fcrgerhaus am K\u00f6nigsplatz in Schwabach\u00a0JUNE COC\u00d3 &#8211; LIVE AM FL\u00dcGEL\u00a0Pianopop mit S\u00e4ngerin, Pianistin &amp; Songwritering June Coc\u00f3\u00a0 Schwabach &#8211; Die ganz besondere Superpower dieser \u00e4u\u00dferst charismatischen <a class=\"mh-excerpt-more\" href=\"https:\/\/www.region-schwabach.de\/wordpress\/june-coco-live-am-flugel-am-samstag-den-9-marz-2024-im-burgerhaus-in-schwabach\/\" title=\"JUNE COC\u00d3 &#8211; LIVE AM FL\u00dcGEL &#8211; am Samstag, den 9. M\u00e4rz 2024, im B\u00fcrgerhaus in Schwabach\">[&#8230;]<\/a><\/p>\n<\/div>","protected":false},"author":1,"featured_media":227742,"comment_status":"open","ping_status":"open","sticky":false,"template":"","format":"standard","meta":{"_cbd_carousel_blocks":"[]","footnotes":""},"categories":[16,287,231],"tags":[24793,24794,24796,3128,24797,2029,2028,24037,24798,19010,19,24799],"class_list":{"0":"post-227740","1":"post","2":"type-post","3":"status-publish","4":"format-standard","5":"has-post-thumbnail","7":"category-aktuell","8":"category-jugend-und-familie","9":"category-veranstaltungsnews","10":"tag-09-03-2024","11":"tag-9-maerz-2024","12":"tag-june-coco","13":"tag-konzert","14":"tag-live-am-fluegel","15":"tag-ludwigstrasse","16":"tag-markgrafensaal","17":"tag-pianistin","18":"tag-pianopop","19":"tag-saengerin","20":"tag-schwabach","21":"tag-songwriterin"},"_links":{"self":[{"href":"https:\/\/www.region-schwabach.de\/wordpress\/wp-json\/wp\/v2\/posts\/227740","targetHints":{"allow":["GET"]}}],"collection":[{"href":"https:\/\/www.region-schwabach.de\/wordpress\/wp-json\/wp\/v2\/posts"}],"about":[{"href":"https:\/\/www.region-schwabach.de\/wordpress\/wp-json\/wp\/v2\/types\/post"}],"author":[{"embeddable":true,"href":"https:\/\/www.region-schwabach.de\/wordpress\/wp-json\/wp\/v2\/users\/1"}],"replies":[{"embeddable":true,"href":"https:\/\/www.region-schwabach.de\/wordpress\/wp-json\/wp\/v2\/comments?post=227740"}],"version-history":[{"count":0,"href":"https:\/\/www.region-schwabach.de\/wordpress\/wp-json\/wp\/v2\/posts\/227740\/revisions"}],"wp:featuredmedia":[{"embeddable":true,"href":"https:\/\/www.region-schwabach.de\/wordpress\/wp-json\/wp\/v2\/media\/227742"}],"wp:attachment":[{"href":"https:\/\/www.region-schwabach.de\/wordpress\/wp-json\/wp\/v2\/media?parent=227740"}],"wp:term":[{"taxonomy":"category","embeddable":true,"href":"https:\/\/www.region-schwabach.de\/wordpress\/wp-json\/wp\/v2\/categories?post=227740"},{"taxonomy":"post_tag","embeddable":true,"href":"https:\/\/www.region-schwabach.de\/wordpress\/wp-json\/wp\/v2\/tags?post=227740"}],"curies":[{"name":"wp","href":"https:\/\/api.w.org\/{rel}","templated":true}]}}