{"id":228137,"date":"2024-03-13T01:00:00","date_gmt":"2024-03-13T00:00:00","guid":{"rendered":"https:\/\/www.region-schwabach.de\/wordpress\/?p=228137"},"modified":"2024-03-13T02:09:18","modified_gmt":"2024-03-13T01:09:18","slug":"forum-burgerstiftung-klimaverlierer-afrika-krise-mit-ansage-am-mittwoch-den-13-marz-2024-im-adam-kraft-gymnasium","status":"publish","type":"post","link":"https:\/\/www.region-schwabach.de\/wordpress\/forum-burgerstiftung-klimaverlierer-afrika-krise-mit-ansage-am-mittwoch-den-13-marz-2024-im-adam-kraft-gymnasium\/","title":{"rendered":"Forum B\u00fcrgerstiftung: \u201eKlimaverlierer Afrika &#8211; Krise mit Ansage&#8220; am Mittwoch, den 13. M\u00e4rz 2024, im Adam-Kraft-Gymnasium"},"content":{"rendered":"\t\t<div data-elementor-type=\"wp-post\" data-elementor-id=\"228137\" class=\"elementor elementor-228137\">\n\t\t\t\t\t\t<section class=\"elementor-section elementor-top-section elementor-element elementor-element-e04de7f elementor-section-boxed elementor-section-height-default elementor-section-height-default\" data-id=\"e04de7f\" data-element_type=\"section\">\n\t\t\t\t\t\t<div class=\"elementor-container elementor-column-gap-default\">\n\t\t\t\t\t<div class=\"elementor-column elementor-col-50 elementor-top-column elementor-element elementor-element-0e30e33\" data-id=\"0e30e33\" data-element_type=\"column\">\n\t\t\t<div class=\"elementor-widget-wrap elementor-element-populated\">\n\t\t\t\t\t\t<div class=\"elementor-element elementor-element-a547771 elementor-widget elementor-widget-wp-widget-advads_ad_widget\" data-id=\"a547771\" data-element_type=\"widget\" data-widget_type=\"wp-widget-advads_ad_widget.default\">\n\t\t\t\t<div class=\"elementor-widget-container\">\n\t\t\t<div id=\"regio-3419450006\"><div class=\"regio-adlabel\">Werbung<\/div><center><a href=\"https:\/\/a.partner-versicherung.de\/click.php?partner_id=19992&ad_id=1578&deep=kreditkarten\"  target=\"_blank\"><img decoding=\"async\" src=\"https:\/\/a.partner-versicherung.de\/view.php?partner_id=19992&ad_id=1578\" ><\/a><\/center><\/div>\t\t<\/div>\n\t\t\t\t<\/div>\n\t\t\t\t<div class=\"elementor-element elementor-element-1331cc3 elementor-widget elementor-widget-text-editor\" data-id=\"1331cc3\" data-element_type=\"widget\" data-widget_type=\"text-editor.default\">\n\t\t\t\t<div class=\"elementor-widget-container\">\n\t\t\t\t\t\t\t<h3><span class=\"markedContent\"><span dir=\"ltr\" role=\"presentation\">Mittwoch, den 13. M\u00e4rz 2024, um 19.30 Uhr in der Mensa des Adam-Kraft-Gymnasiums<strong>\u00a0in Schwabach\u00a0<br \/><\/strong><\/span><\/span>\u201eKlimaverlierer Afrika &#8211; Krise mit Ansage &#8211;\u00a0Was hat dies auch mit uns zu tun?\u201c\u00a0<\/h3><p><span style=\"font-size: 12pt;\">Schwabach &#8211; Natascha Wagner ist im beschaulichen Leuzdorf, 10 Kilometer westlich von Schwabach aufgewachsen. Nach der Grundschule (1990-1994), die sie in Regelsbach besuchte, wechselte sie ans Wolfram-von-Eschenbach-Gymnasium nach Schwabach, in dem sie 2003 das Abitur absolvierte.\u00a0<\/span><\/p><p><span style=\"font-size: 12pt;\">Schon w\u00e4hrend ihrer Schulzeit hat sie sich f\u00fcr soziale Herausforderungen interessiert und sich aktiv in der Sch\u00fclerzeitung eingebracht. Ihrem Wunsch nach Fakten und nach dem Verstehen zugrundeliegender Zusammenh\u00e4nge hat sie in den Leistungskursen Mathematik und Physik Ausdruck gegeben. Damit hat sie sich bereits als Sch\u00fclerin an der Schnittstelle zwischen Natur- und Sozialwissenschaften bewegt.\u00a0<\/span><\/p><p><span style=\"font-size: 12pt;\">Die Entscheidung f\u00fcr den Studiengang Internationale Volkswirtschaftslehre wurde ma\u00dfgeblich beeinflusst durch ein Sozialprojekt der Kirchengemeinde Rohr in Rum\u00e4nien, an dem ihr Vater beteiligt war. Die Erfahrungen in dem Projekt haben bei ihr den Wunsch ausgel\u00f6st besser zu verstehen, warum Entwicklungszusammenarbeit so viele Herausforderungen in sich birgt.\u00a0<br \/><\/span><\/p><p><span style=\"font-size: 12pt;\">Zum Studium (2003-2008) ging sie nach T\u00fcbingen an die Eberhard Karls Universit\u00e4t. Das Europ\u00e4ische Erasmus-Austauschprogramm hat sie nach Belgien gef\u00fchrt. Ihre Doktorarbeit hat sie in Genf zu Fragen der Entwicklungs\u00f6konomie geschrieben (2008-2012). W\u00e4hrend dieser Zeit war sie mehrfach im Senegal und an der Elfenbeink\u00fcste, um Daten zu Infrastruktur- und Gesundheitsprogrammen zu erheben. <\/span><\/p><p><span style=\"font-size: 12pt;\">Danach trat Natascha Wagner eine Stelle am Institute of Social Studies der Erasmus Universit\u00e4t Rotterdam an. 2022 folgte sie dem Ruf an die Radboud Universit\u00e4t Nijmegen, Niederlande. Dort leitet sie das Global Data Lab, das Indikatoren zum Monitoring von Wohlstand und Entwicklung weltweit zur Verf\u00fcgung stellt.\u00a0<\/span><\/p><p><span style=\"font-size: 12pt;\">Sie verkn\u00fcpft sozio-\u00f6konomische Daten mit Werten des geografischen Informationssystems um brennende soziale Fragen zu beantworten zum Beispiel rund um Bev\u00f6lkerungszuwachs oder bez\u00fcglich der Reduzierung von Treibhausgasen. In ihrer Forschung interessiert sie sich f\u00fcr die Effizienz von Entwicklungsprojekten und geht ihrer Frage aus Jugendtagen, nach den Gr\u00fcnden f\u00fcr das Scheitern von Entwicklungsprojekten mit modernen Methoden der Datenerhebung und Programmevaluierung auf den Grund.\u00a0<\/span><\/p><p><span style=\"font-size: 12pt;\">Besonders interessiert sie sich f\u00fcr die Nachfrage nach (erneuerbarer) Energie in Entwicklungsl\u00e4ndern, die Auswirkungen des Klimawandels und Gesundheitsfragen. Am liebsten arbeitet sie in interdisziplin\u00e4ren Teams. Nach Schwabach kommt sie immer noch h\u00e4ufig zur\u00fcck, um Familie und Freunde zu treffen und in der Altstadt ein leckeres Eis zu genie\u00dfen.\u00a0<br \/><br \/>Sie werden erleben, wie Entwicklungskooperation helfen kann.\u00a0<\/span><\/p><p><span style=\"font-size: 12pt;\"><strong>Der Vortrag wendet sich an jede\/n Interessierte\/n. Der Eintritt ist frei.\u00a0<\/strong><\/span><\/p><h3>Weiterf\u00fchrende Links:<\/h3><p><span style=\"font-size: 12pt;\"><a href=\"https:\/\/www.buergerstiftung-schwabach.de\/cm\/\" target=\"_blank\" rel=\"noopener\">Homepage der B\u00fcrgerstiftung Schwabach &#8230;\u00a0<\/a><\/span><\/p>\t\t\t\t\t\t<\/div>\n\t\t\t\t<\/div>\n\t\t\t\t<div class=\"elementor-element elementor-element-2cd8ba4 elementor-widget elementor-widget-shortcode\" data-id=\"2cd8ba4\" data-element_type=\"widget\" data-widget_type=\"shortcode.default\">\n\t\t\t\t<div class=\"elementor-widget-container\">\n\t\t\t\t\t<div class=\"elementor-shortcode\"><center><a href=\"https:\/\/a.partner-versicherung.de\/click.php?partner_id=19992&ad_id=441&deep=kfz-versicherung\"  target=\"_blank\"><img decoding=\"async\" src=\"https:\/\/a.partner-versicherung.de\/view.php?partner_id=19992&ad_id=441\" ><\/a><\/center><\/div>\n\t\t\t\t<\/div>\n\t\t\t\t<\/div>\n\t\t\t\t<div class=\"elementor-element elementor-element-9c4562b elementor-widget-divider--view-line elementor-widget elementor-widget-divider\" data-id=\"9c4562b\" data-element_type=\"widget\" data-widget_type=\"divider.default\">\n\t\t\t\t<div class=\"elementor-widget-container\">\n\t\t\t\t\t<div class=\"elementor-divider\">\n\t\t\t<span class=\"elementor-divider-separator\">\n\t\t\t\t\t\t<\/span>\n\t\t<\/div>\n\t\t\t\t<\/div>\n\t\t\t\t<\/div>\n\t\t\t\t<div class=\"elementor-element elementor-element-86e1f80 elementor-widget elementor-widget-google_maps\" data-id=\"86e1f80\" data-element_type=\"widget\" data-widget_type=\"google_maps.default\">\n\t\t\t\t<div class=\"elementor-widget-container\">\n\t\t\t\t\t<div class=\"elementor-custom-embed\">\n\t\t\t<iframe loading=\"lazy\"\n\t\t\t\t\tsrc=\"https:\/\/maps.google.com\/maps?q=Museumsstra%C3%9Fe%201%2C%20Schwabach%2C%20Deutschland&#038;t=m&#038;z=18&#038;output=embed&#038;iwloc=near\"\n\t\t\t\t\ttitle=\"Museumsstra\u00dfe 1, Schwabach, Deutschland\"\n\t\t\t\t\taria-label=\"Museumsstra\u00dfe 1, Schwabach, Deutschland\"\n\t\t\t><\/iframe>\n\t\t<\/div>\n\t\t\t\t<\/div>\n\t\t\t\t<\/div>\n\t\t\t\t\t<\/div>\n\t\t<\/div>\n\t\t\t\t<div class=\"elementor-column elementor-col-50 elementor-top-column elementor-element elementor-element-6593bea\" data-id=\"6593bea\" data-element_type=\"column\">\n\t\t\t<div class=\"elementor-widget-wrap elementor-element-populated\">\n\t\t\t\t\t\t<div class=\"elementor-element elementor-element-fc2a6e1 elementor-widget elementor-widget-heading\" data-id=\"fc2a6e1\" data-element_type=\"widget\" data-widget_type=\"heading.default\">\n\t\t\t\t<div class=\"elementor-widget-container\">\n\t\t\t<h3 class=\"elementor-heading-title elementor-size-default\">Schnell vergleichen und sparen!<\/h3>\t\t<\/div>\n\t\t\t\t<\/div>\n\t\t\t\t<div class=\"elementor-element elementor-element-ddf0bc8 elementor-widget elementor-widget-wp-widget-advads_ad_widget\" data-id=\"ddf0bc8\" data-element_type=\"widget\" data-widget_type=\"wp-widget-advads_ad_widget.default\">\n\t\t\t\t<div class=\"elementor-widget-container\">\n\t\t\t<div id=\"regio-2997302900\"><div class=\"regio-adlabel\">Werbung<\/div><!-- Beginn https:\/\/www.financeads.net\/-Code --><a href=\"https:\/\/www.financeads.net\/tc.php?t=36648C236142529B\" target=\"_blank\"><img fetchpriority=\"high\" decoding=\"async\" src=\"https:\/\/www.financeads.net\/tb.php?t=36648V236142529B&https=1\" alt=\"\" border=\"0\" width=\"300\" height=\"250\"><\/a><!-- Ende https:\/\/www.financeads.net\/-Code --><\/div>\t\t<\/div>\n\t\t\t\t<\/div>\n\t\t\t\t<div class=\"elementor-element elementor-element-6d4efc9 elementor-widget elementor-widget-wp-widget-advads_ad_widget\" data-id=\"6d4efc9\" data-element_type=\"widget\" data-widget_type=\"wp-widget-advads_ad_widget.default\">\n\t\t\t\t<div class=\"elementor-widget-container\">\n\t\t\t<div id=\"regio-91544011\"><div class=\"regio-adlabel\">Werbung<\/div><!-- Beginn https:\/\/www.financeads.net\/-Code --><a href=\"https:\/\/www.financeads.net\/tc.php?t=36648C42614510B\" target=\"_blank\"><img decoding=\"async\" src=\"https:\/\/www.financeads.net\/tb.php?t=36648V42614510B&https=1\" alt=\"\" border=\"0\" width=\"200\" height=\"300\"><\/a><!-- Ende https:\/\/www.financeads.net\/-Code --><\/div>\t\t<\/div>\n\t\t\t\t<\/div>\n\t\t\t\t<div class=\"elementor-element elementor-element-6bb80a8 elementor-widget elementor-widget-wp-widget-advads_ad_widget\" data-id=\"6bb80a8\" data-element_type=\"widget\" data-widget_type=\"wp-widget-advads_ad_widget.default\">\n\t\t\t\t<div class=\"elementor-widget-container\">\n\t\t\t<div id=\"regio-2279562124\"><div class=\"regio-adlabel\">Werbung<\/div><!-- Beginn https:\/\/www.financeads.net\/-Code --><a href=\"https:\/\/www.financeads.net\/tc.php?t=36648C205040072B\" target=\"_blank\"><img decoding=\"async\" src=\"https:\/\/www.financeads.net\/tb.php?t=36648V205040072B&https=1\" alt=\"\" border=\"0\" width=\"300\" height=\"250\"><\/a><!-- Ende https:\/\/www.financeads.net\/-Code --><\/div>\t\t<\/div>\n\t\t\t\t<\/div>\n\t\t\t\t<div class=\"elementor-element elementor-element-adcddc0 elementor-widget elementor-widget-wp-widget-advads_ad_widget\" data-id=\"adcddc0\" data-element_type=\"widget\" data-widget_type=\"wp-widget-advads_ad_widget.default\">\n\t\t\t\t<div class=\"elementor-widget-container\">\n\t\t\t<div id=\"regio-2214263649\"><div class=\"regio-adlabel\">Werbung<\/div><!-- Beginn https:\/\/www.financeads.net\/-Code --><a href=\"https:\/\/www.financeads.net\/tc.php?t=36648C271460142B\" target=\"_blank\"><img loading=\"lazy\" decoding=\"async\" src=\"https:\/\/www.financeads.net\/tb.php?t=36648V271460142B&https=1\" alt=\"PETPROTECT_Hund&Katze_Banner\" border=\"0\" width=\"250\" height=\"250\"><\/a><!-- Ende https:\/\/www.financeads.net\/-Code --><\/div>\t\t<\/div>\n\t\t\t\t<\/div>\n\t\t\t\t\t<\/div>\n\t\t<\/div>\n\t\t\t\t\t<\/div>\n\t\t<\/section>\n\t\t\t\t<\/div>\n\t\t","protected":false},"excerpt":{"rendered":"<div class=\"mh-excerpt\"><p>Mittwoch, den 13. M\u00e4rz 2024, um 19.30 Uhr in der Mensa des Adam-Kraft-Gymnasiums\u00a0in Schwabach\u00a0\u201eKlimaverlierer Afrika &#8211; Krise mit Ansage &#8211;\u00a0Was hat dies auch mit uns zu tun?\u201c\u00a0 Schwabach &#8211; Natascha Wagner ist im beschaulichen Leuzdorf, <a class=\"mh-excerpt-more\" href=\"https:\/\/www.region-schwabach.de\/wordpress\/forum-burgerstiftung-klimaverlierer-afrika-krise-mit-ansage-am-mittwoch-den-13-marz-2024-im-adam-kraft-gymnasium\/\" title=\"Forum B\u00fcrgerstiftung: \u201eKlimaverlierer Afrika &#8211; Krise mit Ansage&#8220; am Mittwoch, den 13. M\u00e4rz 2024, im Adam-Kraft-Gymnasium\">[&#8230;]<\/a><\/p>\n<\/div>","protected":false},"author":1,"featured_media":228138,"comment_status":"open","ping_status":"open","sticky":false,"template":"","format":"standard","meta":{"_cbd_carousel_blocks":"[]","footnotes":""},"categories":[16,287,61,231,46],"tags":[24838,24830,24829,6311,4671,7030,6525,24839,19,5652],"class_list":{"0":"post-228137","1":"post","2":"type-post","3":"status-publish","4":"format-standard","5":"has-post-thumbnail","7":"category-aktuell","8":"category-jugend-und-familie","9":"category-rathaus","10":"category-veranstaltungsnews","11":"category-verbaende","12":"tag-klimaverlierer-afrika-krise-mit-ansage","13":"tag-13-maerz-2024","14":"tag-13-03-2024","15":"tag-adam-kraft-gymnasium","16":"tag-bismarckstrasse","17":"tag-foerderverein","18":"tag-forum-buergerstiftung","19":"tag-natascha-wagner","20":"tag-schwabach","21":"tag-vortrag"},"_links":{"self":[{"href":"https:\/\/www.region-schwabach.de\/wordpress\/wp-json\/wp\/v2\/posts\/228137","targetHints":{"allow":["GET"]}}],"collection":[{"href":"https:\/\/www.region-schwabach.de\/wordpress\/wp-json\/wp\/v2\/posts"}],"about":[{"href":"https:\/\/www.region-schwabach.de\/wordpress\/wp-json\/wp\/v2\/types\/post"}],"author":[{"embeddable":true,"href":"https:\/\/www.region-schwabach.de\/wordpress\/wp-json\/wp\/v2\/users\/1"}],"replies":[{"embeddable":true,"href":"https:\/\/www.region-schwabach.de\/wordpress\/wp-json\/wp\/v2\/comments?post=228137"}],"version-history":[{"count":0,"href":"https:\/\/www.region-schwabach.de\/wordpress\/wp-json\/wp\/v2\/posts\/228137\/revisions"}],"wp:featuredmedia":[{"embeddable":true,"href":"https:\/\/www.region-schwabach.de\/wordpress\/wp-json\/wp\/v2\/media\/228138"}],"wp:attachment":[{"href":"https:\/\/www.region-schwabach.de\/wordpress\/wp-json\/wp\/v2\/media?parent=228137"}],"wp:term":[{"taxonomy":"category","embeddable":true,"href":"https:\/\/www.region-schwabach.de\/wordpress\/wp-json\/wp\/v2\/categories?post=228137"},{"taxonomy":"post_tag","embeddable":true,"href":"https:\/\/www.region-schwabach.de\/wordpress\/wp-json\/wp\/v2\/tags?post=228137"}],"curies":[{"name":"wp","href":"https:\/\/api.w.org\/{rel}","templated":true}]}}