{"id":228383,"date":"2024-03-16T01:30:00","date_gmt":"2024-03-16T00:30:00","guid":{"rendered":"https:\/\/www.region-schwabach.de\/wordpress\/?p=228383"},"modified":"2024-03-16T00:06:16","modified_gmt":"2024-03-15T23:06:16","slug":"fruhjahrsputz-fur-die-stadt-am-samstag-den-16-marz-2024","status":"publish","type":"post","link":"https:\/\/www.region-schwabach.de\/wordpress\/fruhjahrsputz-fur-die-stadt-am-samstag-den-16-marz-2024\/","title":{"rendered":"Fr\u00fchjahrsputz f\u00fcr die Stadt am Samstag, den 16. M\u00e4rz 2024"},"content":{"rendered":"\t\t<div data-elementor-type=\"wp-post\" data-elementor-id=\"228383\" class=\"elementor elementor-228383\">\n\t\t\t\t\t\t<section class=\"elementor-section elementor-top-section elementor-element elementor-element-678181b elementor-section-boxed elementor-section-height-default elementor-section-height-default\" data-id=\"678181b\" data-element_type=\"section\">\n\t\t\t\t\t\t<div class=\"elementor-container elementor-column-gap-default\">\n\t\t\t\t\t<div class=\"elementor-column elementor-col-50 elementor-top-column elementor-element elementor-element-6b34026\" data-id=\"6b34026\" data-element_type=\"column\">\n\t\t\t<div class=\"elementor-widget-wrap elementor-element-populated\">\n\t\t\t\t\t\t<div class=\"elementor-element elementor-element-2e31143 elementor-widget elementor-widget-wp-widget-advads_ad_widget\" data-id=\"2e31143\" data-element_type=\"widget\" data-widget_type=\"wp-widget-advads_ad_widget.default\">\n\t\t\t\t<div class=\"elementor-widget-container\">\n\t\t\t<div id=\"regio-1011965655\"><div class=\"regio-adlabel\">Werbung<\/div><center><a href=\"https:\/\/a.partner-versicherung.de\/click.php?partner_id=19992&ad_id=1578&deep=kreditkarten\"  target=\"_blank\"><img decoding=\"async\" src=\"https:\/\/a.partner-versicherung.de\/view.php?partner_id=19992&ad_id=1578\" ><\/a><\/center><\/div>\t\t<\/div>\n\t\t\t\t<\/div>\n\t\t\t\t<div class=\"elementor-element elementor-element-443ab98 elementor-widget elementor-widget-text-editor\" data-id=\"443ab98\" data-element_type=\"widget\" data-widget_type=\"text-editor.default\">\n\t\t\t\t<div class=\"elementor-widget-container\">\n\t\t\t\t\t\t\t<h3>Samstag, den 16. M\u00e4rz 2024, von 10.00 Uhr bis 12.00 Uhr\u00a0<br \/>Fr\u00fchjahrsputz f\u00fcr die Stadt\u00a0<\/h3><p><span style=\"font-size: 12pt;\">Schwabach &#8211; M\u00fcll in Stra\u00dfen und Parkfl\u00e4chen sieht nicht nur h\u00e4sslich aus. Er landet auch \u2013 wenn er nicht eingesammelt wird \u2013 letztendlich in der Natur, auf landwirtschaftlichen Fl\u00e4chen, in Fl\u00fcssen, in den M\u00e4gen von Tieren und als Mikroplastik letztendlich wieder in den Organen von Menschen.\u00a0<br \/><\/span><\/p><p><span style=\"font-size: 12pt;\">Die Stadt und der BUND Naturschutz (BN) Schwabach wollen dem entgegenwirken und rufen f\u00fcr Samstag, 16. M\u00e4rz, zu einem Fr\u00fchjahrsputz in Schwabach auf. Treffpunkt ist am Marktplatz um 10 Uhr. Die Stadt stellt zwar M\u00fcllt\u00fcten, Handschuhe und Zangen zur Verf\u00fcgung, wer jedoch selbst entsprechende Hilfsmittel vorr\u00e4tig hat, sollte diese mitbringen.\u00a0<br \/><\/span><\/p><p><span style=\"font-size: 12pt;\">Zum Abschluss der Aktion wird um 12 Uhr der gesammelte M\u00fcll von st\u00e4dtischen Mitarbeitern im Stadtzentrum eingesammelt und entsorgt. Alle flei\u00dfigen Helferinnen und Helfer sind herzlich zu einer Erfrischung auf dem Markt eingeladen.\u00a0<\/span><\/p><p><span style=\"font-size: 12pt;\">Mehr Informationen unter: <a href=\"http:\/\/www.schwabach.de\/fruehjahrsputz\" target=\"_blank\" rel=\"noopener\">www.schwabach.de\/fruehjahrsputz<\/a>.\u00a0<br \/><\/span><\/p><p><span style=\"font-size: 12pt;\">Parallel dazu organisiert der BN eine Familiensternwanderung aus den au\u00dfenliegenden Stadteilen, deren Ziel um 12 Uhr ebenfalls der Marktplatz ist. Teilnehmen k\u00f6nnten hier auch kleine Gruppen von L\u00e4ufern, die ihr Laufpensum mit der Sammlung von M\u00fcll verbinden wollen.\u00a0<\/span><\/p><p><span style=\"font-size: 12pt;\">Informationen dazu unter <a href=\"https:\/\/schwabach.bund-naturschutz.de\" target=\"_blank\" rel=\"noopener\">https:\/\/schwabach.bund-naturschutz.de<\/a>\/. Es wird gebeten, auf die erwachende Natur R\u00fccksicht zu nehmen und Naturfl\u00e4chen nicht zu betreten.\u00a0<br \/><br \/><strong>Foto: Haben schon einmal f\u00fcr die Aktion ge\u00fcbt: Umweltreferent Dr. Maximilian Hartl, Almut Churavy vom BUND, Claudia Thomas von den \u201eKippenkillern\u201c und OB Peter Rei\u00df (von links)\u00a0<\/strong><\/span><\/p>\t\t\t\t\t\t<\/div>\n\t\t\t\t<\/div>\n\t\t\t\t<div class=\"elementor-element elementor-element-6520198 elementor-widget elementor-widget-shortcode\" data-id=\"6520198\" data-element_type=\"widget\" data-widget_type=\"shortcode.default\">\n\t\t\t\t<div class=\"elementor-widget-container\">\n\t\t\t\t\t<div class=\"elementor-shortcode\"><!-- Beginn https:\/\/www.financeads.net\/-Code --><a href=\"https:\/\/www.financeads.net\/tc.php?t=36648C38513858B\" target=\"_blank\"><center><img decoding=\"async\" src=\"https:\/\/www.financeads.net\/tb.php?t=36648V38513858B&https=1\" alt=\"\" border=\"0\" width=\"468\" height=\"60\"><\/a><!-- Ende https:\/\/www.financeads.net\/-Code --><\/div>\n\t\t\t\t<\/div>\n\t\t\t\t<\/div>\n\t\t\t\t<div class=\"elementor-element elementor-element-21c3450 elementor-widget-divider--view-line elementor-widget elementor-widget-divider\" data-id=\"21c3450\" data-element_type=\"widget\" data-widget_type=\"divider.default\">\n\t\t\t\t<div class=\"elementor-widget-container\">\n\t\t\t\t\t<div class=\"elementor-divider\">\n\t\t\t<span class=\"elementor-divider-separator\">\n\t\t\t\t\t\t<\/span>\n\t\t<\/div>\n\t\t\t\t<\/div>\n\t\t\t\t<\/div>\n\t\t\t\t<div class=\"elementor-element elementor-element-f4c690c elementor-widget elementor-widget-google_maps\" data-id=\"f4c690c\" data-element_type=\"widget\" data-widget_type=\"google_maps.default\">\n\t\t\t\t<div class=\"elementor-widget-container\">\n\t\t\t\t\t<div class=\"elementor-custom-embed\">\n\t\t\t<iframe loading=\"lazy\"\n\t\t\t\t\tsrc=\"https:\/\/maps.google.com\/maps?q=Schwabach%2C%20Deutschland&#038;t=m&#038;z=16&#038;output=embed&#038;iwloc=near\"\n\t\t\t\t\ttitle=\"Schwabach, Deutschland\"\n\t\t\t\t\taria-label=\"Schwabach, Deutschland\"\n\t\t\t><\/iframe>\n\t\t<\/div>\n\t\t\t\t<\/div>\n\t\t\t\t<\/div>\n\t\t\t\t\t<\/div>\n\t\t<\/div>\n\t\t\t\t<div class=\"elementor-column elementor-col-50 elementor-top-column elementor-element elementor-element-dd4c02c\" data-id=\"dd4c02c\" data-element_type=\"column\">\n\t\t\t<div class=\"elementor-widget-wrap elementor-element-populated\">\n\t\t\t\t\t\t<div class=\"elementor-element elementor-element-afcda01 elementor-widget elementor-widget-heading\" data-id=\"afcda01\" data-element_type=\"widget\" data-widget_type=\"heading.default\">\n\t\t\t\t<div class=\"elementor-widget-container\">\n\t\t\t<h3 class=\"elementor-heading-title elementor-size-default\">Schnell vergleichen und sparen!<\/h3>\t\t<\/div>\n\t\t\t\t<\/div>\n\t\t\t\t<div class=\"elementor-element elementor-element-4a29827 elementor-widget elementor-widget-wp-widget-advads_ad_widget\" data-id=\"4a29827\" data-element_type=\"widget\" data-widget_type=\"wp-widget-advads_ad_widget.default\">\n\t\t\t\t<div class=\"elementor-widget-container\">\n\t\t\t<div id=\"regio-244089504\"><div class=\"regio-adlabel\">Werbung<\/div><!-- Beginn https:\/\/www.financeads.net\/-Code --><a href=\"https:\/\/www.financeads.net\/tc.php?t=36648C236142529B\" target=\"_blank\"><img fetchpriority=\"high\" decoding=\"async\" src=\"https:\/\/www.financeads.net\/tb.php?t=36648V236142529B&https=1\" alt=\"\" border=\"0\" width=\"300\" height=\"250\"><\/a><!-- Ende https:\/\/www.financeads.net\/-Code --><\/div>\t\t<\/div>\n\t\t\t\t<\/div>\n\t\t\t\t<div class=\"elementor-element elementor-element-1017dfe elementor-widget elementor-widget-wp-widget-advads_ad_widget\" data-id=\"1017dfe\" data-element_type=\"widget\" data-widget_type=\"wp-widget-advads_ad_widget.default\">\n\t\t\t\t<div class=\"elementor-widget-container\">\n\t\t\t<div id=\"regio-2740496\"><div class=\"regio-adlabel\">Werbung<\/div><!-- Beginn https:\/\/www.financeads.net\/-Code --><a href=\"https:\/\/www.financeads.net\/tc.php?t=36648C42614510B\" target=\"_blank\"><img decoding=\"async\" src=\"https:\/\/www.financeads.net\/tb.php?t=36648V42614510B&https=1\" alt=\"\" border=\"0\" width=\"200\" height=\"300\"><\/a><!-- Ende https:\/\/www.financeads.net\/-Code --><\/div>\t\t<\/div>\n\t\t\t\t<\/div>\n\t\t\t\t<div class=\"elementor-element elementor-element-fd0ad79 elementor-widget elementor-widget-wp-widget-advads_ad_widget\" data-id=\"fd0ad79\" data-element_type=\"widget\" data-widget_type=\"wp-widget-advads_ad_widget.default\">\n\t\t\t\t<div class=\"elementor-widget-container\">\n\t\t\t<div id=\"regio-2637302194\"><div class=\"regio-adlabel\">Werbung<\/div><!-- Beginn https:\/\/www.financeads.net\/-Code --><a href=\"https:\/\/www.financeads.net\/tc.php?t=36648C205040072B\" target=\"_blank\"><img loading=\"lazy\" decoding=\"async\" src=\"https:\/\/www.financeads.net\/tb.php?t=36648V205040072B&https=1\" alt=\"\" border=\"0\" width=\"300\" height=\"250\"><\/a><!-- Ende https:\/\/www.financeads.net\/-Code --><\/div>\t\t<\/div>\n\t\t\t\t<\/div>\n\t\t\t\t<div class=\"elementor-element elementor-element-4484a81 elementor-widget elementor-widget-wp-widget-advads_ad_widget\" data-id=\"4484a81\" data-element_type=\"widget\" data-widget_type=\"wp-widget-advads_ad_widget.default\">\n\t\t\t\t<div class=\"elementor-widget-container\">\n\t\t\t<div id=\"regio-3765570708\"><div class=\"regio-adlabel\">Werbung<\/div><!-- Beginn https:\/\/www.financeads.net\/-Code --><a href=\"https:\/\/www.financeads.net\/tc.php?t=36648C271460142B\" target=\"_blank\"><img loading=\"lazy\" decoding=\"async\" src=\"https:\/\/www.financeads.net\/tb.php?t=36648V271460142B&https=1\" alt=\"PETPROTECT_Hund&Katze_Banner\" border=\"0\" width=\"250\" height=\"250\"><\/a><!-- Ende https:\/\/www.financeads.net\/-Code --><\/div>\t\t<\/div>\n\t\t\t\t<\/div>\n\t\t\t\t\t<\/div>\n\t\t<\/div>\n\t\t\t\t\t<\/div>\n\t\t<\/section>\n\t\t\t\t<\/div>\n\t\t","protected":false},"excerpt":{"rendered":"<div class=\"mh-excerpt\"><p>Samstag, den 16. M\u00e4rz 2024, von 10.00 Uhr bis 12.00 Uhr\u00a0Fr\u00fchjahrsputz f\u00fcr die Stadt\u00a0 Schwabach &#8211; M\u00fcll in Stra\u00dfen und Parkfl\u00e4chen sieht nicht nur h\u00e4sslich aus. Er landet auch \u2013 wenn er nicht eingesammelt wird <a class=\"mh-excerpt-more\" href=\"https:\/\/www.region-schwabach.de\/wordpress\/fruhjahrsputz-fur-die-stadt-am-samstag-den-16-marz-2024\/\" title=\"Fr\u00fchjahrsputz f\u00fcr die Stadt am Samstag, den 16. M\u00e4rz 2024\">[&#8230;]<\/a><\/p>\n<\/div>","protected":false},"author":1,"featured_media":228384,"comment_status":"open","ping_status":"open","sticky":false,"template":"","format":"standard","meta":{"_cbd_carousel_blocks":"[]","footnotes":""},"categories":[16,79,61,46],"tags":[24853,24852,24877,24875,24878,24873,24874,522,5269,12385,1480,19,3151,24876],"class_list":{"0":"post-228383","1":"post","2":"type-post","3":"status-publish","4":"format-standard","5":"has-post-thumbnail","7":"category-aktuell","8":"category-politik","9":"category-rathaus","10":"category-verbaende","11":"tag-16-maerz-2024","12":"tag-16-03-2024","13":"tag-almut-churavy-bn","14":"tag-bund-naturschutz-bn","15":"tag-claudia-thomas-kippenkiller","16":"tag-clean-up-day","17":"tag-fruehjahrsputz","18":"tag-koenigsplatz","19":"tag-oberbuergermeister","20":"tag-peter-reiss","21":"tag-rathaus","22":"tag-schwabach","23":"tag-stadt-schwabach","24":"tag-umweltreferent-dr-maximilian-hartl"},"_links":{"self":[{"href":"https:\/\/www.region-schwabach.de\/wordpress\/wp-json\/wp\/v2\/posts\/228383","targetHints":{"allow":["GET"]}}],"collection":[{"href":"https:\/\/www.region-schwabach.de\/wordpress\/wp-json\/wp\/v2\/posts"}],"about":[{"href":"https:\/\/www.region-schwabach.de\/wordpress\/wp-json\/wp\/v2\/types\/post"}],"author":[{"embeddable":true,"href":"https:\/\/www.region-schwabach.de\/wordpress\/wp-json\/wp\/v2\/users\/1"}],"replies":[{"embeddable":true,"href":"https:\/\/www.region-schwabach.de\/wordpress\/wp-json\/wp\/v2\/comments?post=228383"}],"version-history":[{"count":0,"href":"https:\/\/www.region-schwabach.de\/wordpress\/wp-json\/wp\/v2\/posts\/228383\/revisions"}],"wp:featuredmedia":[{"embeddable":true,"href":"https:\/\/www.region-schwabach.de\/wordpress\/wp-json\/wp\/v2\/media\/228384"}],"wp:attachment":[{"href":"https:\/\/www.region-schwabach.de\/wordpress\/wp-json\/wp\/v2\/media?parent=228383"}],"wp:term":[{"taxonomy":"category","embeddable":true,"href":"https:\/\/www.region-schwabach.de\/wordpress\/wp-json\/wp\/v2\/categories?post=228383"},{"taxonomy":"post_tag","embeddable":true,"href":"https:\/\/www.region-schwabach.de\/wordpress\/wp-json\/wp\/v2\/tags?post=228383"}],"curies":[{"name":"wp","href":"https:\/\/api.w.org\/{rel}","templated":true}]}}