{"id":228416,"date":"2024-03-14T00:17:00","date_gmt":"2024-03-13T23:17:00","guid":{"rendered":"https:\/\/www.region-schwabach.de\/wordpress\/?p=228416"},"modified":"2024-03-14T01:57:36","modified_gmt":"2024-03-14T00:57:36","slug":"weissenburger-polizei-veroffentlicht-verkehrsunfallstatistik-fur-2023","status":"publish","type":"post","link":"https:\/\/www.region-schwabach.de\/wordpress\/weissenburger-polizei-veroffentlicht-verkehrsunfallstatistik-fur-2023\/","title":{"rendered":"Wei\u00dfenburger Polizei ver\u00f6ffentlicht Verkehrsunfallstatistik f\u00fcr 2023"},"content":{"rendered":"\t\t<div data-elementor-type=\"wp-post\" data-elementor-id=\"228416\" class=\"elementor elementor-228416\">\n\t\t\t\t\t\t<section class=\"elementor-section elementor-top-section elementor-element elementor-element-1cuv9jr elementor-section-boxed elementor-section-height-default elementor-section-height-default\" data-id=\"1cuv9jr\" data-element_type=\"section\">\n\t\t\t\t\t\t<div class=\"elementor-container elementor-column-gap-default\">\n\t\t\t\t\t<div class=\"elementor-column elementor-col-50 elementor-top-column elementor-element elementor-element-q5zak7b\" data-id=\"q5zak7b\" data-element_type=\"column\">\n\t\t\t<div class=\"elementor-widget-wrap elementor-element-populated\">\n\t\t\t\t\t\t<div class=\"elementor-element elementor-element-dcef279 elementor-widget elementor-widget-wp-widget-advads_ad_widget\" data-id=\"dcef279\" data-element_type=\"widget\" data-widget_type=\"wp-widget-advads_ad_widget.default\">\n\t\t\t\t<div class=\"elementor-widget-container\">\n\t\t\t<div id=\"regio-1101631938\"><div class=\"regio-adlabel\">Werbung<\/div><center><a href=\"https:\/\/a.partner-versicherung.de\/click.php?partner_id=19992&ad_id=1578&deep=kreditkarten\"  target=\"_blank\"><img decoding=\"async\" src=\"https:\/\/a.partner-versicherung.de\/view.php?partner_id=19992&ad_id=1578\" ><\/a><\/center><\/div>\t\t<\/div>\n\t\t\t\t<\/div>\n\t\t\t\t<div class=\"elementor-element elementor-element-a4daeae elementor-widget elementor-widget-text-editor\" data-id=\"a4daeae\" data-element_type=\"widget\" data-widget_type=\"text-editor.default\">\n\t\t\t\t<div class=\"elementor-widget-container\">\n\t\t\t\t\t\t\t<h3>2023 gab es mehr Verkehrsunf\u00e4lle im Landkreis\u00a0<\/h3><p><span style=\"font-size: 12pt;\">Wei\u00dfenburg &#8211; Auch wenn die Steigerung nur marginal ist &#8211; im Jahr 2023 gab es im Landkreis Wei\u00dfenburg-Gunzenhausen mehr Verkehrsunf\u00e4lle als im Vorjahr.\u00a0<\/span><\/p><p><span style=\"font-size: 12pt;\">Die Polizeidienststellen in Wei\u00dfenburg, Gunzenhausen und Treuchtlingen nahmen insgesamt 3471 Verkehrsunf\u00e4lle auf, was im Vergleich zum Vorjahr einer Steigerung um 0,49 % entspricht. Die \u00fcberwiegende Anzahl von 2504 waren sogenannte Kleinunf\u00e4lle mit Sachschaden. Auch die Zahl der Verkehrsunf\u00e4lle mit Personenschaden stieg um 8% leicht an, bei 351 Verkehrsunf\u00e4llen wurden 445 Personen verletzt, 86 davon erlitten statistisch schwere Verletzungen, mussten also unfallbedingt station\u00e4r im Krankenhaus behandelt werden.\u00a0<\/span><\/p><p><span style=\"font-size: 12pt;\">Im Jahr 2023 waren im Landkreis 8 Verkehrstote zu beklagen. Bei aller Tragik haben nachfolgend erl\u00e4uterte Verkehrsunf\u00e4lle mit t\u00f6dlichem Ausgang allesamt gemein, dass ihnen individuelles Fehlverhalten der Beteiligten als Hauptunfallursache zugrunde liegt.\u00a0<\/span><\/p><p><span style=\"font-size: 12pt;\">Massenbach &#8211; Im Januar \u00fcbersah eine 95-j\u00e4hrige Pkw-Fahrerin beim Einfahren in die B 13 einen im Querverkehr befindlichen, bevorrechtigten Pkw und verstarb daraufhin.\u00a0<\/span><\/p><p><span style=\"font-size: 12pt;\">Ellingen &#8211; Im April \u00fcbersah ein Pkw-Fahrer beim Abbiegen von der B 2 nach links eine im Begegnungsverkehr befindliche, bevorrechtigte 49-j\u00e4hrige Motorradfahrerin, welche noch an der Unfallstelle verstarb.\u00a0<\/span><\/p><p><span style=\"font-size: 12pt;\">Weimersheim &#8211; Im September kam es zu einem Frontalzusammensto\u00df zweier Pkw im Begegnungsverkehr der Ortsverbindungsstra\u00dfe, als der Unfallverursacher im Kurvenbereich auf die Fahrbahn der 18-j\u00e4hrigen Unfallgegnerin geriet und dort kollidierte. Die Gesch\u00e4digte verstarb mehrere Wochen sp\u00e4ter an den Unfallfolgen. Aufgrund des Zeitraums von mehr als 30 Tagen zwischen dem Unfall- und Todestag wird dieser Verkehrsunfall allerdings in der Statistik offiziell nicht aufgef\u00fchrt.\u00a0<\/span><\/p><p><span style=\"font-size: 12pt;\">Wengen &#8211; Im November \u00fcbersah und erfasste ein Pkw-Fahrer in den Morgenstunden frontal einen in gleicher Richtung auf der Staatsstra\u00dfe befindlichen Fahrradfahrer, welcher daraufhin noch an der Unfallstelle verstarb.\u00a0<\/span><\/p><p><span style=\"font-size: 12pt;\">Pleinfeld &#8211; Im Dezember kam der Unfallverursacher im zweispurigen Bereich der B 2 aus ungekl\u00e4rter Ursache auf die Gegenfahrbahn. Dort kollidierte er im Begegnungsverkehr frontal mit dem Pkw einer 19-j\u00e4hrigen Frau, welche am Folgetag verstarb.\u00a0<\/span><\/p><p><span style=\"font-size: 12pt;\">Treuchtlingen &#8211; Im Februar \u00fcberfuhr ein Pkw auf der B2 in Fahrtrichtung S\u00fcden einen zum Unfallzeitpunkt bereits auf der Fahrbahn liegenden 40-j\u00e4hrigen Fu\u00dfg\u00e4nger, welcher zuvor mit Fahrrad auf der Bundesstra\u00dfe unterwegs war. Dieser verstarb nach erfolgloser Reanimation vor Ort.\u00a0<\/span><\/p><p><span style=\"font-size: 12pt;\">Gunzenhausen &#8211; Im Juli befuhr ein Pkw-Fahrer die B13 in Fahrtrichtung Muhr am See, als die 60-j\u00e4hrige Unfallverursacherin mit ihrem Mofa-Roller auf die B13 ebenfalls in gleiche Fahrtrichtung einfuhr. Trotz eingeleiteter Vollbremsung des Pkw-Fahrers erfasste dieser die Unfallgegnerin frontal. Diese verstarb noch an der Unfallstelle.\u00a0<\/span><\/p><p><span style=\"font-size: 12pt;\">Spielberg &#8211; Im Juli befuhr ein 15-j\u00e4hriger Jugendlicher mit seinem Leichtkraftrad die Kreisstra\u00dfe WUG25 in Spielberg. Vor einer Rechtskurve kam er innerorts alleinbeteiligt nach rechts von der Fahrbahn ab, fuhr \u00fcber den Gehsteig und die B\u00f6schung und prallte gegen eine Hauswand. Bei Eintreffen der Einsatzkr\u00e4fte war der Verunfallte bereits mehrere Stunden tot.\u00a0<\/span><\/p><p><span style=\"font-size: 12pt;\">Ostheim &#8211; Im Oktober kollidierte ein Pkw-Fahrer auf der B 466 zwischen Ostheim und Westheim beim \u00dcberholvorgang mit einem im Gegenverkehr befindlichen, 16-j\u00e4hrigen Fahrer eines Leichtkraftrades. Durch den Frontalaufprall erlitt der Zweiradfahrer t\u00f6dliche Verletzungen.\u00a0<\/span><\/p><p><span style=\"font-size: 12pt;\">Wie in den vergangenen Jahren kommt der Arbeit der Unfallkommission bei der Begutachtung von Unfallschwerpunkten und \u00d6rtlichkeiten schwerer Verkehrsunf\u00e4lle besondere Bedeutung zu. So wurden exemplarisch im Rahmen einer Verkehrsschau mit Stra\u00dfenbaulasttr\u00e4ger und Stra\u00dfenverkehrsbeh\u00f6rde kurz nach dem t\u00f6dlichen Unfallgeschehen in Ellingen mehrere kurzfristig wirksame Ma\u00dfnahmen besprochen. Im Einvernehmen mit der Stadt Ellingen sollen so neben der Verl\u00e4ngerung der Sperrfl\u00e4chen beider zweispurigen Bereiche und der Einschr\u00e4nkung der erlaubten Fahrtrichtung beim Einfahren in die Bundesstra\u00dfe rechts durch eine Begrenzung der Geschwindigkeit auf 70 km\/h in Fahrtrichtung N\u00fcrnberg weitere t\u00f6dliche Unf\u00e4lle vermieden bzw. zumindest schwere Unfallfolgen abgemildert werden. Eine entsprechend lautende verkehrsrechtliche Anordnung ist bereits ergangen und wird voraussichtlich im Fr\u00fchjahr 2024 umgesetzt.\u00a0<\/span><\/p><p><span style=\"font-size: 12pt;\">Bei den 7 verzeichneten Schulwegunf\u00e4llen im Jahr 2023 erlitten die jeweiligen Gesch\u00e4digten gl\u00fccklicherweise keine schwereren Verletzungen. Die Unfallszenarien wurden in enger Kooperation zwischen PHM Amberger, Verkehrserzieher im Landkreis sowie den Mitarbeitern Verkehr der PI Gunzenhausen, PHK Lassnig und PHM Temme von der PI Treuchtlingen zusammen mit Lehrkr\u00e4ften der Schulen proaktiv moderiert und teilweise in erneuten Verkehrsunterrichten in den Klassen der betroffenen Kinder aufgearbeitet.\u00a0<\/span><\/p><p><span style=\"font-size: 12pt;\">Die Zahl der Verkehrsunf\u00e4lle mit Beteiligung von jungen Erwachsenen im Alter von 18 bis 24 Jahren stagniert nahezu gleichbleibend bei 202 F\u00e4llen. Bedauerlicherweise ist bei den an Verkehrsunf\u00e4llen beteiligten Senioren im Alter ab 65 Jahren wie in den Vorjahren ein erneuter Anstieg von 228 in 2022 auf 245 Verkehrsunf\u00e4lle in 2023 festzustellen, wobei in 168 F\u00e4llen die Senioren als Unfallverursacher aufgef\u00fchrt werden. 63 Senioren wurden hierbei verletzt.\u00a0<\/span><\/p><p><span style=\"font-size: 12pt;\">Auch die verst\u00e4rkte Nutzung von Pedelec und Fahrr\u00e4dern f\u00fchrt seit Jahren wenig verwunderlich zu einem tendenziellen Anstieg bei den Radfahrunf\u00e4llen. Bei 105 Verkehrsunf\u00e4llen bedeutet dies eine Steigerung um knapp 13 % im Vergleich zum Vorjahr. In diesem Zusammenhang bieten die Polizeiinspektionen im Landkreis in Zusammenarbeit mit der Kreisverkehrswacht spezielle Pedelec Trainings f\u00fcr Senioren an, wo neben theoretischer Vermittlung des sicheren Umgangs mit dem E-Bike auch praxisbezogene Fahr\u00fcbungen in einem abgesperrten Bereich erprobt werden k\u00f6nnen.\u00a0<\/span><\/p><p><span style=\"font-size: 12pt;\">Bei 57 Unf\u00e4llen waren Motorradfahrer beteiligt, wovon mit 50 Zweiradfahrern erfreulicherweise gut 7% weniger verletzt wurden als in 2022. Zudem ereigneten sich 2023 etwa 10% weniger Unf\u00e4lle mit Beteiligung von Fu\u00dfg\u00e4ngern.\u00a0<\/span><\/p><p><span style=\"font-size: 12pt;\">Ein mit dem Gesamtunfallzahlen korrelierender Anstieg ist auch im Bereich der Fahrerfluchten zu verzeichnen. Bei 431 Unfallfluchten konnte in 163 F\u00e4llen (19 mehr als im Vorjahr) der jeweilige Verursacher, nicht zuletzt aufgrund vieler Mitteilungen und Hinweise aus der Bev\u00f6lkerung, ermittelt werden. Die Anzahl der Verkehrsunf\u00e4lle unter Alkohol- bzw. Drogeneinfluss befindet sich mit 31 F\u00e4llen im Durchschnitt der letzten Jahre. In der Gesamtschau der Unfallursachen nimmt diese Unfallgruppe einen sehr geringen Anteil ein. Hauptunfallursachen sind vielmehr ungen\u00fcgender Sicherheitsabstand, Fehler beim Abbiegen, Wenden und R\u00fcckw\u00e4rtsfahren sowie Vorfahrtsverst\u00f6\u00dfe, aber auch Ablenkung und teilweise nicht angepasste Geschwindigkeit. Aber selbst ohne individuelles Fehlverhalten kann es immer wieder zu Verkehrsunf\u00e4llen kommen. So verzeichnet die Statistik insgesamt 1520 Wildunf\u00e4lle, 92 weniger als im Vorjahr.\u00a0<\/span><\/p><p><span style=\"font-size: 12pt;\">Zur Bek\u00e4mpfung der Geschwindigkeitsunf\u00e4lle wurden im vergangenen Jahr im Landkreis bei Geschwindigkeits\u00fcberwachungen mit dem Handlasermessger\u00e4t 1095 Einsatzstunden geleistet. 307 Verkehrsteilnehmer mussten ein Verwarnungsgeld entrichten, 712 erhielten einen Bu\u00dfgeldbescheid inklusive Punkte in Flensburg. Zus\u00e4tzlich \u00fcberwachte die Verkehrspolizei Ansbach mit technischem Ger\u00e4t (Lichtschranke, Radarger\u00e4t) Unfallh\u00e4ufungsstellen und Gefahrenpunkte im Landkreis. Auch seitens der kommunalen Verkehrs\u00fcberwachung der St\u00e4dte Wei\u00dfenburg, Gunzenhausen und Treuchtlingen wurden Geschwindigkeitskontrollen durchgef\u00fchrt.\u00a0<\/span><\/p><p><span style=\"font-size: 12pt;\">Insgesamt wurden 120 Blutentnahmen (Alkohol) bzw. Atemalkoholtests veranlasst. Bez\u00fcglich Fahrten unter Drogeneinfluss mussten sich 57 Kraftfahrzeugf\u00fchrer verantworten. 183 Kraftfahrer mussten ein Verwarnungsgeld wegen eines Versto\u00dfes gegen die Gurtanlegepflicht entrichten. 636 Bu\u00dfgeldbescheide ergingen gegen Fahrzeugf\u00fchrer wegen verbotener Benutzung des Mobiltelefons.\u00a0<\/span><\/p><p><span style=\"font-size: 12pt;\">Nachdem die Problematik der unzul\u00e4ssigen L\u00e4rmbel\u00e4stigung durch sogenannte Tuner und Poser in den vergangenen Jahren zu erh\u00f6htem Beschwerdeaufkommen f\u00fchrte, konnte diesem Ph\u00e4nomen durch gezielte Kontrollaktionen, u.a. zusammen mit der eigens darauf spezialisierten Kontrollgruppe Cartuning des Polizeipr\u00e4sidiums Mittelfranken erfolgreich begegnet werden. 64 Verst\u00f6\u00dfe wegen dem Erl\u00f6schen der Betriebserlaubnis an nicht ordnungsgem\u00e4\u00df ausger\u00fcsteten Fahrzeugen und 16 Bu\u00dfgeldverfahren wegen der Verursachung unzul\u00e4ssigen L\u00e4rms unter Verwendung eines Kfz waren in diesem Deliktsfeld landkreisweit zu verzeichnen. Auch weiterhin werden relevante Verst\u00f6\u00dfe in diesem Bereich konsequent verfolgt und geahndet.\u00a0<\/span><\/p>\t\t\t\t\t\t<\/div>\n\t\t\t\t<\/div>\n\t\t\t\t<div class=\"elementor-element elementor-element-6c3f9de elementor-widget elementor-widget-shortcode\" data-id=\"6c3f9de\" data-element_type=\"widget\" data-widget_type=\"shortcode.default\">\n\t\t\t\t<div class=\"elementor-widget-container\">\n\t\t\t\t\t<div class=\"elementor-shortcode\"><center><a href=\"https:\/\/a.partner-versicherung.de\/click.php?partner_id=19992&ad_id=441&deep=kfz-versicherung\"  target=\"_blank\"><img decoding=\"async\" src=\"https:\/\/a.partner-versicherung.de\/view.php?partner_id=19992&ad_id=441\" ><\/a><\/center><\/div>\n\t\t\t\t<\/div>\n\t\t\t\t<\/div>\n\t\t\t\t<div class=\"elementor-element elementor-element-ace1283 elementor-widget-divider--view-line elementor-widget elementor-widget-divider\" data-id=\"ace1283\" data-element_type=\"widget\" data-widget_type=\"divider.default\">\n\t\t\t\t<div class=\"elementor-widget-container\">\n\t\t\t\t\t<div class=\"elementor-divider\">\n\t\t\t<span class=\"elementor-divider-separator\">\n\t\t\t\t\t\t<\/span>\n\t\t<\/div>\n\t\t\t\t<\/div>\n\t\t\t\t<\/div>\n\t\t\t\t<div class=\"elementor-element elementor-element-06e666a elementor-widget elementor-widget-google_maps\" data-id=\"06e666a\" data-element_type=\"widget\" data-widget_type=\"google_maps.default\">\n\t\t\t\t<div class=\"elementor-widget-container\">\n\t\t\t\t\t<div class=\"elementor-custom-embed\">\n\t\t\t<iframe loading=\"lazy\"\n\t\t\t\t\tsrc=\"https:\/\/maps.google.com\/maps?q=Wei%C3%9Fenburg%2C%20Deutschland&#038;t=m&#038;z=11&#038;output=embed&#038;iwloc=near\"\n\t\t\t\t\ttitle=\"Wei\u00dfenburg, Deutschland\"\n\t\t\t\t\taria-label=\"Wei\u00dfenburg, Deutschland\"\n\t\t\t><\/iframe>\n\t\t<\/div>\n\t\t\t\t<\/div>\n\t\t\t\t<\/div>\n\t\t\t\t\t<\/div>\n\t\t<\/div>\n\t\t\t\t<div class=\"elementor-column elementor-col-50 elementor-top-column elementor-element elementor-element-4ce46fb\" data-id=\"4ce46fb\" data-element_type=\"column\">\n\t\t\t<div class=\"elementor-widget-wrap elementor-element-populated\">\n\t\t\t\t\t\t<div class=\"elementor-element elementor-element-38f4e35 elementor-widget elementor-widget-heading\" data-id=\"38f4e35\" data-element_type=\"widget\" data-widget_type=\"heading.default\">\n\t\t\t\t<div class=\"elementor-widget-container\">\n\t\t\t<h3 class=\"elementor-heading-title elementor-size-default\">Schnell vergleichen und sparen!<\/h3>\t\t<\/div>\n\t\t\t\t<\/div>\n\t\t\t\t<div class=\"elementor-element elementor-element-92c49bc elementor-widget elementor-widget-wp-widget-advads_ad_widget\" data-id=\"92c49bc\" data-element_type=\"widget\" data-widget_type=\"wp-widget-advads_ad_widget.default\">\n\t\t\t\t<div class=\"elementor-widget-container\">\n\t\t\t<div id=\"regio-1521730046\"><div class=\"regio-adlabel\">Werbung<\/div><!-- Beginn https:\/\/www.financeads.net\/-Code --><a href=\"https:\/\/www.financeads.net\/tc.php?t=36648C236142529B\" target=\"_blank\"><img fetchpriority=\"high\" decoding=\"async\" src=\"https:\/\/www.financeads.net\/tb.php?t=36648V236142529B&https=1\" alt=\"\" border=\"0\" width=\"300\" height=\"250\"><\/a><!-- Ende https:\/\/www.financeads.net\/-Code --><\/div>\t\t<\/div>\n\t\t\t\t<\/div>\n\t\t\t\t<div class=\"elementor-element elementor-element-cb0c78c elementor-widget elementor-widget-wp-widget-advads_ad_widget\" data-id=\"cb0c78c\" data-element_type=\"widget\" data-widget_type=\"wp-widget-advads_ad_widget.default\">\n\t\t\t\t<div class=\"elementor-widget-container\">\n\t\t\t<div id=\"regio-2738285705\"><div class=\"regio-adlabel\">Werbung<\/div><!-- Beginn https:\/\/www.financeads.net\/-Code --><a href=\"https:\/\/www.financeads.net\/tc.php?t=36648C42614510B\" target=\"_blank\"><img decoding=\"async\" src=\"https:\/\/www.financeads.net\/tb.php?t=36648V42614510B&https=1\" alt=\"\" border=\"0\" width=\"200\" height=\"300\"><\/a><!-- Ende https:\/\/www.financeads.net\/-Code --><\/div>\t\t<\/div>\n\t\t\t\t<\/div>\n\t\t\t\t<div class=\"elementor-element elementor-element-31c9ced elementor-widget elementor-widget-wp-widget-advads_ad_widget\" data-id=\"31c9ced\" data-element_type=\"widget\" data-widget_type=\"wp-widget-advads_ad_widget.default\">\n\t\t\t\t<div class=\"elementor-widget-container\">\n\t\t\t<div id=\"regio-3145758235\"><div class=\"regio-adlabel\">Werbung<\/div><!-- Beginn https:\/\/www.financeads.net\/-Code --><a href=\"https:\/\/www.financeads.net\/tc.php?t=36648C205040072B\" target=\"_blank\"><img decoding=\"async\" src=\"https:\/\/www.financeads.net\/tb.php?t=36648V205040072B&https=1\" alt=\"\" border=\"0\" width=\"300\" height=\"250\"><\/a><!-- Ende https:\/\/www.financeads.net\/-Code --><\/div>\t\t<\/div>\n\t\t\t\t<\/div>\n\t\t\t\t<div class=\"elementor-element elementor-element-0344b9f elementor-widget elementor-widget-wp-widget-advads_ad_widget\" data-id=\"0344b9f\" data-element_type=\"widget\" data-widget_type=\"wp-widget-advads_ad_widget.default\">\n\t\t\t\t<div class=\"elementor-widget-container\">\n\t\t\t<div id=\"regio-756153872\"><div class=\"regio-adlabel\">Werbung<\/div><!-- Beginn https:\/\/www.financeads.net\/-Code --><a href=\"https:\/\/www.financeads.net\/tc.php?t=36648C271460142B\" target=\"_blank\"><img loading=\"lazy\" decoding=\"async\" src=\"https:\/\/www.financeads.net\/tb.php?t=36648V271460142B&https=1\" alt=\"PETPROTECT_Hund&Katze_Banner\" border=\"0\" width=\"250\" height=\"250\"><\/a><!-- Ende https:\/\/www.financeads.net\/-Code --><\/div>\t\t<\/div>\n\t\t\t\t<\/div>\n\t\t\t\t\t<\/div>\n\t\t<\/div>\n\t\t\t\t\t<\/div>\n\t\t<\/section>\n\t\t\t\t<\/div>\n\t\t","protected":false},"excerpt":{"rendered":"<div class=\"mh-excerpt\"><p>2023 gab es mehr Verkehrsunf\u00e4lle im Landkreis\u00a0 Wei\u00dfenburg &#8211; Auch wenn die Steigerung nur marginal ist &#8211; im Jahr 2023 gab es im Landkreis Wei\u00dfenburg-Gunzenhausen mehr Verkehrsunf\u00e4lle als im Vorjahr.\u00a0 Die Polizeidienststellen in Wei\u00dfenburg, Gunzenhausen <a class=\"mh-excerpt-more\" href=\"https:\/\/www.region-schwabach.de\/wordpress\/weissenburger-polizei-veroffentlicht-verkehrsunfallstatistik-fur-2023\/\" title=\"Wei\u00dfenburger Polizei ver\u00f6ffentlicht Verkehrsunfallstatistik f\u00fcr 2023\">[&#8230;]<\/a><\/p>\n<\/div>","protected":false},"author":1,"featured_media":228417,"comment_status":"open","ping_status":"open","sticky":false,"template":"","format":"standard","meta":{"_cbd_carousel_blocks":"[]","footnotes":""},"categories":[22135,21581,21316,22879,22614,22354,21838,15],"tags":[21307,24888,24889,5088,11015,24891,981,24883,24887,24885,24886,24890,24884,1740,24882,249],"class_list":{"0":"post-228416","1":"post","2":"type-post","3":"status-publish","4":"format-standard","5":"has-post-thumbnail","7":"category-polizei-april-2023","8":"category-polizei-februar-2023","9":"category-polizei-januar-2023","10":"category-polizei-juli-2023","11":"category-polizei-juni-2023","12":"category-polizei-mai-2023","13":"category-polizei-maerz-2023","14":"category-polizeimeldungen","15":"tag-21307","16":"tag-blutentnahmen","17":"tag-fahrerfluchten","18":"tag-geschwindigkeitskontrollen","19":"tag-landkreis","20":"tag-laermbelaestigungen","21":"tag-polizei","22":"tag-poster","23":"tag-radfahrunfaelle","24":"tag-schulwegunfaelle","25":"tag-tuner","26":"tag-unfallfluchten","27":"tag-verkehrstote","28":"tag-verkehrsunfaelle","29":"tag-verkehrsunfallstatistik","30":"tag-weissenburg"},"_links":{"self":[{"href":"https:\/\/www.region-schwabach.de\/wordpress\/wp-json\/wp\/v2\/posts\/228416","targetHints":{"allow":["GET"]}}],"collection":[{"href":"https:\/\/www.region-schwabach.de\/wordpress\/wp-json\/wp\/v2\/posts"}],"about":[{"href":"https:\/\/www.region-schwabach.de\/wordpress\/wp-json\/wp\/v2\/types\/post"}],"author":[{"embeddable":true,"href":"https:\/\/www.region-schwabach.de\/wordpress\/wp-json\/wp\/v2\/users\/1"}],"replies":[{"embeddable":true,"href":"https:\/\/www.region-schwabach.de\/wordpress\/wp-json\/wp\/v2\/comments?post=228416"}],"version-history":[{"count":0,"href":"https:\/\/www.region-schwabach.de\/wordpress\/wp-json\/wp\/v2\/posts\/228416\/revisions"}],"wp:featuredmedia":[{"embeddable":true,"href":"https:\/\/www.region-schwabach.de\/wordpress\/wp-json\/wp\/v2\/media\/228417"}],"wp:attachment":[{"href":"https:\/\/www.region-schwabach.de\/wordpress\/wp-json\/wp\/v2\/media?parent=228416"}],"wp:term":[{"taxonomy":"category","embeddable":true,"href":"https:\/\/www.region-schwabach.de\/wordpress\/wp-json\/wp\/v2\/categories?post=228416"},{"taxonomy":"post_tag","embeddable":true,"href":"https:\/\/www.region-schwabach.de\/wordpress\/wp-json\/wp\/v2\/tags?post=228416"}],"curies":[{"name":"wp","href":"https:\/\/api.w.org\/{rel}","templated":true}]}}