{"id":228818,"date":"2024-03-22T01:30:00","date_gmt":"2024-03-22T00:30:00","guid":{"rendered":"https:\/\/www.region-schwabach.de\/wordpress\/?p=228818"},"modified":"2024-03-21T23:50:06","modified_gmt":"2024-03-21T22:50:06","slug":"nachholtermin-fur-die-im-november-2023-ausgefallene-lesung-mit-christine-westermann-am-freitag-den-22-marz-2024-um-19-30-uhr-im-markgrafensaal-schwabach","status":"publish","type":"post","link":"https:\/\/www.region-schwabach.de\/wordpress\/nachholtermin-fur-die-im-november-2023-ausgefallene-lesung-mit-christine-westermann-am-freitag-den-22-marz-2024-um-19-30-uhr-im-markgrafensaal-schwabach\/","title":{"rendered":"Nachholtermin f\u00fcr die im November 2023 ausgefallene Lesung mit Christine Westermann am Freitag, den 22. M\u00e4rz 2024, um 19.30 Uhr im Markgrafensaal Schwabach"},"content":{"rendered":"\t\t<div data-elementor-type=\"wp-post\" data-elementor-id=\"228818\" class=\"elementor elementor-228818\">\n\t\t\t\t\t\t<section class=\"elementor-section elementor-top-section elementor-element elementor-element-678181b elementor-section-boxed elementor-section-height-default elementor-section-height-default\" data-id=\"678181b\" data-element_type=\"section\">\n\t\t\t\t\t\t<div class=\"elementor-container elementor-column-gap-default\">\n\t\t\t\t\t<div class=\"elementor-column elementor-col-66 elementor-top-column elementor-element elementor-element-6b34026\" data-id=\"6b34026\" data-element_type=\"column\">\n\t\t\t<div class=\"elementor-widget-wrap elementor-element-populated\">\n\t\t\t\t\t\t<div class=\"elementor-element elementor-element-443ab98 elementor-widget elementor-widget-text-editor\" data-id=\"443ab98\" data-element_type=\"widget\" data-widget_type=\"text-editor.default\">\n\t\t\t\t<div class=\"elementor-widget-container\">\n\t\t\t\t\t\t\t<h3>Nachholtermin am Freitag, den 22. M\u00e4rz\u00a0 2024, um 19.30 Uhr im Markgrafensaal f\u00fcr die im November 2023 ausgefallene Lesung:\u00a0<br \/><span style=\"font-size: 14pt;\"><strong>Christine Westermann<\/strong> &#8211; &#8222;<strong>Die Familien der anderen. Mein Leben in B\u00fcchern<\/strong>&#8220;\u00a0<\/span><\/h3><p><span style=\"font-size: 12pt;\">Schwabach &#8211;\u00a0Christine Westermann, preisgekr\u00f6nte Journalistin, Moderatorin und Bestsellerautorin, genie\u00dft mit ihren Buchempfehlungen gro\u00dfes Vertrauen bei einem breiten Publikum. B\u00fccher sind aus ihrem heutigen Leben nicht wegzudenken, sie sind f\u00fcr sie Fenster in ein fremdes Leben. Dabei war ihr Weg zu den B\u00fcchern kein selbstverst\u00e4ndlicher, eher ein Hindernislauf. Elegant, ehrlich und mit wunderbarer Selbstironie erz\u00e4hlt Christine Westermann, wie sie zu den B\u00fcchern (und Thomas Mann) fand \u2013 und begibt sich dabei auf eine fesselnde Zeitreise in ihre eigene, von Br\u00fcchen gezeichnete Familiengeschichte.\u00a0<\/span><\/p><p><span style=\"font-size: 12pt;\">Christine Westermann (Jahrgang 1948) lebt in K\u00f6ln. Mit ihren Buchempfehlungen im Stern, ihren Sendungen im H\u00f6rfunk (Buchtipps im WDR) und als Kolumnistin des Buchjournals ist sie eine der bekanntesten Buchkritikerinnen Deutschlands. Sie war festes Mitglied in der Fernsehsendung \u201eDas literarische Quartett\u201c. F\u00fcr ihre gemeinsam mit G\u00f6tz Alsmann moderierte TV-Sendung \u201eZimmer frei\u201c erhielt sie den Adolf-Grimme-Preis. Ihre Fernsehkarriere begann sie bei der \u201eDrehscheibe\u201c im ZDF, sp\u00e4ter moderierte sie die \u201eAktuelle Stunde\u201c. Westermann hat bislang f\u00fcnf B\u00fccher ver\u00f6ffentlicht, die allesamt Bestseller wurden. Sie liebt es, ihre B\u00fccher auf Lesereisen vorzustellen. Wer sie noch nicht live erlebt hat, hat etwas vers\u00e4umt.\u00a0<\/span><\/p><p><span style=\"font-size: 12pt;\">Christine Westermann: Die Familien der anderen. Mein Leben in B\u00fcchern<\/span><br \/><span style=\"font-size: 12pt;\">Kiepenheuer &amp; Witsch Verlag 2022\u00a0<\/span><\/p><table style=\"border-collapse: collapse; width: 100%;\" border=\"1\"><tbody><tr><td style=\"width: 25%;\"><a href=\"https:\/\/www.region-schwabach.de\/wordpress\/wp-content\/uploads\/2023\/11\/LesArt_2023_Christine-Westermann-_Koeln-im-Maerz-2022_\u00a9-Ben-Knabe-e1699304840432.jpg\"><img fetchpriority=\"high\" decoding=\"async\" class=\"size-full wp-image-218032\" src=\"https:\/\/www.region-schwabach.de\/wordpress\/wp-content\/uploads\/2023\/11\/LesArt_2023_Christine-Westermann-_Koeln-im-Maerz-2022_\u00a9-Ben-Knabe-e1699304840432.jpg\" alt=\"\" width=\"216\" height=\"324\" \/><\/a> Christine Westermann _Koeln im M\u00e4rz 2022_\u00a9 Ben Knabe[<\/td><td style=\"width: 50%; text-align: left; vertical-align: middle;\"><p><strong><span style=\"font-size: 12pt;\">Freitag, 22.03.2024, 19.30 Uhr, Markgrafensaal<\/span><\/strong><\/p><p><strong><span style=\"font-size: 12pt;\">Lesung mit der Bestsellerautorin Christine Westermann\u00a0 \u00a0<\/span><\/strong><\/p><p><strong><span style=\"font-size: 12pt;\">\u201eDie Familien der anderen. Mein Leben in B\u00fcchern\u201c\u00a0<\/span><\/strong><\/p><p><a href=\"https:\/\/www.schwabach.de\/de\/kulturamt\/infoseiten-kulturamt\/11876-27-lesart-christine-westermann-die-familien-der-anderen-mein-leben-in-buechern.html\" target=\"_blank\" rel=\"noopener\"><strong><span style=\"font-size: 12pt;\">Weitere Infos gibt es hier &#8230;\u00a0<\/span><\/strong><\/a><\/p><\/td><\/tr><\/tbody><\/table><p>\u00a0<\/p>\t\t\t\t\t\t<\/div>\n\t\t\t\t<\/div>\n\t\t\t\t<div class=\"elementor-element elementor-element-fc55cc3 elementor-widget elementor-widget-shortcode\" data-id=\"fc55cc3\" data-element_type=\"widget\" data-widget_type=\"shortcode.default\">\n\t\t\t\t<div class=\"elementor-widget-container\">\n\t\t\t\t\t<div class=\"elementor-shortcode\"><center><a href=\"https:\/\/a.partner-versicherung.de\/click.php?partner_id=19992&ad_id=441&deep=kfz-versicherung\"  target=\"_blank\"><img decoding=\"async\" src=\"https:\/\/a.partner-versicherung.de\/view.php?partner_id=19992&ad_id=441\" ><\/a><\/center><\/div>\n\t\t\t\t<\/div>\n\t\t\t\t<\/div>\n\t\t\t\t\t<\/div>\n\t\t<\/div>\n\t\t\t\t<div class=\"elementor-column elementor-col-33 elementor-top-column elementor-element elementor-element-f645137\" data-id=\"f645137\" data-element_type=\"column\">\n\t\t\t<div class=\"elementor-widget-wrap elementor-element-populated\">\n\t\t\t\t\t\t<div class=\"elementor-element elementor-element-46aa455 elementor-widget elementor-widget-heading\" data-id=\"46aa455\" data-element_type=\"widget\" data-widget_type=\"heading.default\">\n\t\t\t\t<div class=\"elementor-widget-container\">\n\t\t\t<h3 class=\"elementor-heading-title elementor-size-default\">Schnell vergleichen und sparen!<\/h3>\t\t<\/div>\n\t\t\t\t<\/div>\n\t\t\t\t<div class=\"elementor-element elementor-element-7109c22 elementor-widget elementor-widget-wp-widget-advads_ad_widget\" data-id=\"7109c22\" data-element_type=\"widget\" data-widget_type=\"wp-widget-advads_ad_widget.default\">\n\t\t\t\t<div class=\"elementor-widget-container\">\n\t\t\t<div id=\"regio-2236379650\"><div class=\"regio-adlabel\">Werbung<\/div><!-- Beginn https:\/\/www.financeads.net\/-Code --><a href=\"https:\/\/www.financeads.net\/tc.php?t=36648C236142529B\" target=\"_blank\"><img decoding=\"async\" src=\"https:\/\/www.financeads.net\/tb.php?t=36648V236142529B&https=1\" alt=\"\" border=\"0\" width=\"300\" height=\"250\"><\/a><!-- Ende https:\/\/www.financeads.net\/-Code --><\/div>\t\t<\/div>\n\t\t\t\t<\/div>\n\t\t\t\t<div class=\"elementor-element elementor-element-1c90843 elementor-widget elementor-widget-wp-widget-advads_ad_widget\" data-id=\"1c90843\" data-element_type=\"widget\" data-widget_type=\"wp-widget-advads_ad_widget.default\">\n\t\t\t\t<div class=\"elementor-widget-container\">\n\t\t\t<div id=\"regio-2189832345\"><div class=\"regio-adlabel\">Werbung<\/div><!-- Beginn https:\/\/www.financeads.net\/-Code --><a href=\"https:\/\/www.financeads.net\/tc.php?t=36648C42614510B\" target=\"_blank\"><img decoding=\"async\" src=\"https:\/\/www.financeads.net\/tb.php?t=36648V42614510B&https=1\" alt=\"\" border=\"0\" width=\"200\" height=\"300\"><\/a><!-- Ende https:\/\/www.financeads.net\/-Code --><\/div>\t\t<\/div>\n\t\t\t\t<\/div>\n\t\t\t\t<div class=\"elementor-element elementor-element-f9ebf1f elementor-widget elementor-widget-wp-widget-advads_ad_widget\" data-id=\"f9ebf1f\" data-element_type=\"widget\" data-widget_type=\"wp-widget-advads_ad_widget.default\">\n\t\t\t\t<div class=\"elementor-widget-container\">\n\t\t\t<div id=\"regio-1035342960\"><div class=\"regio-adlabel\">Werbung<\/div><!-- Beginn https:\/\/www.financeads.net\/-Code --><a href=\"https:\/\/www.financeads.net\/tc.php?t=36648C205040072B\" target=\"_blank\"><img loading=\"lazy\" decoding=\"async\" src=\"https:\/\/www.financeads.net\/tb.php?t=36648V205040072B&https=1\" alt=\"\" border=\"0\" width=\"300\" height=\"250\"><\/a><!-- Ende https:\/\/www.financeads.net\/-Code --><\/div>\t\t<\/div>\n\t\t\t\t<\/div>\n\t\t\t\t<div class=\"elementor-element elementor-element-2d72782 elementor-widget elementor-widget-wp-widget-advads_ad_widget\" data-id=\"2d72782\" data-element_type=\"widget\" data-widget_type=\"wp-widget-advads_ad_widget.default\">\n\t\t\t\t<div class=\"elementor-widget-container\">\n\t\t\t<div id=\"regio-3722788156\"><div class=\"regio-adlabel\">Werbung<\/div><!-- Beginn https:\/\/www.financeads.net\/-Code --><a href=\"https:\/\/www.financeads.net\/tc.php?t=36648C271460142B\" target=\"_blank\"><img loading=\"lazy\" decoding=\"async\" src=\"https:\/\/www.financeads.net\/tb.php?t=36648V271460142B&https=1\" alt=\"PETPROTECT_Hund&Katze_Banner\" border=\"0\" width=\"250\" height=\"250\"><\/a><!-- Ende https:\/\/www.financeads.net\/-Code --><\/div>\t\t<\/div>\n\t\t\t\t<\/div>\n\t\t\t\t\t<\/div>\n\t\t<\/div>\n\t\t\t\t\t<\/div>\n\t\t<\/section>\n\t\t\t\t<\/div>\n\t\t","protected":false},"excerpt":{"rendered":"<div class=\"mh-excerpt\"><p>Nachholtermin am Freitag, den 22. M\u00e4rz\u00a0 2024, um 19.30 Uhr im Markgrafensaal f\u00fcr die im November 2023 ausgefallene Lesung:\u00a0Christine Westermann &#8211; &#8222;Die Familien der anderen. Mein Leben in B\u00fcchern&#8220;\u00a0 Schwabach &#8211;\u00a0Christine Westermann, preisgekr\u00f6nte Journalistin, Moderatorin <a class=\"mh-excerpt-more\" href=\"https:\/\/www.region-schwabach.de\/wordpress\/nachholtermin-fur-die-im-november-2023-ausgefallene-lesung-mit-christine-westermann-am-freitag-den-22-marz-2024-um-19-30-uhr-im-markgrafensaal-schwabach\/\" title=\"Nachholtermin f\u00fcr die im November 2023 ausgefallene Lesung mit Christine Westermann am Freitag, den 22. M\u00e4rz 2024, um 19.30 Uhr im Markgrafensaal Schwabach\">[&#8230;]<\/a><\/p>\n<\/div>","protected":false},"author":1,"featured_media":228819,"comment_status":"open","ping_status":"open","sticky":false,"template":"","format":"standard","meta":{"_cbd_carousel_blocks":"[]","footnotes":""},"categories":[16,287,61,231],"tags":[23862,24916,24915,23861,23869,23866,23865,23867,522,311,2029,2028,23868,1480,20104,19],"class_list":{"0":"post-228818","1":"post","2":"type-post","3":"status-publish","4":"format-standard","5":"has-post-thumbnail","7":"category-aktuell","8":"category-jugend-und-familie","9":"category-rathaus","10":"category-veranstaltungsnews","11":"tag-07-11-2023","12":"tag-22-maerz-2024","13":"tag-22-03-2024","14":"tag-7-november-2023","15":"tag-bestsellerautorin","16":"tag-christine-westermann","17":"tag-die-familien-der-anderen-mein-leben-in-buechern","18":"tag-journalistin","19":"tag-koenigsplatz","20":"tag-lesart","21":"tag-ludwigstrasse","22":"tag-markgrafensaal","23":"tag-moderatorin","24":"tag-rathaus","25":"tag-schriftstellerin","26":"tag-schwabach"},"_links":{"self":[{"href":"https:\/\/www.region-schwabach.de\/wordpress\/wp-json\/wp\/v2\/posts\/228818","targetHints":{"allow":["GET"]}}],"collection":[{"href":"https:\/\/www.region-schwabach.de\/wordpress\/wp-json\/wp\/v2\/posts"}],"about":[{"href":"https:\/\/www.region-schwabach.de\/wordpress\/wp-json\/wp\/v2\/types\/post"}],"author":[{"embeddable":true,"href":"https:\/\/www.region-schwabach.de\/wordpress\/wp-json\/wp\/v2\/users\/1"}],"replies":[{"embeddable":true,"href":"https:\/\/www.region-schwabach.de\/wordpress\/wp-json\/wp\/v2\/comments?post=228818"}],"version-history":[{"count":0,"href":"https:\/\/www.region-schwabach.de\/wordpress\/wp-json\/wp\/v2\/posts\/228818\/revisions"}],"wp:featuredmedia":[{"embeddable":true,"href":"https:\/\/www.region-schwabach.de\/wordpress\/wp-json\/wp\/v2\/media\/228819"}],"wp:attachment":[{"href":"https:\/\/www.region-schwabach.de\/wordpress\/wp-json\/wp\/v2\/media?parent=228818"}],"wp:term":[{"taxonomy":"category","embeddable":true,"href":"https:\/\/www.region-schwabach.de\/wordpress\/wp-json\/wp\/v2\/categories?post=228818"},{"taxonomy":"post_tag","embeddable":true,"href":"https:\/\/www.region-schwabach.de\/wordpress\/wp-json\/wp\/v2\/tags?post=228818"}],"curies":[{"name":"wp","href":"https:\/\/api.w.org\/{rel}","templated":true}]}}