{"id":22911,"date":"2017-12-20T11:20:35","date_gmt":"2017-12-20T10:20:35","guid":{"rendered":"http:\/\/www.region-schwabach.de\/wordpress\/?p=22911"},"modified":"2017-12-20T11:35:57","modified_gmt":"2017-12-20T10:35:57","slug":"verkehrsunfall-nach-abbiegemanoever-in-wassermungenau","status":"publish","type":"post","link":"https:\/\/www.region-schwabach.de\/wordpress\/verkehrsunfall-nach-abbiegemanoever-in-wassermungenau\/","title":{"rendered":"Verkehrsunfall nach Abbiegeman\u00f6ver in Wassermungenau"},"content":{"rendered":"\t\t<div data-elementor-type=\"wp-post\" data-elementor-id=\"22911\" class=\"elementor elementor-22911 elementor-bc-flex-widget\">\n\t\t\t\t\t\t<section class=\"elementor-section elementor-top-section elementor-element elementor-element-1cuv9jr elementor-section-boxed elementor-section-height-default elementor-section-height-default\" data-id=\"1cuv9jr\" data-element_type=\"section\">\n\t\t\t\t\t\t<div class=\"elementor-container elementor-column-gap-default\">\n\t\t\t\t\t<div class=\"elementor-column elementor-col-66 elementor-top-column elementor-element elementor-element-q5zak7b\" data-id=\"q5zak7b\" data-element_type=\"column\">\n\t\t\t<div class=\"elementor-widget-wrap elementor-element-populated\">\n\t\t\t\t\t\t<div class=\"elementor-element elementor-element-86qws23 elementor-widget elementor-widget-text-editor\" data-id=\"86qws23\" data-element_type=\"widget\" data-widget_type=\"text-editor.default\">\n\t\t\t\t<div class=\"elementor-widget-container\">\n\t\t\t\t\t\t\t<h3><strong>Verkehrsunfall in Wassermungenau<\/strong><\/h3><p>Abenberg &#8211;\u00a0Am Dienstagmorgen, den 19.12.2017, kam es in der Ortsmitte von Wassermungenau zu einem Verkehrsunfall, dessen Bilanz drei ramponierte Autos mit einem Schaden in H\u00f6he von ca. 20.000 Euro und zwei Leichtverletzte sind.<\/p><p>Dabei wollte eine 21 J\u00e4hrige aus Heilsbronn von der Bundesstra\u00dfe nach links Richtung Spalt abbiegen, als sie beim Abbiegen zwei entgegenkommende 45-j\u00e4hrige Handwerker mit ihrem Kleintransporter \u00fcbersah.<\/p><h3>Zwei Leichtverletzte<\/h3><p>Bei dem folgenden Zusammensto\u00df wurden die Unfallverursacherin und der Beifahrer des Transporters leicht verletz, und ein weiterer PKW in den Unfall verwickelt, der an der Kreuzung wartend, von dem Kleinwagen der 21 J\u00e4hrigen noch an der Fahrert\u00fcr getroffen wurde.<\/p><h3>Erhebliche Verkehrsbehinderungen<\/h3><p>Die Unfallaufnahme und die eingeleiteten Bergungsarbeiten f\u00fchrten zu erheblichen Verkehrsbehinderungen im morgendlichen Berufsverkehr.<\/p>\t\t\t\t\t\t<\/div>\n\t\t\t\t<\/div>\n\t\t\t\t<div class=\"elementor-element elementor-element-1l7zbzo elementor-widget elementor-widget-google_maps\" data-id=\"1l7zbzo\" data-element_type=\"widget\" data-widget_type=\"google_maps.default\">\n\t\t\t\t<div class=\"elementor-widget-container\">\n\t\t\t\t\t<div class=\"elementor-custom-embed\">\n\t\t\t<iframe loading=\"lazy\"\n\t\t\t\t\tsrc=\"https:\/\/maps.google.com\/maps?q=Wassermungenau%2C%20Deutschland&#038;t=m&#038;z=16&#038;output=embed&#038;iwloc=near\"\n\t\t\t\t\ttitle=\"Wassermungenau, Deutschland\"\n\t\t\t\t\taria-label=\"Wassermungenau, Deutschland\"\n\t\t\t><\/iframe>\n\t\t<\/div>\n\t\t\t\t<\/div>\n\t\t\t\t<\/div>\n\t\t\t\t\t<\/div>\n\t\t<\/div>\n\t\t\t\t<div class=\"elementor-column elementor-col-33 elementor-top-column elementor-element elementor-element-0w0urt1\" data-id=\"0w0urt1\" data-element_type=\"column\">\n\t\t\t<div class=\"elementor-widget-wrap elementor-element-populated\">\n\t\t\t\t\t\t<div class=\"elementor-element elementor-element-mo6nk5i elementor-widget elementor-widget-image\" data-id=\"mo6nk5i\" data-element_type=\"widget\" data-widget_type=\"image.default\">\n\t\t\t\t<div class=\"elementor-widget-container\">\n\t\t\t\t\t\t\t\t\t\t\t\t\t\t<a href=\"http:\/\/www.region-schwabach.de\/wordpress\/werben-auf-region-schwabach\/\" target=\"_blank\">\n\t\t\t\t\t\t\t<img fetchpriority=\"high\" decoding=\"async\" width=\"1024\" height=\"1024\" src=\"https:\/\/www.region-schwabach.de\/wordpress\/wp-content\/uploads\/2017\/06\/werbung8-1024x1024.png\" class=\"attachment-large size-large wp-image-2484\" alt=\"\" srcset=\"https:\/\/www.region-schwabach.de\/wordpress\/wp-content\/uploads\/2017\/06\/werbung8-1024x1024.png 1024w, https:\/\/www.region-schwabach.de\/wordpress\/wp-content\/uploads\/2017\/06\/werbung8-150x150.png 150w, https:\/\/www.region-schwabach.de\/wordpress\/wp-content\/uploads\/2017\/06\/werbung8-300x300.png 300w, https:\/\/www.region-schwabach.de\/wordpress\/wp-content\/uploads\/2017\/06\/werbung8-768x768.png 768w, https:\/\/www.region-schwabach.de\/wordpress\/wp-content\/uploads\/2017\/06\/werbung8-600x600.png 600w, https:\/\/www.region-schwabach.de\/wordpress\/wp-content\/uploads\/2017\/06\/werbung8.png 1200w\" sizes=\"(max-width: 1024px) 100vw, 1024px\" \/>\t\t\t\t\t\t\t\t<\/a>\n\t\t\t\t\t\t\t\t\t\t\t\t\t<\/div>\n\t\t\t\t<\/div>\n\t\t\t\t\t<\/div>\n\t\t<\/div>\n\t\t\t\t\t<\/div>\n\t\t<\/section>\n\t\t\t\t<\/div>\n\t\t","protected":false},"excerpt":{"rendered":"<div class=\"mh-excerpt\"><p>Verkehrsunfall in Wassermungenau Abenberg &#8211;\u00a0Am Dienstagmorgen, den 19.12.2017, kam es in der Ortsmitte von Wassermungenau zu einem Verkehrsunfall, dessen Bilanz drei ramponierte Autos mit einem Schaden in H\u00f6he von ca. 20.000 Euro und zwei Leichtverletzte <a class=\"mh-excerpt-more\" href=\"https:\/\/www.region-schwabach.de\/wordpress\/verkehrsunfall-nach-abbiegemanoever-in-wassermungenau\/\" title=\"Verkehrsunfall nach Abbiegeman\u00f6ver in Wassermungenau\">[&#8230;]<\/a><\/p>\n<\/div>","protected":false},"author":1,"featured_media":22915,"comment_status":"open","ping_status":"open","sticky":false,"template":"","format":"standard","meta":{"_cbd_carousel_blocks":"[]","footnotes":""},"categories":[15],"tags":[1719,1590,578,1122,917,1253,463,32,401,713,628,334,1042,249],"class_list":{"0":"post-22911","1":"post","2":"type-post","3":"status-publish","4":"format-standard","5":"has-post-thumbnail","7":"category-polizeimeldungen","8":"tag-19-12-2017","9":"tag-abbiegen","10":"tag-abenberg","11":"tag-beschaedigung","12":"tag-bundesstrasse","13":"tag-leichtverletzte","14":"tag-pkw","15":"tag-roth","16":"tag-sachschaden","17":"tag-schaden","18":"tag-spalt","19":"tag-unfall","20":"tag-wassermungenau","21":"tag-weissenburg"},"_links":{"self":[{"href":"https:\/\/www.region-schwabach.de\/wordpress\/wp-json\/wp\/v2\/posts\/22911","targetHints":{"allow":["GET"]}}],"collection":[{"href":"https:\/\/www.region-schwabach.de\/wordpress\/wp-json\/wp\/v2\/posts"}],"about":[{"href":"https:\/\/www.region-schwabach.de\/wordpress\/wp-json\/wp\/v2\/types\/post"}],"author":[{"embeddable":true,"href":"https:\/\/www.region-schwabach.de\/wordpress\/wp-json\/wp\/v2\/users\/1"}],"replies":[{"embeddable":true,"href":"https:\/\/www.region-schwabach.de\/wordpress\/wp-json\/wp\/v2\/comments?post=22911"}],"version-history":[{"count":0,"href":"https:\/\/www.region-schwabach.de\/wordpress\/wp-json\/wp\/v2\/posts\/22911\/revisions"}],"wp:featuredmedia":[{"embeddable":true,"href":"https:\/\/www.region-schwabach.de\/wordpress\/wp-json\/wp\/v2\/media\/22915"}],"wp:attachment":[{"href":"https:\/\/www.region-schwabach.de\/wordpress\/wp-json\/wp\/v2\/media?parent=22911"}],"wp:term":[{"taxonomy":"category","embeddable":true,"href":"https:\/\/www.region-schwabach.de\/wordpress\/wp-json\/wp\/v2\/categories?post=22911"},{"taxonomy":"post_tag","embeddable":true,"href":"https:\/\/www.region-schwabach.de\/wordpress\/wp-json\/wp\/v2\/tags?post=22911"}],"curies":[{"name":"wp","href":"https:\/\/api.w.org\/{rel}","templated":true}]}}