{"id":230437,"date":"2024-04-13T01:45:00","date_gmt":"2024-04-12T23:45:00","guid":{"rendered":"https:\/\/www.region-schwabach.de\/wordpress\/?p=230437"},"modified":"2024-04-13T03:18:19","modified_gmt":"2024-04-13T01:18:19","slug":"fairtrade-stadt-schwabach-zeigt-sich-am-samstag-den-13-april-2024-auf-dem-markplatz","status":"publish","type":"post","link":"https:\/\/www.region-schwabach.de\/wordpress\/fairtrade-stadt-schwabach-zeigt-sich-am-samstag-den-13-april-2024-auf-dem-markplatz\/","title":{"rendered":"Fairtrade-Stadt Schwabach zeigt sich am Samstag, den 13. April 2024 auf dem Markplatz"},"content":{"rendered":"\t\t<div data-elementor-type=\"wp-post\" data-elementor-id=\"230437\" class=\"elementor elementor-230437\">\n\t\t\t\t\t\t<section class=\"elementor-section elementor-top-section elementor-element elementor-element-678181b elementor-section-boxed elementor-section-height-default elementor-section-height-default\" data-id=\"678181b\" data-element_type=\"section\">\n\t\t\t\t\t\t<div class=\"elementor-container elementor-column-gap-default\">\n\t\t\t\t\t<div class=\"elementor-column elementor-col-66 elementor-top-column elementor-element elementor-element-6b34026\" data-id=\"6b34026\" data-element_type=\"column\">\n\t\t\t<div class=\"elementor-widget-wrap elementor-element-populated\">\n\t\t\t\t\t\t<div class=\"elementor-element elementor-element-8f5c9e1 elementor-widget elementor-widget-wp-widget-advads_ad_widget\" data-id=\"8f5c9e1\" data-element_type=\"widget\" data-widget_type=\"wp-widget-advads_ad_widget.default\">\n\t\t\t\t<div class=\"elementor-widget-container\">\n\t\t\t<div id=\"regio-1560036230\"><div class=\"regio-adlabel\">Werbung<\/div><center><a href=\"https:\/\/a.partner-versicherung.de\/click.php?partner_id=19992&ad_id=1578&deep=kreditkarten\"  target=\"_blank\"><img decoding=\"async\" src=\"https:\/\/a.partner-versicherung.de\/view.php?partner_id=19992&ad_id=1578\" ><\/a><\/center><\/div>\t\t<\/div>\n\t\t\t\t<\/div>\n\t\t\t\t<div class=\"elementor-element elementor-element-443ab98 elementor-widget elementor-widget-text-editor\" data-id=\"443ab98\" data-element_type=\"widget\" data-widget_type=\"text-editor.default\">\n\t\t\t\t<div class=\"elementor-widget-container\">\n\t\t\t\t\t\t\t<h3>Am Samstag, den 13. April 2024, ab 10.00 Uhr\u00a0<br \/>Fairtrade-Stadt zeigt sich auf dem Markplatz\u00a0<\/h3><p><span style=\"font-size: 12pt;\">Schwabach &#8211; Mit einem Stand voller fairer K\u00f6stlichkeiten und Kunsthandwerk sind die Fairtrade- Stadt Schwabach und der Eine-Welt-Laden am Samstag, den 13. April 2024, ab 10.00 Uhr auf dem Markplatz vertreten. <\/span><\/p><p><span style=\"font-size: 12pt;\">Zu kaufen gibt es dort unter anderem die Schwabacher \u201eGoldene Bohne\u201c, den fairen Stadtkaffee und die faire Stadtschokolade. \u201eWir m\u00f6chten auch dieses Jahr zeigen, wie leicht es ist, einen Beitrag zum Fairen Handel zu leisten. Die Menschen des Globalen S\u00fcdens brauchen unsere Unterst\u00fctzung\u201c, so das Fairtrade-Team.<br \/><\/span><\/p><p><span style=\"font-size: 12pt;\">Mit einem Info- und Verkaufsstand dabei sind dieses Jahr auch das Sozialkaufhaus Wertvoll und die Schwabacher Partnerst\u00e4dte Kalambaka und Les Sables d\u00b4Olonne. Das Komitee schenkt griechischen Mokka aus und verkauft Honig und Gew\u00fcrze aus der Region. Alle Akteure stehen f\u00fcr ein tolerantes Miteinander und den Einsatz f\u00fcr Menschen, die unsere Hilfe ben\u00f6tigen.<br \/><\/span><\/p><p><span style=\"font-size: 12pt;\">Die Stadt Schwabach ist bereits seit 2015 eine von \u00fcber 800 St\u00e4dten, die sich verpflichtet haben, den Fairen Handel vor Ort zu st\u00e4rken und f\u00fcr das Thema zu sensibilisieren.<br \/><\/span><\/p><p><strong><span style=\"font-size: 12pt;\">Fotos (Stadt Schwabach): Beispiel eines Upcycling-Kunsthandwerks aus dem Eine-Welt-Laden, der faire Schwabacher Stadtkaffee \u201eGoldene Bohne\u201c<\/span><\/strong><\/p><h3>Weiterf\u00fchrende Links:<\/h3><p><a href=\"https:\/\/www.schwabach.de\/de\/zuhause-in-schwabach\/fairtrade.html\" target=\"_blank\" rel=\"noopener\"><span style=\"font-size: 12pt;\">Weitere Informationen zum Thema Fairtrade in Schwabach gibt es hier &#8230;<\/span><\/a><\/p><p><a href=\"https:\/\/www.region-schwabach.de\/wordpress\/wp-content\/uploads\/2024\/04\/PM64_Fairtrade_Fahrrad-e1712703650323.jpg\"><img fetchpriority=\"high\" decoding=\"async\" class=\"aligncenter size-full wp-image-230441\" src=\"https:\/\/www.region-schwabach.de\/wordpress\/wp-content\/uploads\/2024\/04\/PM64_Fairtrade_Fahrrad-e1712703650323.jpg\" alt=\"\" width=\"960\" height=\"960\" \/><\/a><\/p>\t\t\t\t\t\t<\/div>\n\t\t\t\t<\/div>\n\t\t\t\t<div class=\"elementor-element elementor-element-709011a elementor-widget-divider--view-line elementor-widget elementor-widget-divider\" data-id=\"709011a\" data-element_type=\"widget\" data-widget_type=\"divider.default\">\n\t\t\t\t<div class=\"elementor-widget-container\">\n\t\t\t\t\t<div class=\"elementor-divider\">\n\t\t\t<span class=\"elementor-divider-separator\">\n\t\t\t\t\t\t<\/span>\n\t\t<\/div>\n\t\t\t\t<\/div>\n\t\t\t\t<\/div>\n\t\t\t\t<div class=\"elementor-element elementor-element-b465de7 elementor-widget elementor-widget-google_maps\" data-id=\"b465de7\" data-element_type=\"widget\" data-widget_type=\"google_maps.default\">\n\t\t\t\t<div class=\"elementor-widget-container\">\n\t\t\t\t\t<div class=\"elementor-custom-embed\">\n\t\t\t<iframe loading=\"lazy\"\n\t\t\t\t\tsrc=\"https:\/\/maps.google.com\/maps?q=Marktplatz%2C%20Schwabach%2C%20Deutschland&#038;t=m&#038;z=16&#038;output=embed&#038;iwloc=near\"\n\t\t\t\t\ttitle=\"Marktplatz, Schwabach, Deutschland\"\n\t\t\t\t\taria-label=\"Marktplatz, Schwabach, Deutschland\"\n\t\t\t><\/iframe>\n\t\t<\/div>\n\t\t\t\t<\/div>\n\t\t\t\t<\/div>\n\t\t\t\t\t<\/div>\n\t\t<\/div>\n\t\t\t\t<div class=\"elementor-column elementor-col-33 elementor-top-column elementor-element elementor-element-f645137\" data-id=\"f645137\" data-element_type=\"column\">\n\t\t\t<div class=\"elementor-widget-wrap elementor-element-populated\">\n\t\t\t\t\t\t<div class=\"elementor-element elementor-element-7eca624 elementor-widget elementor-widget-wp-widget-advads_ad_widget\" data-id=\"7eca624\" data-element_type=\"widget\" data-widget_type=\"wp-widget-advads_ad_widget.default\">\n\t\t\t\t<div class=\"elementor-widget-container\">\n\t\t\t<div id=\"regio-2321494459\"><div class=\"regio-adlabel\">Werbung<\/div><div id=\"regio-2508730641\"><!-- Beginn https:\/\/www.financeads.net\/-Code --><a href=\"https:\/\/www.financeads.net\/tc.php?t=36648C271460142B\" target=\"_blank\"><img decoding=\"async\" src=\"https:\/\/www.financeads.net\/tb.php?t=36648V271460142B&https=1\" alt=\"PETPROTECT_Hund&Katze_Banner\" border=\"0\" width=\"250\" height=\"250\"><\/a><!-- Ende https:\/\/www.financeads.net\/-Code --><\/div><div id=\"regio-766634867\"><!-- Beginn https:\/\/www.financeads.net\/-Code --><a href=\"https:\/\/www.financeads.net\/tc.php?t=36648C236142529B\" target=\"_blank\"><img decoding=\"async\" src=\"https:\/\/www.financeads.net\/tb.php?t=36648V236142529B&https=1\" alt=\"\" border=\"0\" width=\"300\" height=\"250\"><\/a><!-- Ende https:\/\/www.financeads.net\/-Code --><\/div><div id=\"regio-343259959\"><!-- Beginn https:\/\/www.financeads.net\/-Code --><a href=\"https:\/\/www.financeads.net\/tc.php?t=36648C205040072B\" target=\"_blank\"><img loading=\"lazy\" decoding=\"async\" src=\"https:\/\/www.financeads.net\/tb.php?t=36648V205040072B&https=1\" alt=\"\" border=\"0\" width=\"300\" height=\"250\"><\/a><!-- Ende https:\/\/www.financeads.net\/-Code --><\/div><div id=\"regio-128228719\"><!-- Beginn https:\/\/www.financeads.net\/-Code --><a href=\"https:\/\/www.financeads.net\/tc.php?t=36648C42614510B\" target=\"_blank\"><img loading=\"lazy\" decoding=\"async\" src=\"https:\/\/www.financeads.net\/tb.php?t=36648V42614510B&https=1\" alt=\"\" border=\"0\" width=\"200\" height=\"300\"><\/a><!-- Ende https:\/\/www.financeads.net\/-Code --><\/div><\/div>\t\t<\/div>\n\t\t\t\t<\/div>\n\t\t\t\t\t<\/div>\n\t\t<\/div>\n\t\t\t\t\t<\/div>\n\t\t<\/section>\n\t\t\t\t<\/div>\n\t\t","protected":false},"excerpt":{"rendered":"<div class=\"mh-excerpt\"><p>Am Samstag, den 13. April 2024, ab 10.00 Uhr\u00a0Fairtrade-Stadt zeigt sich auf dem Markplatz\u00a0 Schwabach &#8211; Mit einem Stand voller fairer K\u00f6stlichkeiten und Kunsthandwerk sind die Fairtrade- Stadt Schwabach und der Eine-Welt-Laden am Samstag, den <a class=\"mh-excerpt-more\" href=\"https:\/\/www.region-schwabach.de\/wordpress\/fairtrade-stadt-schwabach-zeigt-sich-am-samstag-den-13-april-2024-auf-dem-markplatz\/\" title=\"Fairtrade-Stadt Schwabach zeigt sich am Samstag, den 13. April 2024 auf dem Markplatz\">[&#8230;]<\/a><\/p>\n<\/div>","protected":false},"author":1,"featured_media":230438,"comment_status":"open","ping_status":"open","sticky":false,"template":"","format":"standard","meta":{"_cbd_carousel_blocks":"[]","footnotes":""},"categories":[16,287,61,3967],"tags":[25069,25068,25061,24982,6862,7318,7325,25072,3820,522,3819,114,3818,1480,19,17556,25073,3151,25070,25071],"class_list":{"0":"post-230437","1":"post","2":"type-post","3":"status-publish","4":"format-standard","5":"has-post-thumbnail","7":"category-aktuell","8":"category-jugend-und-familie","9":"category-rathaus","10":"category-unternehmen","11":"tag-goldene-bohne","12":"tag-13-april-2024","13":"tag-13-04-2024","14":"tag-april-2024","15":"tag-aus-fairem-handel","16":"tag-fairtrade-aktion","17":"tag-handwerkskunst","18":"tag-info-und-verkaufsstand","19":"tag-kalambaka","20":"tag-koenigsplatz","21":"tag-les-sables-dolonne","22":"tag-marktplatz","23":"tag-partnerstaedte","24":"tag-rathaus","25":"tag-schwabach","26":"tag-schwabacher-fairtrade-team","27":"tag-sozialkaufhaus-wertvoll","28":"tag-stadt-schwabach","29":"tag-stadtkaffee","30":"tag-stadtschokolade"},"_links":{"self":[{"href":"https:\/\/www.region-schwabach.de\/wordpress\/wp-json\/wp\/v2\/posts\/230437","targetHints":{"allow":["GET"]}}],"collection":[{"href":"https:\/\/www.region-schwabach.de\/wordpress\/wp-json\/wp\/v2\/posts"}],"about":[{"href":"https:\/\/www.region-schwabach.de\/wordpress\/wp-json\/wp\/v2\/types\/post"}],"author":[{"embeddable":true,"href":"https:\/\/www.region-schwabach.de\/wordpress\/wp-json\/wp\/v2\/users\/1"}],"replies":[{"embeddable":true,"href":"https:\/\/www.region-schwabach.de\/wordpress\/wp-json\/wp\/v2\/comments?post=230437"}],"version-history":[{"count":0,"href":"https:\/\/www.region-schwabach.de\/wordpress\/wp-json\/wp\/v2\/posts\/230437\/revisions"}],"wp:featuredmedia":[{"embeddable":true,"href":"https:\/\/www.region-schwabach.de\/wordpress\/wp-json\/wp\/v2\/media\/230438"}],"wp:attachment":[{"href":"https:\/\/www.region-schwabach.de\/wordpress\/wp-json\/wp\/v2\/media?parent=230437"}],"wp:term":[{"taxonomy":"category","embeddable":true,"href":"https:\/\/www.region-schwabach.de\/wordpress\/wp-json\/wp\/v2\/categories?post=230437"},{"taxonomy":"post_tag","embeddable":true,"href":"https:\/\/www.region-schwabach.de\/wordpress\/wp-json\/wp\/v2\/tags?post=230437"}],"curies":[{"name":"wp","href":"https:\/\/api.w.org\/{rel}","templated":true}]}}