{"id":230649,"date":"2024-04-16T01:45:00","date_gmt":"2024-04-15T23:45:00","guid":{"rendered":"https:\/\/www.region-schwabach.de\/wordpress\/?p=230649"},"modified":"2024-04-16T03:05:44","modified_gmt":"2024-04-16T01:05:44","slug":"burgerinformations-veranstaltung-zu-den-planen-fur-das-prell-areal-am-dienstag-den-16-april-2024","status":"publish","type":"post","link":"https:\/\/www.region-schwabach.de\/wordpress\/burgerinformations-veranstaltung-zu-den-planen-fur-das-prell-areal-am-dienstag-den-16-april-2024\/","title":{"rendered":"B\u00fcrgerinformations-Veranstaltung zu den Pl\u00e4nen f\u00fcr das Prell-Areal am Dienstag, den 16. April 2024"},"content":{"rendered":"\t\t<div data-elementor-type=\"wp-post\" data-elementor-id=\"230649\" class=\"elementor elementor-230649\">\n\t\t\t\t\t\t<section class=\"elementor-section elementor-top-section elementor-element elementor-element-tlus4ia elementor-section-boxed elementor-section-height-default elementor-section-height-default\" data-id=\"tlus4ia\" data-element_type=\"section\">\n\t\t\t\t\t\t<div class=\"elementor-container elementor-column-gap-default\">\n\t\t\t\t\t<div class=\"elementor-column elementor-col-66 elementor-top-column elementor-element elementor-element-sphcucl\" data-id=\"sphcucl\" data-element_type=\"column\">\n\t\t\t<div class=\"elementor-widget-wrap elementor-element-populated\">\n\t\t\t\t\t\t<div class=\"elementor-element elementor-element-7c3cf4d elementor-widget elementor-widget-wp-widget-advads_ad_widget\" data-id=\"7c3cf4d\" data-element_type=\"widget\" data-widget_type=\"wp-widget-advads_ad_widget.default\">\n\t\t\t\t<div class=\"elementor-widget-container\">\n\t\t\t<div id=\"regio-917896837\"><div class=\"regio-adlabel\">Werbung<\/div><center><a href=\"https:\/\/a.partner-versicherung.de\/click.php?partner_id=19992&ad_id=1578&deep=kreditkarten\"  target=\"_blank\"><img decoding=\"async\" src=\"https:\/\/a.partner-versicherung.de\/view.php?partner_id=19992&ad_id=1578\" ><\/a><\/center><\/div>\t\t<\/div>\n\t\t\t\t<\/div>\n\t\t\t\t<div class=\"elementor-element elementor-element-4f2h2af elementor-widget elementor-widget-text-editor\" data-id=\"4f2h2af\" data-element_type=\"widget\" data-widget_type=\"text-editor.default\">\n\t\t\t\t<div class=\"elementor-widget-container\">\n\t\t\t\t\t\t\t<h3>Dienstag, den 16. April 2024, um 18.00 Uhr:\u00a0<br \/>B\u00fcrgerinformations-Veranstaltung: Pl\u00e4ne f\u00fcr Prell-Areal kennenlernen<\/h3><p><span style=\"font-size: 12pt;\">Schwabach &#8211; Eine B\u00fcrgerinformations-Veranstaltung zum Projekt \u201eGoldschl\u00e4gerhof\u201c auf dem ehemaligen Prell-Areal in der Z\u00f6llnertorstra\u00dfe findet am Dienstag, den 16. April 2024, statt. Im B\u00fcrgerhaus, am K\u00f6nigplatz 33a, werden dazu ab 18.00 Uhr Pl\u00e4ne und ein Modell ausgestellt. Im Anschluss ab ca. 18:30 Uhr pr\u00e4sentieren die Investoren das Projekt.\u00a0<br \/><\/span><\/p><p><span style=\"font-size: 12pt;\">Vorgesehen ist, dass der Stadtrat in seiner Sitzung am 26. April 2024 den Aufstellungsbeschluss f\u00fcr einen \u201eVorhabenbezogenen Bebauungsplan\u201c verabschiedet. Nach Beschlussfassung wird eine fr\u00fchzeitige \u00f6ffentliche Auslegung zur B\u00fcrgerbeteiligung vorbereitet.\u00a0<br \/><\/span><\/p><p><span style=\"font-size: 12pt;\">Die Pl\u00e4ne sind im Anschluss an die Veranstaltung am 16. April 2024 auch auf Internetseite der Stadt <a href=\"http:\/\/www.schwabach.de\" target=\"_blank\" rel=\"noopener\">www.schwabach.de<\/a> einsehbar.\u00a0<\/span><\/p>\t\t\t\t\t\t<\/div>\n\t\t\t\t<\/div>\n\t\t\t\t<section class=\"elementor-section elementor-inner-section elementor-element elementor-element-633cd56 elementor-section-boxed elementor-section-height-default elementor-section-height-default\" data-id=\"633cd56\" data-element_type=\"section\">\n\t\t\t\t\t\t<div class=\"elementor-container elementor-column-gap-default\">\n\t\t\t\t\t<div class=\"elementor-column elementor-col-100 elementor-inner-column elementor-element elementor-element-0d0044f\" data-id=\"0d0044f\" data-element_type=\"column\">\n\t\t\t<div class=\"elementor-widget-wrap elementor-element-populated\">\n\t\t\t\t\t\t<div class=\"elementor-element elementor-element-a50cf30 elementor-widget elementor-widget-shortcode\" data-id=\"a50cf30\" data-element_type=\"widget\" data-widget_type=\"shortcode.default\">\n\t\t\t\t<div class=\"elementor-widget-container\">\n\t\t\t\t\t<div class=\"elementor-shortcode\"><!-- Beginn https:\/\/www.financeads.net\/-Code --><a href=\"https:\/\/www.financeads.net\/tc.php?t=36648C38513858B\" target=\"_blank\"><center><img decoding=\"async\" src=\"https:\/\/www.financeads.net\/tb.php?t=36648V38513858B&https=1\" alt=\"\" border=\"0\" width=\"468\" height=\"60\"><\/a><!-- Ende https:\/\/www.financeads.net\/-Code --><\/div>\n\t\t\t\t<\/div>\n\t\t\t\t<\/div>\n\t\t\t\t\t<\/div>\n\t\t<\/div>\n\t\t\t\t\t<\/div>\n\t\t<\/section>\n\t\t\t\t<div class=\"elementor-element elementor-element-772dde2 elementor-widget-divider--view-line elementor-widget elementor-widget-divider\" data-id=\"772dde2\" data-element_type=\"widget\" data-widget_type=\"divider.default\">\n\t\t\t\t<div class=\"elementor-widget-container\">\n\t\t\t\t\t<div class=\"elementor-divider\">\n\t\t\t<span class=\"elementor-divider-separator\">\n\t\t\t\t\t\t<\/span>\n\t\t<\/div>\n\t\t\t\t<\/div>\n\t\t\t\t<\/div>\n\t\t\t\t<div class=\"elementor-element elementor-element-39c5f74 elementor-widget elementor-widget-google_maps\" data-id=\"39c5f74\" data-element_type=\"widget\" data-widget_type=\"google_maps.default\">\n\t\t\t\t<div class=\"elementor-widget-container\">\n\t\t\t\t\t<div class=\"elementor-custom-embed\">\n\t\t\t<iframe loading=\"lazy\"\n\t\t\t\t\tsrc=\"https:\/\/maps.google.com\/maps?q=K%C3%B6nigstra%C3%9Fe%2033a%2C%20Schwabach%2C%20Deutschland&#038;t=m&#038;z=16&#038;output=embed&#038;iwloc=near\"\n\t\t\t\t\ttitle=\"K\u00f6nigstra\u00dfe 33a, Schwabach, Deutschland\"\n\t\t\t\t\taria-label=\"K\u00f6nigstra\u00dfe 33a, Schwabach, Deutschland\"\n\t\t\t><\/iframe>\n\t\t<\/div>\n\t\t\t\t<\/div>\n\t\t\t\t<\/div>\n\t\t\t\t\t<\/div>\n\t\t<\/div>\n\t\t\t\t<div class=\"elementor-column elementor-col-33 elementor-top-column elementor-element elementor-element-flkv3o5\" data-id=\"flkv3o5\" data-element_type=\"column\">\n\t\t\t<div class=\"elementor-widget-wrap elementor-element-populated\">\n\t\t\t\t\t\t<div class=\"elementor-element elementor-element-b35c574 elementor-widget elementor-widget-heading\" data-id=\"b35c574\" data-element_type=\"widget\" data-widget_type=\"heading.default\">\n\t\t\t\t<div class=\"elementor-widget-container\">\n\t\t\t<h3 class=\"elementor-heading-title elementor-size-default\">Schnell vergleichen und sparen!<\/h3>\t\t<\/div>\n\t\t\t\t<\/div>\n\t\t\t\t<div class=\"elementor-element elementor-element-4cac60f elementor-widget elementor-widget-wp-widget-advads_ad_widget\" data-id=\"4cac60f\" data-element_type=\"widget\" data-widget_type=\"wp-widget-advads_ad_widget.default\">\n\t\t\t\t<div class=\"elementor-widget-container\">\n\t\t\t<div id=\"regio-1188673272\"><div class=\"regio-adlabel\">Werbung<\/div><!-- Beginn https:\/\/www.financeads.net\/-Code --><a href=\"https:\/\/www.financeads.net\/tc.php?t=36648C236142529B\" target=\"_blank\"><img fetchpriority=\"high\" decoding=\"async\" src=\"https:\/\/www.financeads.net\/tb.php?t=36648V236142529B&https=1\" alt=\"\" border=\"0\" width=\"300\" height=\"250\"><\/a><!-- Ende https:\/\/www.financeads.net\/-Code --><\/div>\t\t<\/div>\n\t\t\t\t<\/div>\n\t\t\t\t<div class=\"elementor-element elementor-element-26ba867 elementor-widget elementor-widget-wp-widget-advads_ad_widget\" data-id=\"26ba867\" data-element_type=\"widget\" data-widget_type=\"wp-widget-advads_ad_widget.default\">\n\t\t\t\t<div class=\"elementor-widget-container\">\n\t\t\t<div id=\"regio-3408995012\"><div class=\"regio-adlabel\">Werbung<\/div><!-- Beginn https:\/\/www.financeads.net\/-Code --><a href=\"https:\/\/www.financeads.net\/tc.php?t=36648C42614510B\" target=\"_blank\"><img decoding=\"async\" src=\"https:\/\/www.financeads.net\/tb.php?t=36648V42614510B&https=1\" alt=\"\" border=\"0\" width=\"200\" height=\"300\"><\/a><!-- Ende https:\/\/www.financeads.net\/-Code --><\/div>\t\t<\/div>\n\t\t\t\t<\/div>\n\t\t\t\t<div class=\"elementor-element elementor-element-2be56d0 elementor-widget elementor-widget-wp-widget-advads_ad_widget\" data-id=\"2be56d0\" data-element_type=\"widget\" data-widget_type=\"wp-widget-advads_ad_widget.default\">\n\t\t\t\t<div class=\"elementor-widget-container\">\n\t\t\t<div id=\"regio-515362496\"><div class=\"regio-adlabel\">Werbung<\/div><!-- Beginn https:\/\/www.financeads.net\/-Code --><a href=\"https:\/\/www.financeads.net\/tc.php?t=36648C205040072B\" target=\"_blank\"><img loading=\"lazy\" decoding=\"async\" src=\"https:\/\/www.financeads.net\/tb.php?t=36648V205040072B&https=1\" alt=\"\" border=\"0\" width=\"300\" height=\"250\"><\/a><!-- Ende https:\/\/www.financeads.net\/-Code --><\/div>\t\t<\/div>\n\t\t\t\t<\/div>\n\t\t\t\t<div class=\"elementor-element elementor-element-9201b77 elementor-widget elementor-widget-wp-widget-advads_ad_widget\" data-id=\"9201b77\" data-element_type=\"widget\" data-widget_type=\"wp-widget-advads_ad_widget.default\">\n\t\t\t\t<div class=\"elementor-widget-container\">\n\t\t\t<div id=\"regio-3053418129\"><div class=\"regio-adlabel\">Werbung<\/div><!-- Beginn https:\/\/www.financeads.net\/-Code --><a href=\"https:\/\/www.financeads.net\/tc.php?t=36648C271460142B\" target=\"_blank\"><img loading=\"lazy\" decoding=\"async\" src=\"https:\/\/www.financeads.net\/tb.php?t=36648V271460142B&https=1\" alt=\"PETPROTECT_Hund&Katze_Banner\" border=\"0\" width=\"250\" height=\"250\"><\/a><!-- Ende https:\/\/www.financeads.net\/-Code --><\/div>\t\t<\/div>\n\t\t\t\t<\/div>\n\t\t\t\t\t<\/div>\n\t\t<\/div>\n\t\t\t\t\t<\/div>\n\t\t<\/section>\n\t\t\t\t<\/div>\n\t\t","protected":false},"excerpt":{"rendered":"<div class=\"mh-excerpt\"><p>Dienstag, den 16. April 2024, um 18.00 Uhr:\u00a0B\u00fcrgerinformations-Veranstaltung: Pl\u00e4ne f\u00fcr Prell-Areal kennenlernen Schwabach &#8211; Eine B\u00fcrgerinformations-Veranstaltung zum Projekt \u201eGoldschl\u00e4gerhof\u201c auf dem ehemaligen Prell-Areal in der Z\u00f6llnertorstra\u00dfe findet am Dienstag, den 16. April 2024, statt. Im <a class=\"mh-excerpt-more\" href=\"https:\/\/www.region-schwabach.de\/wordpress\/burgerinformations-veranstaltung-zu-den-planen-fur-das-prell-areal-am-dienstag-den-16-april-2024\/\" title=\"B\u00fcrgerinformations-Veranstaltung zu den Pl\u00e4nen f\u00fcr das Prell-Areal am Dienstag, den 16. April 2024\">[&#8230;]<\/a><\/p>\n<\/div>","protected":false},"author":1,"featured_media":230650,"comment_status":"open","ping_status":"open","sticky":false,"template":"","format":"standard","meta":{"_cbd_carousel_blocks":"[]","footnotes":""},"categories":[16,287,4306,61,231],"tags":[25076,25075,3604,25102,25104,8585,3959,3416,25103,15502,1480,19,3012,3151,1625],"class_list":{"0":"post-230649","1":"post","2":"type-post","3":"status-publish","4":"format-standard","5":"has-post-thumbnail","7":"category-aktuell","8":"category-jugend-und-familie","9":"category-ratgeber","10":"category-rathaus","11":"category-veranstaltungsnews","12":"tag-16-april-2024","13":"tag-16-04-2024","14":"tag-buergerhaus","15":"tag-buergerinformations-veranstaltung","16":"tag-goldschlaegerhof","17":"tag-info-veranstaltung","18":"tag-koenigsplatz-33-a","19":"tag-plane","20":"tag-prell-areal","21":"tag-projekt","22":"tag-rathaus","23":"tag-schwabach","24":"tag-stadt","25":"tag-stadt-schwabach","26":"tag-zoellnertorstrasse"},"_links":{"self":[{"href":"https:\/\/www.region-schwabach.de\/wordpress\/wp-json\/wp\/v2\/posts\/230649","targetHints":{"allow":["GET"]}}],"collection":[{"href":"https:\/\/www.region-schwabach.de\/wordpress\/wp-json\/wp\/v2\/posts"}],"about":[{"href":"https:\/\/www.region-schwabach.de\/wordpress\/wp-json\/wp\/v2\/types\/post"}],"author":[{"embeddable":true,"href":"https:\/\/www.region-schwabach.de\/wordpress\/wp-json\/wp\/v2\/users\/1"}],"replies":[{"embeddable":true,"href":"https:\/\/www.region-schwabach.de\/wordpress\/wp-json\/wp\/v2\/comments?post=230649"}],"version-history":[{"count":0,"href":"https:\/\/www.region-schwabach.de\/wordpress\/wp-json\/wp\/v2\/posts\/230649\/revisions"}],"wp:featuredmedia":[{"embeddable":true,"href":"https:\/\/www.region-schwabach.de\/wordpress\/wp-json\/wp\/v2\/media\/230650"}],"wp:attachment":[{"href":"https:\/\/www.region-schwabach.de\/wordpress\/wp-json\/wp\/v2\/media?parent=230649"}],"wp:term":[{"taxonomy":"category","embeddable":true,"href":"https:\/\/www.region-schwabach.de\/wordpress\/wp-json\/wp\/v2\/categories?post=230649"},{"taxonomy":"post_tag","embeddable":true,"href":"https:\/\/www.region-schwabach.de\/wordpress\/wp-json\/wp\/v2\/tags?post=230649"}],"curies":[{"name":"wp","href":"https:\/\/api.w.org\/{rel}","templated":true}]}}