{"id":230921,"date":"2024-04-18T01:00:33","date_gmt":"2024-04-17T23:00:33","guid":{"rendered":"https:\/\/www.region-schwabach.de\/wordpress\/?p=230921"},"modified":"2024-04-18T00:17:01","modified_gmt":"2024-04-17T22:17:01","slug":"vhs-kurs-duo-literatur-die-literarische-welt-der-annie-ernaux-am-donnerstag-den-18-april-2024","status":"publish","type":"post","link":"https:\/\/www.region-schwabach.de\/wordpress\/vhs-kurs-duo-literatur-die-literarische-welt-der-annie-ernaux-am-donnerstag-den-18-april-2024\/","title":{"rendered":"vhs-Kurs &#8222;Duo Literatur &#8211; Die literarische Welt der Annie Ernaux&#8220; am Donnerstag, den 18. April 2024"},"content":{"rendered":"\t\t<div data-elementor-type=\"wp-post\" data-elementor-id=\"230921\" class=\"elementor elementor-230921\">\n\t\t\t\t\t\t<section class=\"elementor-section elementor-top-section elementor-element elementor-element-678181b elementor-section-boxed elementor-section-height-default elementor-section-height-default\" data-id=\"678181b\" data-element_type=\"section\">\n\t\t\t\t\t\t<div class=\"elementor-container elementor-column-gap-default\">\n\t\t\t\t\t<div class=\"elementor-column elementor-col-50 elementor-top-column elementor-element elementor-element-6b34026\" data-id=\"6b34026\" data-element_type=\"column\">\n\t\t\t<div class=\"elementor-widget-wrap elementor-element-populated\">\n\t\t\t\t\t\t<div class=\"elementor-element elementor-element-5fea1cd elementor-widget elementor-widget-wp-widget-advads_ad_widget\" data-id=\"5fea1cd\" data-element_type=\"widget\" data-widget_type=\"wp-widget-advads_ad_widget.default\">\n\t\t\t\t<div class=\"elementor-widget-container\">\n\t\t\t<div id=\"regio-4007559913\"><div class=\"regio-adlabel\">Werbung<\/div><center><a href=\"https:\/\/a.partner-versicherung.de\/click.php?partner_id=19992&ad_id=1578&deep=kreditkarten\"  target=\"_blank\"><img decoding=\"async\" src=\"https:\/\/a.partner-versicherung.de\/view.php?partner_id=19992&ad_id=1578\" ><\/a><\/center><\/div>\t\t<\/div>\n\t\t\t\t<\/div>\n\t\t\t\t<div class=\"elementor-element elementor-element-443ab98 elementor-widget elementor-widget-text-editor\" data-id=\"443ab98\" data-element_type=\"widget\" data-widget_type=\"text-editor.default\">\n\t\t\t\t<div class=\"elementor-widget-container\">\n\t\t\t\t\t\t\t<h3 class=\"entry-title\"><span id=\"page43R_mcid26\" class=\"markedContent\"><span dir=\"ltr\" role=\"presentation\">Donnerstag, den 18. April 2024, um 19.00 Uhr:\u00a0<br \/><\/span><\/span><span id=\"undefined\" class=\"markedContent\"><\/span><span class=\"markedContent\"><span dir=\"ltr\" role=\"presentation\">vhs-Kurs\u00a0<\/span><\/span>\u201eDie literarische Welt der Annie Ernaux\u201c\u00a0<\/h3>\n<p><span style=\"font-size: 12pt;\">Schwabach &#8211; Am Donnerstagabend, den 18. April 2024, findet im Saal der Alten Synagoge in der Synagogengasse 6 in Schwabach, um 19.00 Uhr der\u00a0<\/span><span class=\"markedContent\"><span dir=\"ltr\" role=\"presentation\">vhs-Kurs\u00a0<\/span><\/span>\u201eDie literarische Welt der Annie Ernaux\u201c statt.<\/p>\n<p><span style=\"font-size: 12pt;\">Herzlich willkommen zum literarischen Duo mit Annie Jauffret-Nennich, Leiterin des Deutsch-Franz\u00f6sischen Literaturkreis der UFF N\u00fcrnberg, und Werner Nennich, Germanist und Autor.\u00a0<\/span><\/p>\n<p><span style=\"font-size: 12pt;\">In diesem Kurs begegnen wir bekannten Autorinnen und Autoren mit ihren ausgew\u00e4hlten Texten. An diesen Abenden r\u00fccken wir jeweils eine herausragende literarische Pers\u00f6nlichkeit, wie Franz Kafka, Thomas Mann oder Ingeborg Bachmann, ins Zentrum. Beginnen werden wir mit der franz\u00f6sischen Autorin und Nobelpreistr\u00e4gerin Annie Ernaux.\u00a0<\/span><\/p>\n<p><span style=\"font-size: 12pt;\">Wir widmen uns ihrem ersten Buch &#8222;Die leeren Schr\u00e4nke&#8220;, einem autobiografischen Werk, das uns tief in die Welt von Annie Ernaux f\u00fchrt. Dieser Text wurde k\u00fcrzlich ins Deutsche \u00fcbersetzt, nicht zuletzt aufgrund des Nobelpreises, den die Autorin im Jahr 2022 erhalten hat. Ernaux gilt als eine gesellschaftlich engagierte, weibliche Stimme, die sich nicht scheut, unbequeme Wahrheiten zu pr\u00e4sentieren, und die ihre Herkunft aus einem einfachen und ungebildeten Milieu nicht verleugnet.\u00a0<\/span><\/p>\n<p><span style=\"font-size: 12pt;\">Im Dialog zwischen Erl\u00e4uterung und Lesung von Textausschnitten, begleitet von Hintergrundinformationen und Kommentaren, zwischen Prim\u00e4rtexten und sekund\u00e4ren Informationen erkunden wir Literatur.\u00a0<\/span><\/p>\n<p><span style=\"font-size: 12pt;\">Nach etwa einer Stunde soll auch Zeit sein f\u00fcr ein Gespr\u00e4ch in der Gruppe. Eigene Ansichten und Meinungen zur Autorin, ihren B\u00fcchern aber auch zu naheliegenden Themen k\u00f6nnen diskutiert werden, z.B. der spezifische Blick auf die Welt, wie wir ihn in der Literatur von Frauen erhalten.\u00a0<\/span><\/p>\n<p><span style=\"font-size: 12pt;\">Im n\u00e4chsten Termin im Juni widmen wir uns dann der Autorin Ingeborg Bachmann, einer herausragenden literarischen Stimme der deutschsprachigen Literatur des 20. Jahrhunderts. Wir werden ihre Erz\u00e4hlungen genauer betrachten und uns in einen fesselnden literarischen Dialog vertiefen.\u00a0<\/span><\/p>\n<p><span style=\"font-size: 12pt;\">Wir freuen uns darauf, gemeinsam mit Ihnen in die faszinierende und immer aktuelle Welt der Literatur einzutauchen!\u00a0<\/span><\/p>\n<p><span style=\"font-size: 12pt;\"><span id=\"page43R_mcid18\" class=\"markedContent\"><span dir=\"ltr\" role=\"presentation\">Der Kurs findet am Donnerstag, den 18. April 2024, im Saal der Alten Syagoge in der Synagogengasse 6 <\/span><span dir=\"ltr\" role=\"presentation\">in Schwabach statt.\u00a0<\/span><\/span><\/span><\/p>\n<p><span style=\"font-size: 12pt;\"><span id=\"page43R_mcid20\" class=\"markedContent\"><span dir=\"ltr\" role=\"presentation\">Anmeldung und weitere Informationen unter<\/span><\/span><a href=\"http:\/\/www.vhs.schwabach.de\" target=\"_blank\" rel=\"noopener\"><span id=\"page43R_mcid21\" class=\"markedContent\"> <span dir=\"ltr\" role=\"presentation\">www.vhs.schwabach.de<\/span><\/span><\/a><span id=\"page43R_mcid27\" class=\"markedContent\"> <span dir=\"ltr\" role=\"presentation\">mit der <\/span><\/span><span class=\"markedContent\"><span dir=\"ltr\" role=\"presentation\">Kursnummer\u00a0<\/span><\/span><\/span>241-20100<span style=\"font-size: 12pt;\"><span id=\"page43R_mcid28\" class=\"markedContent\"><span dir=\"ltr\" role=\"presentation\">, oder unter Telefon 09122 860-204 sowie per E-Mail <\/span><span dir=\"ltr\" role=\"presentation\">(<\/span><\/span><a href=\"mailto:vhs@schwabach.de\" target=\"_blank\" rel=\"noopener\"><span id=\"page43R_mcid23\" class=\"markedContent\"><span dir=\"ltr\" role=\"presentation\">vhs@schwabach.de<\/span><\/span><\/a><span id=\"page43R_mcid29\" class=\"markedContent\"><span dir=\"ltr\" role=\"presentation\">).\u00a0<\/span><\/span><\/span><\/p>\n<p><span style=\"font-size: 12pt;\"><a dir=\"ltr\" href=\"https:\/\/www.vhs.schwabach.de\/programm\/kultur\/kurs\/Neue-Reihe-Literarisches-Duo-Annie-Ernaux\/241-20100#inhalt\" target=\"_blank\" rel=\"noopener\">Bitte hier anmelden<\/a><\/span><\/p>\n<p><span style=\"font-size: 12pt;\"><a href=\"https:\/\/www.vhs.schwabach.de\/programm\/kultur\/kurs\/Neue-Reihe-Literarisches-Duo-Annie-Ernaux\/241-20100#inhalt\" target=\"_blank\" rel=\"noopener\">Weitere Infos zu diesem Kurs gibt es hier &#8230;<\/a><\/span><\/p>\t\t\t\t\t\t<\/div>\n\t\t\t\t<\/div>\n\t\t\t\t<div class=\"elementor-element elementor-element-7cc9469 elementor-widget elementor-widget-shortcode\" data-id=\"7cc9469\" data-element_type=\"widget\" data-widget_type=\"shortcode.default\">\n\t\t\t\t<div class=\"elementor-widget-container\">\n\t\t\t\t\t<div class=\"elementor-shortcode\"><center><a href=\"https:\/\/a.partner-versicherung.de\/click.php?partner_id=19992&ad_id=441&deep=kfz-versicherung\"  target=\"_blank\"><img decoding=\"async\" src=\"https:\/\/a.partner-versicherung.de\/view.php?partner_id=19992&ad_id=441\" ><\/a><\/center><\/div>\n\t\t\t\t<\/div>\n\t\t\t\t<\/div>\n\t\t\t\t<div class=\"elementor-element elementor-element-0c834d7 elementor-widget-divider--view-line elementor-widget elementor-widget-divider\" data-id=\"0c834d7\" data-element_type=\"widget\" data-widget_type=\"divider.default\">\n\t\t\t\t<div class=\"elementor-widget-container\">\n\t\t\t\t\t<div class=\"elementor-divider\">\n\t\t\t<span class=\"elementor-divider-separator\">\n\t\t\t\t\t\t<\/span>\n\t\t<\/div>\n\t\t\t\t<\/div>\n\t\t\t\t<\/div>\n\t\t\t\t<div class=\"elementor-element elementor-element-325f51f elementor-widget elementor-widget-google_maps\" data-id=\"325f51f\" data-element_type=\"widget\" data-widget_type=\"google_maps.default\">\n\t\t\t\t<div class=\"elementor-widget-container\">\n\t\t\t\t\t<div class=\"elementor-custom-embed\">\n\t\t\t<iframe loading=\"lazy\"\n\t\t\t\t\tsrc=\"https:\/\/maps.google.com\/maps?q=Synagogengasse%206%2C%2C%20Schwabach%2C%20Deutschland&#038;t=m&#038;z=16&#038;output=embed&#038;iwloc=near\"\n\t\t\t\t\ttitle=\"Synagogengasse 6,, Schwabach, Deutschland\"\n\t\t\t\t\taria-label=\"Synagogengasse 6,, Schwabach, Deutschland\"\n\t\t\t><\/iframe>\n\t\t<\/div>\n\t\t\t\t<\/div>\n\t\t\t\t<\/div>\n\t\t\t\t\t<\/div>\n\t\t<\/div>\n\t\t\t\t<div class=\"elementor-column elementor-col-50 elementor-top-column elementor-element elementor-element-f141625\" data-id=\"f141625\" data-element_type=\"column\">\n\t\t\t<div class=\"elementor-widget-wrap elementor-element-populated\">\n\t\t\t\t\t\t<div class=\"elementor-element elementor-element-aa635e8 elementor-widget elementor-widget-heading\" data-id=\"aa635e8\" data-element_type=\"widget\" data-widget_type=\"heading.default\">\n\t\t\t\t<div class=\"elementor-widget-container\">\n\t\t\t<h3 class=\"elementor-heading-title elementor-size-default\">Schnell vergleichen und sparen!<\/h3>\t\t<\/div>\n\t\t\t\t<\/div>\n\t\t\t\t<div class=\"elementor-element elementor-element-380778c elementor-widget elementor-widget-wp-widget-advads_ad_widget\" data-id=\"380778c\" data-element_type=\"widget\" data-widget_type=\"wp-widget-advads_ad_widget.default\">\n\t\t\t\t<div class=\"elementor-widget-container\">\n\t\t\t<div id=\"regio-1142359161\"><div class=\"regio-adlabel\">Werbung<\/div><!-- Beginn https:\/\/www.financeads.net\/-Code --><a href=\"https:\/\/www.financeads.net\/tc.php?t=36648C236142529B\" target=\"_blank\"><img fetchpriority=\"high\" decoding=\"async\" src=\"https:\/\/www.financeads.net\/tb.php?t=36648V236142529B&https=1\" alt=\"\" border=\"0\" width=\"300\" height=\"250\"><\/a><!-- Ende https:\/\/www.financeads.net\/-Code --><\/div>\t\t<\/div>\n\t\t\t\t<\/div>\n\t\t\t\t<div class=\"elementor-element elementor-element-bd26aa5 elementor-widget elementor-widget-wp-widget-advads_ad_widget\" data-id=\"bd26aa5\" data-element_type=\"widget\" data-widget_type=\"wp-widget-advads_ad_widget.default\">\n\t\t\t\t<div class=\"elementor-widget-container\">\n\t\t\t<div id=\"regio-3087723417\"><div class=\"regio-adlabel\">Werbung<\/div><!-- Beginn https:\/\/www.financeads.net\/-Code --><a href=\"https:\/\/www.financeads.net\/tc.php?t=36648C42614510B\" target=\"_blank\"><img decoding=\"async\" src=\"https:\/\/www.financeads.net\/tb.php?t=36648V42614510B&https=1\" alt=\"\" border=\"0\" width=\"200\" height=\"300\"><\/a><!-- Ende https:\/\/www.financeads.net\/-Code --><\/div>\t\t<\/div>\n\t\t\t\t<\/div>\n\t\t\t\t<div class=\"elementor-element elementor-element-abfc6b5 elementor-widget elementor-widget-wp-widget-advads_ad_widget\" data-id=\"abfc6b5\" data-element_type=\"widget\" data-widget_type=\"wp-widget-advads_ad_widget.default\">\n\t\t\t\t<div class=\"elementor-widget-container\">\n\t\t\t<div id=\"regio-1287982462\"><div class=\"regio-adlabel\">Werbung<\/div><!-- Beginn https:\/\/www.financeads.net\/-Code --><a href=\"https:\/\/www.financeads.net\/tc.php?t=36648C205040072B\" target=\"_blank\"><img decoding=\"async\" src=\"https:\/\/www.financeads.net\/tb.php?t=36648V205040072B&https=1\" alt=\"\" border=\"0\" width=\"300\" height=\"250\"><\/a><!-- Ende https:\/\/www.financeads.net\/-Code --><\/div>\t\t<\/div>\n\t\t\t\t<\/div>\n\t\t\t\t<div class=\"elementor-element elementor-element-9b68655 elementor-widget elementor-widget-wp-widget-advads_ad_widget\" data-id=\"9b68655\" data-element_type=\"widget\" data-widget_type=\"wp-widget-advads_ad_widget.default\">\n\t\t\t\t<div class=\"elementor-widget-container\">\n\t\t\t<div id=\"regio-1261705545\"><div class=\"regio-adlabel\">Werbung<\/div><!-- Beginn https:\/\/www.financeads.net\/-Code --><a href=\"https:\/\/www.financeads.net\/tc.php?t=36648C271460142B\" target=\"_blank\"><img loading=\"lazy\" decoding=\"async\" src=\"https:\/\/www.financeads.net\/tb.php?t=36648V271460142B&https=1\" alt=\"PETPROTECT_Hund&Katze_Banner\" border=\"0\" width=\"250\" height=\"250\"><\/a><!-- Ende https:\/\/www.financeads.net\/-Code --><\/div>\t\t<\/div>\n\t\t\t\t<\/div>\n\t\t\t\t\t<\/div>\n\t\t<\/div>\n\t\t\t\t\t<\/div>\n\t\t<\/section>\n\t\t\t\t<\/div>\n\t\t","protected":false},"excerpt":{"rendered":"<div class=\"mh-excerpt\"><p>Donnerstag, den 18. April 2024, um 19.00 Uhr:\u00a0vhs-Kurs\u00a0\u201eDie literarische Welt der Annie Ernaux\u201c\u00a0 Schwabach &#8211; Am Donnerstagabend, den 18. April 2024, findet im Saal der Alten Synagoge in der Synagogengasse 6 in Schwabach, um 19.00 <a class=\"mh-excerpt-more\" href=\"https:\/\/www.region-schwabach.de\/wordpress\/vhs-kurs-duo-literatur-die-literarische-welt-der-annie-ernaux-am-donnerstag-den-18-april-2024\/\" title=\"vhs-Kurs &#8222;Duo Literatur &#8211; Die literarische Welt der Annie Ernaux&#8220; am Donnerstag, den 18. April 2024\">[&#8230;]<\/a><\/p>\n<\/div>","protected":false},"author":1,"featured_media":230922,"comment_status":"open","ping_status":"open","sticky":false,"template":"","format":"standard","meta":{"_cbd_carousel_blocks":"[]","footnotes":""},"categories":[16,78,287,4306,61,203,231],"tags":[25127,25117,25116,6096,25125,522,1480,19,3012,3151,4692,1281,7420,73],"class_list":{"0":"post-230921","1":"post","2":"type-post","3":"status-publish","4":"format-standard","5":"has-post-thumbnail","7":"category-aktuell","8":"category-handel-und-wirtschaft","9":"category-jugend-und-familie","10":"category-ratgeber","11":"category-rathaus","12":"category-umwelt-nachrichten","13":"category-veranstaltungsnews","14":"tag-die-literarische-welt-der-annie-ernaux","15":"tag-18-april-2024","16":"tag-18-04-2024","17":"tag-alte-synagoge","18":"tag-duo-literatur","19":"tag-koenigsplatz","20":"tag-rathaus","21":"tag-schwabach","22":"tag-stadt","23":"tag-stadt-schwabach","24":"tag-synagogengasse","25":"tag-vhs","26":"tag-vhs-schwabach","27":"tag-volkshochschule"},"_links":{"self":[{"href":"https:\/\/www.region-schwabach.de\/wordpress\/wp-json\/wp\/v2\/posts\/230921","targetHints":{"allow":["GET"]}}],"collection":[{"href":"https:\/\/www.region-schwabach.de\/wordpress\/wp-json\/wp\/v2\/posts"}],"about":[{"href":"https:\/\/www.region-schwabach.de\/wordpress\/wp-json\/wp\/v2\/types\/post"}],"author":[{"embeddable":true,"href":"https:\/\/www.region-schwabach.de\/wordpress\/wp-json\/wp\/v2\/users\/1"}],"replies":[{"embeddable":true,"href":"https:\/\/www.region-schwabach.de\/wordpress\/wp-json\/wp\/v2\/comments?post=230921"}],"version-history":[{"count":0,"href":"https:\/\/www.region-schwabach.de\/wordpress\/wp-json\/wp\/v2\/posts\/230921\/revisions"}],"wp:featuredmedia":[{"embeddable":true,"href":"https:\/\/www.region-schwabach.de\/wordpress\/wp-json\/wp\/v2\/media\/230922"}],"wp:attachment":[{"href":"https:\/\/www.region-schwabach.de\/wordpress\/wp-json\/wp\/v2\/media?parent=230921"}],"wp:term":[{"taxonomy":"category","embeddable":true,"href":"https:\/\/www.region-schwabach.de\/wordpress\/wp-json\/wp\/v2\/categories?post=230921"},{"taxonomy":"post_tag","embeddable":true,"href":"https:\/\/www.region-schwabach.de\/wordpress\/wp-json\/wp\/v2\/tags?post=230921"}],"curies":[{"name":"wp","href":"https:\/\/api.w.org\/{rel}","templated":true}]}}