{"id":230994,"date":"2024-04-18T01:15:00","date_gmt":"2024-04-17T23:15:00","guid":{"rendered":"https:\/\/www.region-schwabach.de\/wordpress\/?p=230994"},"modified":"2024-04-18T00:17:13","modified_gmt":"2024-04-17T22:17:13","slug":"baum-des-jahres-wird-am-donnerstag-den-18-april-2024-im-erholungswald-brunst-gepflanzt","status":"publish","type":"post","link":"https:\/\/www.region-schwabach.de\/wordpress\/baum-des-jahres-wird-am-donnerstag-den-18-april-2024-im-erholungswald-brunst-gepflanzt\/","title":{"rendered":"Baum des Jahres wird am Donnerstag, den 18. April 2024 im Erholungswald &#8222;Br\u00fcnst&#8220; gepflanzt"},"content":{"rendered":"\t\t<div data-elementor-type=\"wp-post\" data-elementor-id=\"230994\" class=\"elementor elementor-230994\">\n\t\t\t\t\t\t<section class=\"elementor-section elementor-top-section elementor-element elementor-element-678181b elementor-section-boxed elementor-section-height-default elementor-section-height-default\" data-id=\"678181b\" data-element_type=\"section\">\n\t\t\t\t\t\t<div class=\"elementor-container elementor-column-gap-default\">\n\t\t\t\t\t<div class=\"elementor-column elementor-col-50 elementor-top-column elementor-element elementor-element-6b34026\" data-id=\"6b34026\" data-element_type=\"column\">\n\t\t\t<div class=\"elementor-widget-wrap elementor-element-populated\">\n\t\t\t\t\t\t<div class=\"elementor-element elementor-element-b89d9d5 elementor-widget elementor-widget-wp-widget-advads_ad_widget\" data-id=\"b89d9d5\" data-element_type=\"widget\" data-widget_type=\"wp-widget-advads_ad_widget.default\">\n\t\t\t\t<div class=\"elementor-widget-container\">\n\t\t\t<div id=\"regio-454516142\"><div class=\"regio-adlabel\">Werbung<\/div><center><a href=\"https:\/\/a.partner-versicherung.de\/click.php?partner_id=19992&ad_id=1578&deep=kreditkarten\"  target=\"_blank\"><img decoding=\"async\" src=\"https:\/\/a.partner-versicherung.de\/view.php?partner_id=19992&ad_id=1578\" ><\/a><\/center><\/div>\t\t<\/div>\n\t\t\t\t<\/div>\n\t\t\t\t<div class=\"elementor-element elementor-element-443ab98 elementor-widget elementor-widget-text-editor\" data-id=\"443ab98\" data-element_type=\"widget\" data-widget_type=\"text-editor.default\">\n\t\t\t\t<div class=\"elementor-widget-container\">\n\t\t\t\t\t\t\t<h3>Donnerstag, den 18. April 2024, um 15.00 Uhr:\u00a0<br \/>Mehlbeere wird als Baum des Jahres gepflanzt<\/h3><p><span style=\"font-size: 12pt;\">Schwabach &#8211; Am Donnerstagnachmittag, den 18. April 2024, findet um 15.00 Uhr die Pflanzung des Baumes des Jahres, der Mehlbeere, mit Oberb\u00fcrgermeister Peter Rei\u00df statt. Der Landschaftspflegeverband und die Stadt Schwabach laden hierzu interessierte B\u00fcrger und B\u00fcrgerinnen herzlich ein. Bei der Pflanzung wird allerlei Wissenswertes \u00fcber diese wichtige Baumart berichtet.<\/span><\/p><p><span style=\"font-size: 12pt;\">Der Pflanzort liegt in der Br\u00fcnst nahe dem Wanderparkplatz am Leitelshofer Weg (Anfahrt \u00fcber Regelbacher Stra\u00dfe und den Leitelshofer Weg, Wanderparkplatz an der Hochspannungsleitung, von da 170 m auf dem Weg entlang der Leitungstrasse nach Norden, vom Parkplatz aus zu sehen).\u00a0<\/span><\/p><p><a href=\"https:\/\/www.region-schwabach.de\/wordpress\/wp-content\/uploads\/2024\/04\/baum-des-jahres-2024-e1713280008543.jpg\"><img fetchpriority=\"high\" decoding=\"async\" class=\"aligncenter size-full wp-image-230997\" src=\"https:\/\/www.region-schwabach.de\/wordpress\/wp-content\/uploads\/2024\/04\/baum-des-jahres-2024-e1713280008543.jpg\" alt=\"\" width=\"960\" height=\"527\" \/><\/a><\/p>\t\t\t\t\t\t<\/div>\n\t\t\t\t<\/div>\n\t\t\t\t<div class=\"elementor-element elementor-element-5f2c161 elementor-widget elementor-widget-shortcode\" data-id=\"5f2c161\" data-element_type=\"widget\" data-widget_type=\"shortcode.default\">\n\t\t\t\t<div class=\"elementor-widget-container\">\n\t\t\t\t\t<div class=\"elementor-shortcode\"><center><a href=\"https:\/\/a.partner-versicherung.de\/click.php?partner_id=19992&ad_id=441&deep=kfz-versicherung\"  target=\"_blank\"><img decoding=\"async\" src=\"https:\/\/a.partner-versicherung.de\/view.php?partner_id=19992&ad_id=441\" ><\/a><\/center><\/div>\n\t\t\t\t<\/div>\n\t\t\t\t<\/div>\n\t\t\t\t\t<\/div>\n\t\t<\/div>\n\t\t\t\t<div class=\"elementor-column elementor-col-50 elementor-top-column elementor-element elementor-element-a143cb4\" data-id=\"a143cb4\" data-element_type=\"column\">\n\t\t\t<div class=\"elementor-widget-wrap elementor-element-populated\">\n\t\t\t\t\t\t<div class=\"elementor-element elementor-element-2d35bda elementor-widget elementor-widget-heading\" data-id=\"2d35bda\" data-element_type=\"widget\" data-widget_type=\"heading.default\">\n\t\t\t\t<div class=\"elementor-widget-container\">\n\t\t\t<h3 class=\"elementor-heading-title elementor-size-default\">Schnell vergleichen und sparen!<\/h3>\t\t<\/div>\n\t\t\t\t<\/div>\n\t\t\t\t<div class=\"elementor-element elementor-element-55fbffb elementor-widget elementor-widget-wp-widget-advads_ad_widget\" data-id=\"55fbffb\" data-element_type=\"widget\" data-widget_type=\"wp-widget-advads_ad_widget.default\">\n\t\t\t\t<div class=\"elementor-widget-container\">\n\t\t\t<div id=\"regio-1094296005\"><div class=\"regio-adlabel\">Werbung<\/div><!-- Beginn https:\/\/www.financeads.net\/-Code --><a href=\"https:\/\/www.financeads.net\/tc.php?t=36648C236142529B\" target=\"_blank\"><img decoding=\"async\" src=\"https:\/\/www.financeads.net\/tb.php?t=36648V236142529B&https=1\" alt=\"\" border=\"0\" width=\"300\" height=\"250\"><\/a><!-- Ende https:\/\/www.financeads.net\/-Code --><\/div>\t\t<\/div>\n\t\t\t\t<\/div>\n\t\t\t\t<div class=\"elementor-element elementor-element-8bcf0fe elementor-widget elementor-widget-wp-widget-advads_ad_widget\" data-id=\"8bcf0fe\" data-element_type=\"widget\" data-widget_type=\"wp-widget-advads_ad_widget.default\">\n\t\t\t\t<div class=\"elementor-widget-container\">\n\t\t\t<div id=\"regio-4081570921\"><div class=\"regio-adlabel\">Werbung<\/div><!-- Beginn https:\/\/www.financeads.net\/-Code --><a href=\"https:\/\/www.financeads.net\/tc.php?t=36648C42614510B\" target=\"_blank\"><img decoding=\"async\" src=\"https:\/\/www.financeads.net\/tb.php?t=36648V42614510B&https=1\" alt=\"\" border=\"0\" width=\"200\" height=\"300\"><\/a><!-- Ende https:\/\/www.financeads.net\/-Code --><\/div>\t\t<\/div>\n\t\t\t\t<\/div>\n\t\t\t\t<div class=\"elementor-element elementor-element-1ec01be elementor-widget elementor-widget-wp-widget-advads_ad_widget\" data-id=\"1ec01be\" data-element_type=\"widget\" data-widget_type=\"wp-widget-advads_ad_widget.default\">\n\t\t\t\t<div class=\"elementor-widget-container\">\n\t\t\t<div id=\"regio-1550352101\"><div class=\"regio-adlabel\">Werbung<\/div><!-- Beginn https:\/\/www.financeads.net\/-Code --><a href=\"https:\/\/www.financeads.net\/tc.php?t=36648C205040072B\" target=\"_blank\"><img loading=\"lazy\" decoding=\"async\" src=\"https:\/\/www.financeads.net\/tb.php?t=36648V205040072B&https=1\" alt=\"\" border=\"0\" width=\"300\" height=\"250\"><\/a><!-- Ende https:\/\/www.financeads.net\/-Code --><\/div>\t\t<\/div>\n\t\t\t\t<\/div>\n\t\t\t\t<div class=\"elementor-element elementor-element-0981a95 elementor-widget elementor-widget-wp-widget-advads_ad_widget\" data-id=\"0981a95\" data-element_type=\"widget\" data-widget_type=\"wp-widget-advads_ad_widget.default\">\n\t\t\t\t<div class=\"elementor-widget-container\">\n\t\t\t<div id=\"regio-340287475\"><div class=\"regio-adlabel\">Werbung<\/div><!-- Beginn https:\/\/www.financeads.net\/-Code --><a href=\"https:\/\/www.financeads.net\/tc.php?t=36648C271460142B\" target=\"_blank\"><img loading=\"lazy\" decoding=\"async\" src=\"https:\/\/www.financeads.net\/tb.php?t=36648V271460142B&https=1\" alt=\"PETPROTECT_Hund&Katze_Banner\" border=\"0\" width=\"250\" height=\"250\"><\/a><!-- Ende https:\/\/www.financeads.net\/-Code --><\/div>\t\t<\/div>\n\t\t\t\t<\/div>\n\t\t\t\t\t<\/div>\n\t\t<\/div>\n\t\t\t\t\t<\/div>\n\t\t<\/section>\n\t\t\t\t<\/div>\n\t\t","protected":false},"excerpt":{"rendered":"<div class=\"mh-excerpt\"><p>Donnerstag, den 18. April 2024, um 15.00 Uhr:\u00a0Mehlbeere wird als Baum des Jahres gepflanzt Schwabach &#8211; Am Donnerstagnachmittag, den 18. April 2024, findet um 15.00 Uhr die Pflanzung des Baumes des Jahres, der Mehlbeere, mit <a class=\"mh-excerpt-more\" href=\"https:\/\/www.region-schwabach.de\/wordpress\/baum-des-jahres-wird-am-donnerstag-den-18-april-2024-im-erholungswald-brunst-gepflanzt\/\" title=\"Baum des Jahres wird am Donnerstag, den 18. April 2024 im Erholungswald &#8222;Br\u00fcnst&#8220; gepflanzt\">[&#8230;]<\/a><\/p>\n<\/div>","protected":false},"author":1,"featured_media":231003,"comment_status":"open","ping_status":"open","sticky":false,"template":"","format":"standard","meta":{"_cbd_carousel_blocks":"[]","footnotes":""},"categories":[16,1,287,61,203],"tags":[25117,25116,4347,4351,4348,4352,4350,25132,1480,19],"class_list":{"0":"post-230994","1":"post","2":"type-post","3":"status-publish","4":"format-standard","5":"has-post-thumbnail","7":"category-aktuell","8":"category-allgemein","9":"category-jugend-und-familie","10":"category-rathaus","11":"category-umwelt-nachrichten","12":"tag-18-april-2024","13":"tag-18-04-2024","14":"tag-baum-des-jahres","15":"tag-baumlehrpfad","16":"tag-bruenst","17":"tag-erholungswald","18":"tag-informationstafel","19":"tag-mehlbeere","20":"tag-rathaus","21":"tag-schwabach"},"_links":{"self":[{"href":"https:\/\/www.region-schwabach.de\/wordpress\/wp-json\/wp\/v2\/posts\/230994","targetHints":{"allow":["GET"]}}],"collection":[{"href":"https:\/\/www.region-schwabach.de\/wordpress\/wp-json\/wp\/v2\/posts"}],"about":[{"href":"https:\/\/www.region-schwabach.de\/wordpress\/wp-json\/wp\/v2\/types\/post"}],"author":[{"embeddable":true,"href":"https:\/\/www.region-schwabach.de\/wordpress\/wp-json\/wp\/v2\/users\/1"}],"replies":[{"embeddable":true,"href":"https:\/\/www.region-schwabach.de\/wordpress\/wp-json\/wp\/v2\/comments?post=230994"}],"version-history":[{"count":0,"href":"https:\/\/www.region-schwabach.de\/wordpress\/wp-json\/wp\/v2\/posts\/230994\/revisions"}],"wp:featuredmedia":[{"embeddable":true,"href":"https:\/\/www.region-schwabach.de\/wordpress\/wp-json\/wp\/v2\/media\/231003"}],"wp:attachment":[{"href":"https:\/\/www.region-schwabach.de\/wordpress\/wp-json\/wp\/v2\/media?parent=230994"}],"wp:term":[{"taxonomy":"category","embeddable":true,"href":"https:\/\/www.region-schwabach.de\/wordpress\/wp-json\/wp\/v2\/categories?post=230994"},{"taxonomy":"post_tag","embeddable":true,"href":"https:\/\/www.region-schwabach.de\/wordpress\/wp-json\/wp\/v2\/tags?post=230994"}],"curies":[{"name":"wp","href":"https:\/\/api.w.org\/{rel}","templated":true}]}}