{"id":23139,"date":"2017-12-26T11:52:52","date_gmt":"2017-12-26T10:52:52","guid":{"rendered":"http:\/\/www.region-schwabach.de\/wordpress\/?p=23139"},"modified":"2018-01-01T13:31:36","modified_gmt":"2018-01-01T12:31:36","slug":"mehrere-einbrueche-in-wendelstein-am-heiligen-abend","status":"publish","type":"post","link":"https:\/\/www.region-schwabach.de\/wordpress\/mehrere-einbrueche-in-wendelstein-am-heiligen-abend\/","title":{"rendered":"Mehrere Einbr\u00fcche in Wendelstein am Heiligen Abend"},"content":{"rendered":"\t\t<div data-elementor-type=\"wp-post\" data-elementor-id=\"23139\" class=\"elementor elementor-23139 elementor-bc-flex-widget\">\n\t\t\t\t\t\t<section class=\"elementor-section elementor-top-section elementor-element elementor-element-1cuv9jr elementor-section-boxed elementor-section-height-default elementor-section-height-default\" data-id=\"1cuv9jr\" data-element_type=\"section\">\n\t\t\t\t\t\t<div class=\"elementor-container elementor-column-gap-default\">\n\t\t\t\t\t<div class=\"elementor-column elementor-col-66 elementor-top-column elementor-element elementor-element-q5zak7b\" data-id=\"q5zak7b\" data-element_type=\"column\">\n\t\t\t<div class=\"elementor-widget-wrap elementor-element-populated\">\n\t\t\t\t\t\t<div class=\"elementor-element elementor-element-86qws23 elementor-widget elementor-widget-text-editor\" data-id=\"86qws23\" data-element_type=\"widget\" data-widget_type=\"text-editor.default\">\n\t\t\t\t<div class=\"elementor-widget-container\">\n\t\t\t\t\t\t\t<h3>Mehrere Einbr\u00fcche in Wendelstein<\/h3><p>Schwabach &#8211; Am Heiligen Abend, Sonntag, den 24.12.17 kam es in Wendelstein zu mehreren Wohnungseinbr\u00fcchen, in deren Zusammenhang die Polizei um Zeugenhinweise bittet.<\/p><h3>Nachbarn wurden durch L\u00e4rm auf Einbruch aufmerksam<\/h3><p>Gegen 19:30 Uhr versuchten zwei Unbekannte in ein Haus in der Eschenstra\u00dfe in Wendelstein zu gelangen, indem sie gewaltsam ein Rollo aus der Halterung rissen. Durch den entstandenen L\u00e4rm wurden gl\u00fccklicherweise Nachbarn auf das Geschehen aufmerksam, woraufhin die Einbrecher fl\u00fcchteten.\u00a0<\/p><h3>Bei Fahndung weitere Einbr\u00fcche entdeckt<\/h3><p>Bei der anschlie\u00dfend sofort eingeleiteten Fahndung entdeckten die eingesetzten Beamten dann gleich noch vier weitere Einbr\u00fcche.<\/p><p>Zum einen waren bisher unbekannte T\u00e4ter \u00fcber aufgehebelte Fenster in zwei Erdgeschosswohnungen in der Sperbersloher Stra\u00dfe in Wendelstein eingebrochen und durchw\u00fchlten im Anschluss die R\u00e4umlichkeiten, wobei sie in einer Wohnung einen Briefumschlag mit einigen hundert Euro Bargeld erbeuteten.<\/p><p>Zum anderen hatten sich bisher ebenfalls unbekannte Einbrecher \u00fcber die Kellert\u00fcr Zutritt zu einem Zweifamilienhaus am N\u00e4geleinsbuck in Wendelstein verschafft,\u00a0 und gelangten so in die beiden Wohnungen, wo sie mit Schmuck von noch unbekanntem Wert fl\u00fcchteten.<\/p><h3>Auch Polizeihubschrauber mit W\u00e4rmebildkamera im Einsatz<\/h3><p>Trotz des Einsatzes eines Polizeihubschraubers mit W\u00e4rmebildkamera, konnten die Tatverd\u00e4chtigen nicht aufgefunden werden, und konnten unerkannt entkommen.<\/p><h3>Entstandener Schaden noch ungekl\u00e4rt<\/h3><p>Der genaue Sach- und Entwendungsschaden konnte noch nicht festgestellt werden, und auch ob alle Einbr\u00fcche in direktem Zusammenhang stehen, ist noch Gegenstand der laufenden Ermittlungen.<\/p><h3>Polizei bittet um Mithilfe<\/h3><p>Anwohner und Passanten, die im angegebenen Zeitraum verd\u00e4chtige Beobachtungen gemacht haben, werden gebeten, diese dem Kriminaldauerdienst Mittelfranken unter der Rufnummer 0911-2112-3333 mitzuteilen. Auch vermeintlich noch so kleine und unwichtig erscheinende Informationen k\u00f6nnen dabei hilfreich f\u00fcr die Aufkl\u00e4rung sein.<\/p>\t\t\t\t\t\t<\/div>\n\t\t\t\t<\/div>\n\t\t\t\t<div class=\"elementor-element elementor-element-1l7zbzo elementor-widget elementor-widget-google_maps\" data-id=\"1l7zbzo\" data-element_type=\"widget\" data-widget_type=\"google_maps.default\">\n\t\t\t\t<div class=\"elementor-widget-container\">\n\t\t\t\t\t<div class=\"elementor-custom-embed\">\n\t\t\t<iframe loading=\"lazy\"\n\t\t\t\t\tsrc=\"https:\/\/maps.google.com\/maps?q=Wendelstein%2C%20Deutschland&#038;t=m&#038;z=14&#038;output=embed&#038;iwloc=near\"\n\t\t\t\t\ttitle=\"Wendelstein, Deutschland\"\n\t\t\t\t\taria-label=\"Wendelstein, Deutschland\"\n\t\t\t><\/iframe>\n\t\t<\/div>\n\t\t\t\t<\/div>\n\t\t\t\t<\/div>\n\t\t\t\t\t<\/div>\n\t\t<\/div>\n\t\t\t\t<div class=\"elementor-column elementor-col-33 elementor-top-column elementor-element elementor-element-0w0urt1\" data-id=\"0w0urt1\" data-element_type=\"column\">\n\t\t\t<div class=\"elementor-widget-wrap elementor-element-populated\">\n\t\t\t\t\t\t<div class=\"elementor-element elementor-element-mo6nk5i elementor-widget elementor-widget-image\" data-id=\"mo6nk5i\" data-element_type=\"widget\" data-widget_type=\"image.default\">\n\t\t\t\t<div class=\"elementor-widget-container\">\n\t\t\t\t\t\t\t\t\t\t\t\t\t\t<a href=\"http:\/\/www.region-schwabach.de\/wordpress\/werben-auf-region-schwabach\/\" target=\"_blank\">\n\t\t\t\t\t\t\t<img fetchpriority=\"high\" decoding=\"async\" width=\"1024\" height=\"1024\" src=\"https:\/\/www.region-schwabach.de\/wordpress\/wp-content\/uploads\/2017\/06\/werbung8-1024x1024.png\" class=\"attachment-large size-large wp-image-2484\" alt=\"\" srcset=\"https:\/\/www.region-schwabach.de\/wordpress\/wp-content\/uploads\/2017\/06\/werbung8-1024x1024.png 1024w, https:\/\/www.region-schwabach.de\/wordpress\/wp-content\/uploads\/2017\/06\/werbung8-150x150.png 150w, https:\/\/www.region-schwabach.de\/wordpress\/wp-content\/uploads\/2017\/06\/werbung8-300x300.png 300w, https:\/\/www.region-schwabach.de\/wordpress\/wp-content\/uploads\/2017\/06\/werbung8-768x768.png 768w, https:\/\/www.region-schwabach.de\/wordpress\/wp-content\/uploads\/2017\/06\/werbung8-600x600.png 600w, https:\/\/www.region-schwabach.de\/wordpress\/wp-content\/uploads\/2017\/06\/werbung8.png 1200w\" sizes=\"(max-width: 1024px) 100vw, 1024px\" \/>\t\t\t\t\t\t\t\t<\/a>\n\t\t\t\t\t\t\t\t\t\t\t\t\t<\/div>\n\t\t\t\t<\/div>\n\t\t\t\t\t<\/div>\n\t\t<\/div>\n\t\t\t\t\t<\/div>\n\t\t<\/section>\n\t\t\t\t<\/div>\n\t\t","protected":false},"excerpt":{"rendered":"<div class=\"mh-excerpt\"><p>Mehrere Einbr\u00fcche in Wendelstein Schwabach &#8211; Am Heiligen Abend, Sonntag, den 24.12.17 kam es in Wendelstein zu mehreren Wohnungseinbr\u00fcchen, in deren Zusammenhang die Polizei um Zeugenhinweise bittet. Nachbarn wurden durch L\u00e4rm auf Einbruch aufmerksam Gegen <a class=\"mh-excerpt-more\" href=\"https:\/\/www.region-schwabach.de\/wordpress\/mehrere-einbrueche-in-wendelstein-am-heiligen-abend\/\" title=\"Mehrere Einbr\u00fcche in Wendelstein am Heiligen Abend\">[&#8230;]<\/a><\/p>\n<\/div>","protected":false},"author":1,"featured_media":23140,"comment_status":"open","ping_status":"open","sticky":false,"template":"","format":"standard","meta":{"_cbd_carousel_blocks":"[]","footnotes":""},"categories":[15],"tags":[1853,629,1949,30,217,1944,1943,1945,1947,494,401,713,44,19,1669,1948,31,1946],"class_list":{"0":"post-23139","1":"post","2":"type-post","3":"status-publish","4":"format-standard","5":"has-post-thumbnail","7":"category-polizeimeldungen","8":"tag-24-12-2017","9":"tag-bargeld","10":"tag-briefumschlag","11":"tag-diebstahl","12":"tag-einbruch","13":"tag-erdgeschosswohnungen","14":"tag-eschenstrasse","15":"tag-kellertuer","16":"tag-naegeleinsbuck","17":"tag-polizeihubschrauber","18":"tag-sachschaden","19":"tag-schaden","20":"tag-schmuck","21":"tag-schwabach","22":"tag-sperbersloher-strasse","23":"tag-waermebildkamera","24":"tag-wendelstein","25":"tag-zweifamilienhaus"},"_links":{"self":[{"href":"https:\/\/www.region-schwabach.de\/wordpress\/wp-json\/wp\/v2\/posts\/23139","targetHints":{"allow":["GET"]}}],"collection":[{"href":"https:\/\/www.region-schwabach.de\/wordpress\/wp-json\/wp\/v2\/posts"}],"about":[{"href":"https:\/\/www.region-schwabach.de\/wordpress\/wp-json\/wp\/v2\/types\/post"}],"author":[{"embeddable":true,"href":"https:\/\/www.region-schwabach.de\/wordpress\/wp-json\/wp\/v2\/users\/1"}],"replies":[{"embeddable":true,"href":"https:\/\/www.region-schwabach.de\/wordpress\/wp-json\/wp\/v2\/comments?post=23139"}],"version-history":[{"count":0,"href":"https:\/\/www.region-schwabach.de\/wordpress\/wp-json\/wp\/v2\/posts\/23139\/revisions"}],"wp:featuredmedia":[{"embeddable":true,"href":"https:\/\/www.region-schwabach.de\/wordpress\/wp-json\/wp\/v2\/media\/23140"}],"wp:attachment":[{"href":"https:\/\/www.region-schwabach.de\/wordpress\/wp-json\/wp\/v2\/media?parent=23139"}],"wp:term":[{"taxonomy":"category","embeddable":true,"href":"https:\/\/www.region-schwabach.de\/wordpress\/wp-json\/wp\/v2\/categories?post=23139"},{"taxonomy":"post_tag","embeddable":true,"href":"https:\/\/www.region-schwabach.de\/wordpress\/wp-json\/wp\/v2\/tags?post=23139"}],"curies":[{"name":"wp","href":"https:\/\/api.w.org\/{rel}","templated":true}]}}