{"id":231779,"date":"2024-05-04T00:45:00","date_gmt":"2024-05-03T22:45:00","guid":{"rendered":"https:\/\/www.region-schwabach.de\/wordpress\/?p=231779"},"modified":"2024-05-04T00:33:39","modified_gmt":"2024-05-03T22:33:39","slug":"anderung-der-mullabfuhr-termine-wegen-tag-der-arbeit-2024","status":"publish","type":"post","link":"https:\/\/www.region-schwabach.de\/wordpress\/anderung-der-mullabfuhr-termine-wegen-tag-der-arbeit-2024\/","title":{"rendered":"\u00c4nderung der M\u00fcllabfuhr-Termine wegen Tag der Arbeit 2024"},"content":{"rendered":"\t\t<div data-elementor-type=\"wp-post\" data-elementor-id=\"231779\" class=\"elementor elementor-231779\">\n\t\t\t\t\t\t<section class=\"elementor-section elementor-top-section elementor-element elementor-element-tlus4ia elementor-section-boxed elementor-section-height-default elementor-section-height-default\" data-id=\"tlus4ia\" data-element_type=\"section\">\n\t\t\t\t\t\t<div class=\"elementor-container elementor-column-gap-default\">\n\t\t\t\t\t<div class=\"elementor-column elementor-col-50 elementor-top-column elementor-element elementor-element-sphcucl\" data-id=\"sphcucl\" data-element_type=\"column\">\n\t\t\t<div class=\"elementor-widget-wrap elementor-element-populated\">\n\t\t\t\t\t\t<div class=\"elementor-element elementor-element-c43f6e1 elementor-widget elementor-widget-wp-widget-advads_ad_widget\" data-id=\"c43f6e1\" data-element_type=\"widget\" data-widget_type=\"wp-widget-advads_ad_widget.default\">\n\t\t\t\t<div class=\"elementor-widget-container\">\n\t\t\t<div id=\"regio-4122266455\"><div class=\"regio-adlabel\">Werbung<\/div><center><a href=\"https:\/\/a.partner-versicherung.de\/click.php?partner_id=19992&ad_id=1578&deep=kreditkarten\"  target=\"_blank\"><img decoding=\"async\" src=\"https:\/\/a.partner-versicherung.de\/view.php?partner_id=19992&ad_id=1578\" ><\/a><\/center><\/div>\t\t<\/div>\n\t\t\t\t<\/div>\n\t\t\t\t<div class=\"elementor-element elementor-element-4f2h2af elementor-widget elementor-widget-text-editor\" data-id=\"4f2h2af\" data-element_type=\"widget\" data-widget_type=\"text-editor.default\">\n\t\t\t\t<div class=\"elementor-widget-container\">\n\t\t\t\t\t\t\t<h3>\u00c4nderung bei M\u00fcllabfuhrterminen<\/h3><p><span style=\"font-size: 12pt;\">Schwabach &#8211; Wegen des Feiertags am Montag, den 1. Mai 2024 (Tag der Arbeit), kommt es vereinzelt zu \u00c4nderungen bei den M\u00fcllabfuhrterminen f\u00fcr Restm\u00fcll, Bioabfall und Gelber Sack.<\/span><\/p><h3>Folgende neue\u00a0Termine ergeben sich:<\/h3><table style=\"width: 97.1142%; height: 120px;\"><tbody><tr style=\"height: 24px;\"><td style=\"height: 24px; width: 45.6146%;\"><span style=\"font-size: 12pt;\"><strong>Urspr\u00fcnglicher Termin<\/strong><\/span><\/td><td style=\"height: 24px; width: 18.0576%;\"><span style=\"font-size: 12pt;\"><strong>Beh\u00e4lter<\/strong><\/span><\/td><td style=\"height: 24px; width: 57.3916%;\"><span style=\"font-size: 12pt;\"><strong>Neuer Abholtermin<\/strong><\/span><\/td><\/tr><tr style=\"height: 24px;\"><td style=\"height: 24px; width: 45.6146%;\">\u00a0<\/td><td style=\"height: 24px; width: 18.0576%;\">\u00a0<\/td><td style=\"height: 24px; width: 57.3916%;\">\u00a0<\/td><\/tr><tr style=\"height: 24px;\"><td style=\"vertical-align: middle; height: 72px; width: 45.6146%;\" rowspan=\"3\"><span style=\"font-size: 12pt;\"><strong>Tag der Arbeit<br \/><\/strong><strong>Montag, den 1. Mai 2024<\/strong><\/span><\/td><td style=\"height: 24px; width: 18.0576%;\"><span style=\"font-size: 12pt;\">Restm\u00fcll<\/span><\/td><td style=\"height: 24px; width: 57.3916%;\"><span style=\"font-size: 12pt;\">Donnerstag, den 2. Mai 2024<\/span><\/td><\/tr><tr style=\"height: 24px;\"><td style=\"height: 24px; width: 18.0576%;\"><span style=\"font-size: 12pt;\">Bioabfall<\/span><\/td><td style=\"height: 24px; width: 57.3916%;\"><span style=\"font-size: 12pt;\">Freitag, den 3. Mai 2024<\/span><\/td><\/tr><tr style=\"height: 24px;\"><td style=\"height: 24px; width: 18.0576%;\"><span style=\"font-size: 12pt;\">Gelber Sack<\/span><\/td><td style=\"height: 24px; width: 57.3916%;\"><span style=\"font-size: 12pt;\">Samstag, den 4. Mai 2024<\/span><\/td><\/tr><\/tbody><\/table>\t\t\t\t\t\t<\/div>\n\t\t\t\t<\/div>\n\t\t\t\t<div class=\"elementor-element elementor-element-f6ff2fe elementor-widget elementor-widget-shortcode\" data-id=\"f6ff2fe\" data-element_type=\"widget\" data-widget_type=\"shortcode.default\">\n\t\t\t\t<div class=\"elementor-widget-container\">\n\t\t\t\t\t<div class=\"elementor-shortcode\"><!-- Beginn https:\/\/www.financeads.net\/-Code --><a href=\"https:\/\/www.financeads.net\/tc.php?t=36648C38513858B\" target=\"_blank\"><center><img decoding=\"async\" src=\"https:\/\/www.financeads.net\/tb.php?t=36648V38513858B&https=1\" alt=\"\" border=\"0\" width=\"468\" height=\"60\"><\/a><!-- Ende https:\/\/www.financeads.net\/-Code --><\/div>\n\t\t\t\t<\/div>\n\t\t\t\t<\/div>\n\t\t\t\t<div class=\"elementor-element elementor-element-da56a92 elementor-widget-divider--view-line elementor-widget elementor-widget-divider\" data-id=\"da56a92\" data-element_type=\"widget\" data-widget_type=\"divider.default\">\n\t\t\t\t<div class=\"elementor-widget-container\">\n\t\t\t\t\t<div class=\"elementor-divider\">\n\t\t\t<span class=\"elementor-divider-separator\">\n\t\t\t\t\t\t<\/span>\n\t\t<\/div>\n\t\t\t\t<\/div>\n\t\t\t\t<\/div>\n\t\t\t\t<div class=\"elementor-element elementor-element-b924bbf elementor-widget elementor-widget-google_maps\" data-id=\"b924bbf\" data-element_type=\"widget\" data-widget_type=\"google_maps.default\">\n\t\t\t\t<div class=\"elementor-widget-container\">\n\t\t\t\t\t<div class=\"elementor-custom-embed\">\n\t\t\t<iframe loading=\"lazy\"\n\t\t\t\t\tsrc=\"https:\/\/maps.google.com\/maps?q=Schwabach%2C%20Deutschland&#038;t=m&#038;z=14&#038;output=embed&#038;iwloc=near\"\n\t\t\t\t\ttitle=\"Schwabach, Deutschland\"\n\t\t\t\t\taria-label=\"Schwabach, Deutschland\"\n\t\t\t><\/iframe>\n\t\t<\/div>\n\t\t\t\t<\/div>\n\t\t\t\t<\/div>\n\t\t\t\t\t<\/div>\n\t\t<\/div>\n\t\t\t\t<div class=\"elementor-column elementor-col-50 elementor-top-column elementor-element elementor-element-8e77e7f\" data-id=\"8e77e7f\" data-element_type=\"column\">\n\t\t\t<div class=\"elementor-widget-wrap elementor-element-populated\">\n\t\t\t\t\t\t<div class=\"elementor-element elementor-element-befd174 elementor-widget elementor-widget-heading\" data-id=\"befd174\" data-element_type=\"widget\" data-widget_type=\"heading.default\">\n\t\t\t\t<div class=\"elementor-widget-container\">\n\t\t\t<h3 class=\"elementor-heading-title elementor-size-default\">Schnell vergleichen und sparen!<\/h3>\t\t<\/div>\n\t\t\t\t<\/div>\n\t\t\t\t<div class=\"elementor-element elementor-element-843ae96 elementor-widget elementor-widget-wp-widget-advads_ad_widget\" data-id=\"843ae96\" data-element_type=\"widget\" data-widget_type=\"wp-widget-advads_ad_widget.default\">\n\t\t\t\t<div class=\"elementor-widget-container\">\n\t\t\t<div id=\"regio-3452145136\"><div class=\"regio-adlabel\">Werbung<\/div><!-- Beginn https:\/\/www.financeads.net\/-Code --><a href=\"https:\/\/www.financeads.net\/tc.php?t=36648C236142529B\" target=\"_blank\"><img fetchpriority=\"high\" decoding=\"async\" src=\"https:\/\/www.financeads.net\/tb.php?t=36648V236142529B&https=1\" alt=\"\" border=\"0\" width=\"300\" height=\"250\"><\/a><!-- Ende https:\/\/www.financeads.net\/-Code --><\/div>\t\t<\/div>\n\t\t\t\t<\/div>\n\t\t\t\t<div class=\"elementor-element elementor-element-a60f2d3 elementor-widget elementor-widget-wp-widget-advads_ad_widget\" data-id=\"a60f2d3\" data-element_type=\"widget\" data-widget_type=\"wp-widget-advads_ad_widget.default\">\n\t\t\t\t<div class=\"elementor-widget-container\">\n\t\t\t<div id=\"regio-1821628639\"><div class=\"regio-adlabel\">Werbung<\/div><!-- Beginn https:\/\/www.financeads.net\/-Code --><a href=\"https:\/\/www.financeads.net\/tc.php?t=36648C42614510B\" target=\"_blank\"><img decoding=\"async\" src=\"https:\/\/www.financeads.net\/tb.php?t=36648V42614510B&https=1\" alt=\"\" border=\"0\" width=\"200\" height=\"300\"><\/a><!-- Ende https:\/\/www.financeads.net\/-Code --><\/div>\t\t<\/div>\n\t\t\t\t<\/div>\n\t\t\t\t<div class=\"elementor-element elementor-element-ffe1e9c elementor-widget elementor-widget-wp-widget-advads_ad_widget\" data-id=\"ffe1e9c\" data-element_type=\"widget\" data-widget_type=\"wp-widget-advads_ad_widget.default\">\n\t\t\t\t<div class=\"elementor-widget-container\">\n\t\t\t<div id=\"regio-4288597476\"><div class=\"regio-adlabel\">Werbung<\/div><!-- Beginn https:\/\/www.financeads.net\/-Code --><a href=\"https:\/\/www.financeads.net\/tc.php?t=36648C205040072B\" target=\"_blank\"><img loading=\"lazy\" decoding=\"async\" src=\"https:\/\/www.financeads.net\/tb.php?t=36648V205040072B&https=1\" alt=\"\" border=\"0\" width=\"300\" height=\"250\"><\/a><!-- Ende https:\/\/www.financeads.net\/-Code --><\/div>\t\t<\/div>\n\t\t\t\t<\/div>\n\t\t\t\t<div class=\"elementor-element elementor-element-36b04a2 elementor-widget elementor-widget-wp-widget-advads_ad_widget\" data-id=\"36b04a2\" data-element_type=\"widget\" data-widget_type=\"wp-widget-advads_ad_widget.default\">\n\t\t\t\t<div class=\"elementor-widget-container\">\n\t\t\t<div id=\"regio-3239791479\"><div class=\"regio-adlabel\">Werbung<\/div><!-- Beginn https:\/\/www.financeads.net\/-Code --><a href=\"https:\/\/www.financeads.net\/tc.php?t=36648C271460142B\" target=\"_blank\"><img loading=\"lazy\" decoding=\"async\" src=\"https:\/\/www.financeads.net\/tb.php?t=36648V271460142B&https=1\" alt=\"PETPROTECT_Hund&Katze_Banner\" border=\"0\" width=\"250\" height=\"250\"><\/a><!-- Ende https:\/\/www.financeads.net\/-Code --><\/div>\t\t<\/div>\n\t\t\t\t<\/div>\n\t\t\t\t\t<\/div>\n\t\t<\/div>\n\t\t\t\t\t<\/div>\n\t\t<\/section>\n\t\t\t\t<\/div>\n\t\t","protected":false},"excerpt":{"rendered":"<div class=\"mh-excerpt\"><p>\u00c4nderung bei M\u00fcllabfuhrterminen Schwabach &#8211; Wegen des Feiertags am Montag, den 1. Mai 2024 (Tag der Arbeit), kommt es vereinzelt zu \u00c4nderungen bei den M\u00fcllabfuhrterminen f\u00fcr Restm\u00fcll, Bioabfall und Gelber Sack. Folgende neue\u00a0Termine ergeben sich: <a class=\"mh-excerpt-more\" href=\"https:\/\/www.region-schwabach.de\/wordpress\/anderung-der-mullabfuhr-termine-wegen-tag-der-arbeit-2024\/\" title=\"\u00c4nderung der M\u00fcllabfuhr-Termine wegen Tag der Arbeit 2024\">[&#8230;]<\/a><\/p>\n<\/div>","protected":false},"author":1,"featured_media":37807,"comment_status":"open","ping_status":"open","sticky":false,"template":"","format":"standard","meta":{"_cbd_carousel_blocks":"[]","footnotes":""},"categories":[16,13,4306,61,118],"tags":[25244,25245,25246,25247,1210,1209,1089,1207,1480,1208,19,3151,3757],"class_list":{"0":"post-231779","1":"post","2":"type-post","3":"status-publish","4":"format-standard","5":"has-post-thumbnail","7":"category-aktuell","8":"category-nachrichten","9":"category-ratgeber","10":"category-rathaus","11":"category-umwelt","12":"tag-1-mai-2024","13":"tag-2-mai-2024","14":"tag-3-mai-2024","15":"tag-4-mai-2024","16":"tag-aenderung-abholtermine","17":"tag-bioabfall","18":"tag-gelber-sack","19":"tag-muellabfuhr","20":"tag-rathaus","21":"tag-restmuell","22":"tag-schwabach","23":"tag-stadt-schwabach","24":"tag-tag-der-arbeit"},"_links":{"self":[{"href":"https:\/\/www.region-schwabach.de\/wordpress\/wp-json\/wp\/v2\/posts\/231779","targetHints":{"allow":["GET"]}}],"collection":[{"href":"https:\/\/www.region-schwabach.de\/wordpress\/wp-json\/wp\/v2\/posts"}],"about":[{"href":"https:\/\/www.region-schwabach.de\/wordpress\/wp-json\/wp\/v2\/types\/post"}],"author":[{"embeddable":true,"href":"https:\/\/www.region-schwabach.de\/wordpress\/wp-json\/wp\/v2\/users\/1"}],"replies":[{"embeddable":true,"href":"https:\/\/www.region-schwabach.de\/wordpress\/wp-json\/wp\/v2\/comments?post=231779"}],"version-history":[{"count":0,"href":"https:\/\/www.region-schwabach.de\/wordpress\/wp-json\/wp\/v2\/posts\/231779\/revisions"}],"wp:featuredmedia":[{"embeddable":true,"href":"https:\/\/www.region-schwabach.de\/wordpress\/wp-json\/wp\/v2\/media\/37807"}],"wp:attachment":[{"href":"https:\/\/www.region-schwabach.de\/wordpress\/wp-json\/wp\/v2\/media?parent=231779"}],"wp:term":[{"taxonomy":"category","embeddable":true,"href":"https:\/\/www.region-schwabach.de\/wordpress\/wp-json\/wp\/v2\/categories?post=231779"},{"taxonomy":"post_tag","embeddable":true,"href":"https:\/\/www.region-schwabach.de\/wordpress\/wp-json\/wp\/v2\/tags?post=231779"}],"curies":[{"name":"wp","href":"https:\/\/api.w.org\/{rel}","templated":true}]}}