{"id":232200,"date":"2024-05-04T01:45:06","date_gmt":"2024-05-03T23:45:06","guid":{"rendered":"https:\/\/www.region-schwabach.de\/wordpress\/?p=232200"},"modified":"2024-05-04T00:53:28","modified_gmt":"2024-05-03T22:53:28","slug":"adolph-von-henselt-musikschule-ladt-am-samstag-den-4-mai-2024-zum-tag-der-offenen-tur-ein","status":"publish","type":"post","link":"https:\/\/www.region-schwabach.de\/wordpress\/adolph-von-henselt-musikschule-ladt-am-samstag-den-4-mai-2024-zum-tag-der-offenen-tur-ein\/","title":{"rendered":"Adolph von Henselt-Musikschule l\u00e4dt am Samstag, den 4. Mai 2024, zum Tag der offenen T\u00fcr ein"},"content":{"rendered":"\t\t<div data-elementor-type=\"wp-post\" data-elementor-id=\"232200\" class=\"elementor elementor-232200\">\n\t\t\t\t\t\t<section class=\"elementor-section elementor-top-section elementor-element elementor-element-678181b elementor-section-boxed elementor-section-height-default elementor-section-height-default\" data-id=\"678181b\" data-element_type=\"section\">\n\t\t\t\t\t\t<div class=\"elementor-container elementor-column-gap-default\">\n\t\t\t\t\t<div class=\"elementor-column elementor-col-66 elementor-top-column elementor-element elementor-element-6b34026\" data-id=\"6b34026\" data-element_type=\"column\">\n\t\t\t<div class=\"elementor-widget-wrap elementor-element-populated\">\n\t\t\t\t\t\t<div class=\"elementor-element elementor-element-ddcf1c4 elementor-widget elementor-widget-wp-widget-advads_ad_widget\" data-id=\"ddcf1c4\" data-element_type=\"widget\" data-widget_type=\"wp-widget-advads_ad_widget.default\">\n\t\t\t\t<div class=\"elementor-widget-container\">\n\t\t\t<div id=\"regio-1365158559\"><div class=\"regio-adlabel\">Werbung<\/div><center><a href=\"https:\/\/a.partner-versicherung.de\/click.php?partner_id=19992&ad_id=1578&deep=kreditkarten\"  target=\"_blank\"><img decoding=\"async\" src=\"https:\/\/a.partner-versicherung.de\/view.php?partner_id=19992&ad_id=1578\" ><\/a><\/center><\/div>\t\t<\/div>\n\t\t\t\t<\/div>\n\t\t\t\t<div class=\"elementor-element elementor-element-443ab98 elementor-widget elementor-widget-text-editor\" data-id=\"443ab98\" data-element_type=\"widget\" data-widget_type=\"text-editor.default\">\n\t\t\t\t<div class=\"elementor-widget-container\">\n\t\t\t\t\t\t\t<h3>Samstag, den 4. Mai 2024, 10.00 Uhr bis 15.00 Uhr:<br \/>Die Adolph von Henselt-Musikschule l\u00e4dt zum Tag der offenen T\u00fcr ein<\/h3><p><span style=\"font-size: 12pt;\">Schwabach &#8211; Die Adolph von Henselt-Musikschule l\u00e4dt am Samstag, den 4. Mai 2024, von 10.00 Uhr bis 15.00 Uhr zum Tag der offenen T\u00fcr ein! Hier k\u00f6nnen die vielen Instrumente und Unterrichtsangebote der Musikschule vor Ort in der Wittelsbacher Stra\u00dfe 1 (Altes DG) erlebt und ausprobiert werden. <\/span><\/p><p><span style=\"font-size: 12pt;\">F\u00fcr alle ist etwas dabei: von Kleinkindern, \u00fcber Jugendliche bis hin zu Erwachsenen aller Altersklassen, die mit Spa\u00df Musik lernen und spielen m\u00f6chten. Die Lehrerinnen und Lehrer freuen sich auf interessierte G\u00e4ste und beantworten gerne alle Fragen. Instrumente k\u00f6nnen ausprobiert und Wissenswertes \u00fcber den Unterricht erfahren werden.<br \/><br \/>Es wird auch Mitmachstunden f\u00fcr die Kleineren und Kleinsten geben: In zwei Einheiten k\u00f6nnen 1 \u00bd bis 6-j\u00e4hrige Kinder teilnehmen. Die Eltern erfahren dabei, wie schon die J\u00fcngsten spielerisch an die Musik herangef\u00fchrt werden.<br \/><br \/>Auch die Mitarbeiterinnen und Mitarbeiter der Verwaltung und der Schulleitung werden vor Ort sein und alle organisatorischen Fragen beantworten.\u00a0<\/span><\/p><h3><span style=\"font-size: 12pt;\">Im benachbarten AWO-Saal finden verschiedene kleine Konzerte statt:\u00a0<\/span><\/h3><ul style=\"list-style-type: disc;\"><li><span style=\"font-size: 12pt;\">10.00 Uhr: Blechbl\u00e4ser (AWO-Saal)\u00a0<\/span><\/li><li><span style=\"font-size: 12pt;\">10.30 Uhr: Uhr Schlagzeug (Raum 104)\u00a0<\/span><\/li><li><span style=\"font-size: 12pt;\">11.00 Uhr: Mitmachstunde Musikalische Fr\u00fcherziehung (f\u00fcr alle 3- bis 6-j\u00e4hrigen Kinder und ihre Eltern, Raum 201)\u00a0<\/span><\/li><li><span style=\"font-size: 12pt;\">12.00 Uhr: Querfl\u00f6te, Klarinette (AWO-Saal)\u00a0<\/span><\/li><li><span style=\"font-size: 12pt;\">12.30 Uhr: Streicher (AWO-Saal)\u00a0<\/span><\/li><li><span style=\"font-size: 12pt;\">13.00 Uhr: Gitarre, Klavier und Gesang (AWO-Saal)\u00a0<\/span><\/li><li><span style=\"font-size: 12pt;\">14.00 Uhr: Mitmachstunde Musikalische Fr\u00fcherziehung (f\u00fcr alle 3- bis 6-j\u00e4hrigen Kinder und ihre Eltern, Raum 201)<\/span><\/li><\/ul><p><span style=\"font-size: 12pt;\"><span id=\"page1R_mcid1\" class=\"markedContent\"><span dir=\"ltr\" role=\"presentation\">Aktuelle Infos auf <a href=\"http:\/\/www.schwabach.de\/musikschule\" target=\"_blank\" rel=\"noopener\">www.schwabach.de\/musikschule<\/a> oder unter Telefon 09122-<\/span><span dir=\"ltr\" role=\"presentation\">836-706.<\/span><\/span><span id=\"page1R_mcid2\" class=\"markedContent\"><\/span><span id=\"page1R_mcid3\" class=\"markedContent\"><br role=\"presentation\" \/><\/span><\/span><\/p><h3>Weiterf\u00fchrende Links:<\/h3><p><span style=\"font-size: 12pt;\"><a href=\"https:\/\/www.schwabach.de\/de\/kulturportal-musikschule\/musikschule.html\" target=\"_blank\" rel=\"noopener\">Homepage Adolph von Henselt-Musikschule &#8230;<\/a><\/span><\/p>\t\t\t\t\t\t<\/div>\n\t\t\t\t<\/div>\n\t\t\t\t<div class=\"elementor-element elementor-element-1e12fe5 elementor-widget elementor-widget-shortcode\" data-id=\"1e12fe5\" data-element_type=\"widget\" data-widget_type=\"shortcode.default\">\n\t\t\t\t<div class=\"elementor-widget-container\">\n\t\t\t\t\t<div class=\"elementor-shortcode\"><center><a href=\"https:\/\/a.partner-versicherung.de\/click.php?partner_id=19992&ad_id=441&deep=kfz-versicherung\"  target=\"_blank\"><img decoding=\"async\" src=\"https:\/\/a.partner-versicherung.de\/view.php?partner_id=19992&ad_id=441\" ><\/a><\/center><\/div>\n\t\t\t\t<\/div>\n\t\t\t\t<\/div>\n\t\t\t\t<div class=\"elementor-element elementor-element-9ca12e2 elementor-widget elementor-widget-google_maps\" data-id=\"9ca12e2\" data-element_type=\"widget\" data-widget_type=\"google_maps.default\">\n\t\t\t\t<div class=\"elementor-widget-container\">\n\t\t\t\t\t<div class=\"elementor-custom-embed\">\n\t\t\t<iframe loading=\"lazy\"\n\t\t\t\t\tsrc=\"https:\/\/maps.google.com\/maps?q=Wittelsbacherstra%C3%9Fe%201%2C%20Schwabach%2C%20Deutschland&#038;t=m&#038;z=16&#038;output=embed&#038;iwloc=near\"\n\t\t\t\t\ttitle=\"Wittelsbacherstra\u00dfe 1, Schwabach, Deutschland\"\n\t\t\t\t\taria-label=\"Wittelsbacherstra\u00dfe 1, Schwabach, Deutschland\"\n\t\t\t><\/iframe>\n\t\t<\/div>\n\t\t\t\t<\/div>\n\t\t\t\t<\/div>\n\t\t\t\t\t<\/div>\n\t\t<\/div>\n\t\t\t\t<div class=\"elementor-column elementor-col-33 elementor-top-column elementor-element elementor-element-f645137\" data-id=\"f645137\" data-element_type=\"column\">\n\t\t\t<div class=\"elementor-widget-wrap elementor-element-populated\">\n\t\t\t\t\t\t<div class=\"elementor-element elementor-element-d251940 elementor-widget elementor-widget-heading\" data-id=\"d251940\" data-element_type=\"widget\" data-widget_type=\"heading.default\">\n\t\t\t\t<div class=\"elementor-widget-container\">\n\t\t\t<h3 class=\"elementor-heading-title elementor-size-default\">Schnell vergleichen und sparen!<\/h3>\t\t<\/div>\n\t\t\t\t<\/div>\n\t\t\t\t<div class=\"elementor-element elementor-element-f5cc607 elementor-widget elementor-widget-wp-widget-advads_ad_widget\" data-id=\"f5cc607\" data-element_type=\"widget\" data-widget_type=\"wp-widget-advads_ad_widget.default\">\n\t\t\t\t<div class=\"elementor-widget-container\">\n\t\t\t<div id=\"regio-1108277964\"><div class=\"regio-adlabel\">Werbung<\/div><!-- Beginn https:\/\/www.financeads.net\/-Code --><a href=\"https:\/\/www.financeads.net\/tc.php?t=36648C236142529B\" target=\"_blank\"><img fetchpriority=\"high\" decoding=\"async\" src=\"https:\/\/www.financeads.net\/tb.php?t=36648V236142529B&https=1\" alt=\"\" border=\"0\" width=\"300\" height=\"250\"><\/a><!-- Ende https:\/\/www.financeads.net\/-Code --><\/div>\t\t<\/div>\n\t\t\t\t<\/div>\n\t\t\t\t<div class=\"elementor-element elementor-element-7139eb3 elementor-widget elementor-widget-wp-widget-advads_ad_widget\" data-id=\"7139eb3\" data-element_type=\"widget\" data-widget_type=\"wp-widget-advads_ad_widget.default\">\n\t\t\t\t<div class=\"elementor-widget-container\">\n\t\t\t<div id=\"regio-1525254724\"><div class=\"regio-adlabel\">Werbung<\/div><!-- Beginn https:\/\/www.financeads.net\/-Code --><a href=\"https:\/\/www.financeads.net\/tc.php?t=36648C42614510B\" target=\"_blank\"><img decoding=\"async\" src=\"https:\/\/www.financeads.net\/tb.php?t=36648V42614510B&https=1\" alt=\"\" border=\"0\" width=\"200\" height=\"300\"><\/a><!-- Ende https:\/\/www.financeads.net\/-Code --><\/div>\t\t<\/div>\n\t\t\t\t<\/div>\n\t\t\t\t<div class=\"elementor-element elementor-element-2bd4b64 elementor-widget elementor-widget-wp-widget-advads_ad_widget\" data-id=\"2bd4b64\" data-element_type=\"widget\" data-widget_type=\"wp-widget-advads_ad_widget.default\">\n\t\t\t\t<div class=\"elementor-widget-container\">\n\t\t\t<div id=\"regio-3884191840\"><div class=\"regio-adlabel\">Werbung<\/div><!-- Beginn https:\/\/www.financeads.net\/-Code --><a href=\"https:\/\/www.financeads.net\/tc.php?t=36648C205040072B\" target=\"_blank\"><img decoding=\"async\" src=\"https:\/\/www.financeads.net\/tb.php?t=36648V205040072B&https=1\" alt=\"\" border=\"0\" width=\"300\" height=\"250\"><\/a><!-- Ende https:\/\/www.financeads.net\/-Code --><\/div>\t\t<\/div>\n\t\t\t\t<\/div>\n\t\t\t\t<div class=\"elementor-element elementor-element-c035a77 elementor-widget elementor-widget-wp-widget-advads_ad_widget\" data-id=\"c035a77\" data-element_type=\"widget\" data-widget_type=\"wp-widget-advads_ad_widget.default\">\n\t\t\t\t<div class=\"elementor-widget-container\">\n\t\t\t<div id=\"regio-3990008341\"><div class=\"regio-adlabel\">Werbung<\/div><!-- Beginn https:\/\/www.financeads.net\/-Code --><a href=\"https:\/\/www.financeads.net\/tc.php?t=36648C271460142B\" target=\"_blank\"><img loading=\"lazy\" decoding=\"async\" src=\"https:\/\/www.financeads.net\/tb.php?t=36648V271460142B&https=1\" alt=\"PETPROTECT_Hund&Katze_Banner\" border=\"0\" width=\"250\" height=\"250\"><\/a><!-- Ende https:\/\/www.financeads.net\/-Code --><\/div>\t\t<\/div>\n\t\t\t\t<\/div>\n\t\t\t\t\t<\/div>\n\t\t<\/div>\n\t\t\t\t\t<\/div>\n\t\t<\/section>\n\t\t\t\t<\/div>\n\t\t","protected":false},"excerpt":{"rendered":"<div class=\"mh-excerpt\"><p>Samstag, den 4. Mai 2024, 10.00 Uhr bis 15.00 Uhr:Die Adolph von Henselt-Musikschule l\u00e4dt zum Tag der offenen T\u00fcr ein Schwabach &#8211; Die Adolph von Henselt-Musikschule l\u00e4dt am Samstag, den 4. Mai 2024, von 10.00 <a class=\"mh-excerpt-more\" href=\"https:\/\/www.region-schwabach.de\/wordpress\/adolph-von-henselt-musikschule-ladt-am-samstag-den-4-mai-2024-zum-tag-der-offenen-tur-ein\/\" title=\"Adolph von Henselt-Musikschule l\u00e4dt am Samstag, den 4. Mai 2024, zum Tag der offenen T\u00fcr ein\">[&#8230;]<\/a><\/p>\n<\/div>","protected":false},"author":1,"featured_media":232201,"comment_status":"open","ping_status":"open","sticky":false,"template":"","format":"standard","meta":{"_cbd_carousel_blocks":"[]","footnotes":""},"categories":[16,1,287,61,231,140],"tags":[25285,25247,4387,522,19,3012,3151,982,987,2678],"class_list":{"0":"post-232200","1":"post","2":"type-post","3":"status-publish","4":"format-standard","5":"has-post-thumbnail","7":"category-aktuell","8":"category-allgemein","9":"category-jugend-und-familie","10":"category-rathaus","11":"category-veranstaltungsnews","12":"category-vereine","13":"tag-04-05-2024","14":"tag-4-mai-2024","15":"tag-adolph-von-henselt-musikschule","16":"tag-koenigsplatz","17":"tag-schwabach","18":"tag-stadt","19":"tag-stadt-schwabach","20":"tag-tag-der-offenen-tuer","21":"tag-umzug","22":"tag-wittelsbacherstrasse"},"_links":{"self":[{"href":"https:\/\/www.region-schwabach.de\/wordpress\/wp-json\/wp\/v2\/posts\/232200","targetHints":{"allow":["GET"]}}],"collection":[{"href":"https:\/\/www.region-schwabach.de\/wordpress\/wp-json\/wp\/v2\/posts"}],"about":[{"href":"https:\/\/www.region-schwabach.de\/wordpress\/wp-json\/wp\/v2\/types\/post"}],"author":[{"embeddable":true,"href":"https:\/\/www.region-schwabach.de\/wordpress\/wp-json\/wp\/v2\/users\/1"}],"replies":[{"embeddable":true,"href":"https:\/\/www.region-schwabach.de\/wordpress\/wp-json\/wp\/v2\/comments?post=232200"}],"version-history":[{"count":0,"href":"https:\/\/www.region-schwabach.de\/wordpress\/wp-json\/wp\/v2\/posts\/232200\/revisions"}],"wp:featuredmedia":[{"embeddable":true,"href":"https:\/\/www.region-schwabach.de\/wordpress\/wp-json\/wp\/v2\/media\/232201"}],"wp:attachment":[{"href":"https:\/\/www.region-schwabach.de\/wordpress\/wp-json\/wp\/v2\/media?parent=232200"}],"wp:term":[{"taxonomy":"category","embeddable":true,"href":"https:\/\/www.region-schwabach.de\/wordpress\/wp-json\/wp\/v2\/categories?post=232200"},{"taxonomy":"post_tag","embeddable":true,"href":"https:\/\/www.region-schwabach.de\/wordpress\/wp-json\/wp\/v2\/tags?post=232200"}],"curies":[{"name":"wp","href":"https:\/\/api.w.org\/{rel}","templated":true}]}}