{"id":232795,"date":"2024-05-11T02:00:00","date_gmt":"2024-05-11T00:00:00","guid":{"rendered":"https:\/\/www.region-schwabach.de\/wordpress\/?p=232795"},"modified":"2024-05-10T22:45:56","modified_gmt":"2024-05-10T20:45:56","slug":"gitarrenkonzert-mit-luis-orlandini-am-samstag-den-11-mai-2024-in-der-alten-synagoge","status":"publish","type":"post","link":"https:\/\/www.region-schwabach.de\/wordpress\/gitarrenkonzert-mit-luis-orlandini-am-samstag-den-11-mai-2024-in-der-alten-synagoge\/","title":{"rendered":"Gitarrenkonzert mit Luis Orlandini am Samstag, den 11. Mai 2024, in der Alten Synagoge"},"content":{"rendered":"\t\t<div data-elementor-type=\"wp-post\" data-elementor-id=\"232795\" class=\"elementor elementor-232795\">\n\t\t\t\t\t\t<section class=\"elementor-section elementor-top-section elementor-element elementor-element-678181b elementor-section-boxed elementor-section-height-default elementor-section-height-default\" data-id=\"678181b\" data-element_type=\"section\">\n\t\t\t\t\t\t<div class=\"elementor-container elementor-column-gap-default\">\n\t\t\t\t\t<div class=\"elementor-column elementor-col-50 elementor-top-column elementor-element elementor-element-6b34026\" data-id=\"6b34026\" data-element_type=\"column\">\n\t\t\t<div class=\"elementor-widget-wrap elementor-element-populated\">\n\t\t\t\t\t\t<div class=\"elementor-element elementor-element-e3fa2ca elementor-widget elementor-widget-wp-widget-advads_ad_widget\" data-id=\"e3fa2ca\" data-element_type=\"widget\" data-widget_type=\"wp-widget-advads_ad_widget.default\">\n\t\t\t\t<div class=\"elementor-widget-container\">\n\t\t\t<div id=\"regio-980121466\"><div class=\"regio-adlabel\">Werbung<\/div><center><a href=\"https:\/\/a.partner-versicherung.de\/click.php?partner_id=19992&ad_id=1578&deep=kreditkarten\"  target=\"_blank\"><img decoding=\"async\" src=\"https:\/\/a.partner-versicherung.de\/view.php?partner_id=19992&ad_id=1578\" ><\/a><\/center><\/div>\t\t<\/div>\n\t\t\t\t<\/div>\n\t\t\t\t<div class=\"elementor-element elementor-element-443ab98 elementor-widget elementor-widget-text-editor\" data-id=\"443ab98\" data-element_type=\"widget\" data-widget_type=\"text-editor.default\">\n\t\t\t\t<div class=\"elementor-widget-container\">\n\t\t\t\t\t\t\t<h3>Samstag, den 11. Mai 2024, um 20.00 Uhr in der Alten Synagoge in der Synagogengasse 6 in Schwabach:\u00a0<br \/>Gitarrenkonzert mit Luis Orlandini\u00a0<\/h3><p><strong><span style=\"font-size: 12pt;\">Luis Orlandini spielt Werke von Bach, Sor, Tarrega, Granados, Villa-Lobos, Brouwer und De Falla\u00a0<\/span><\/strong><\/p><p><span style=\"font-size: 12pt;\">Schwabach &#8211; Der hervorragende K\u00fcnstler Luis Orlandini, geboren 1964 in Santiago de Chile studierte an der Fakult\u00e4t f\u00fcr Kunst der Universit\u00e4t Chile bei Professor Ernesto Quezada und sp\u00e4ter, mit einem Stipendium der deutschen Regierung, bei Eliot Fisk an der Hochschule f\u00fcr Musik in K\u00f6ln.<br \/><\/span><\/p><p><span style=\"font-size: 12pt;\">Dar\u00fcber hinaus belegte er einen Aufbaukurs am Mozarteum in Salzburg (\u00d6sterreich) und nahm au\u00dferdem an Meisterkursen bei Narciso Yepes, Eduardo Fern\u00e1ndez und Oscar Gighlia teil.<br \/><\/span><\/p><p><span style=\"font-size: 12pt;\">1989 gewann er zum bis heute einziges Mal in der Geschichte des Wettbewerbs den ersten Preis beim ARD Internationalen Musikwettbewerb M\u00fcnchen. Seitdem hat er eine intensive internationale Karriere entwickelt und trat in wichtigen Konzerts\u00e4len in Berlin (Philharmonie, Konzerthaus), K\u00f6ln (WDR), Rom, Venedig (Teatro La Fenice), Paris (Salle Cortot), Nizza und Madrid (Kunstzentrum Reina Sof\u00eda) auf ), Rotterdam (De Doelen), Danzig, M\u00fcnchen (Herkulessaal, Max Joseph Saal), Genf, Bern, Lausanne, Moskau (Tschaikowsky-Konservatorium), Tokio, Washington DC (Millennium Stage des Kennedy Center), Houston, Boston, London (Wigmore Hall, Purcell Room, St. Mart\u00edn in the Fields), Havanna (Amadeo Rold\u00e1n Theater), Montevideo (Sol\u00eds Theater), Buenos Aires (Col\u00f3n Theater), Lima (National Auditorium), Quito, Caracas (Teresa Carre\u00f1o Theater), usw.<br \/><\/span><\/p><p><span style=\"font-size: 12pt;\">Er hat mehr als hundert f\u00fcnfzig Werke chilenischer Komponisten uraufgef\u00fchrt, viele davon auf seinen Auftrag hin komponiert, und er hat eine Reihe von Ausgaben von Gitarrenpartituren chilenischer Komponisten an der Universit\u00e4t Chile ver\u00f6_entlicht. Er trat mit K\u00fcnstlern aus verschiedenen L\u00e4ndern auf, nahm als Jury an mehreren internationalen Musikwettbewerben teil und wurde zu verschiedenen Musikfestivals in verschiedenen L\u00e4ndern der Welt eingeladen, darunter Indiana, Fortworth, Puerto Rico, Lima und N\u00fcrtingen.<br \/><\/span><\/p><p><span style=\"font-size: 12pt;\">Unter den erhaltenen Auszeichnungen stehen der Kritikerpreis des Art Critics&#8216; Circle, der Preis f\u00fcr sein Lebenswerk der Chilenischen Urheberrechtsgesellschaft (SCD), der \u201eDomingo Santa Cruz\u201c-Preis der Chilenischen Akademie der Sch\u00f6nen K\u00fcnste und 2007 der \u201ePr\u00e4sident der Republik Preis\u201c, verliehen von der chilenischen Regierung. Im Jahr 2009 wurde er f\u00fcr seinen Beitrag zur Kultur des Landes im Bereich der Musikkunst Vollmitglied der Chilenischen Akademie der Sch\u00f6nen K\u00fcnste des Instituts von Chile.<br \/><\/span><\/p><p><span style=\"font-size: 12pt;\">Neben seinem aktiven Leben als Konzertk\u00fcnstler unternimmt er als Solist, als Teil des Orellana &amp; Orlandini Duo, Orlandini &amp; Luco Duo und des Mosaiko Guitar Quartet Konzerttourneen in Europa und Amerika und gibt Meisterkurse bei wichtigen Seminaren und Festivals. Er ist ordentlicher Professor der Facultad de Artes der Universit\u00e4t Chile und Professor des Instituts f\u00fcr Musik der Katholischen Universit\u00e4t Chile.<br \/><\/span><\/p><p><span style=\"font-size: 12pt;\">Zu seinen letzten k\u00fcnstlerischen Verp_ichtungen seit 2019 geh\u00f6ren die Aufnahme einer CD mit Cycles von Joaqu\u00edn Rodrigo und Juan Antonio S\u00e1nchez, die Konzerttournee in Marokko, Spanien und Deutschland mit dem National Youth Symphony Orchestra of Chile unter der Leitung von Maestro Maximiano Vald\u00e9s sowie verschiedene Konzerte mit dem Duo Orellana &amp; Orlandini, der Sopranistin Tamara L\u00f3pez, dem Streichquartett SURKOS und dem Gitarrenquartett MOSAIKO. Im Jahr 2020 bringt er seine neue CD Recital Band 1 mit einer Auswahl relevanter Werke aus dem spanischen Repertoire heraus und bietet Online-Rezitale, Vortr\u00e4ge und Meisterkurse an. Im August 2020 erhielt er von der Universit\u00e4t Miguel de Cervantes den Preis \u201eDon Quijote de la Mancha\u201c, der f\u00fcr seinen kontinuierlichen Beitrag zur Kunst in Chile verliehen wird. Und seit 2022 hat er im Duo mit dem prominenten chilenischen Musiker Raimundo Luco zahlreiche Konzerte und Aufnahmen gegeben und das Duo Orlandini &amp; Luco gegr\u00fcndet. Im Jahr 2023 wurden sie mit Unterst\u00fctzung des chilenischen Au\u00dfenministeriums auf Konzerttournee durch verschiedene St\u00e4dte in Spanien und Deutschland gehen.\u00a0<\/span><\/p>\t\t\t\t\t\t<\/div>\n\t\t\t\t<\/div>\n\t\t\t\t<div class=\"elementor-element elementor-element-362ac52 elementor-widget elementor-widget-shortcode\" data-id=\"362ac52\" data-element_type=\"widget\" data-widget_type=\"shortcode.default\">\n\t\t\t\t<div class=\"elementor-widget-container\">\n\t\t\t\t\t<div class=\"elementor-shortcode\"><!-- Beginn https:\/\/www.financeads.net\/-Code --><a href=\"https:\/\/www.financeads.net\/tc.php?t=36648C38513858B\" target=\"_blank\"><center><img decoding=\"async\" src=\"https:\/\/www.financeads.net\/tb.php?t=36648V38513858B&https=1\" alt=\"\" border=\"0\" width=\"468\" height=\"60\"><\/a><!-- Ende https:\/\/www.financeads.net\/-Code --><\/div>\n\t\t\t\t<\/div>\n\t\t\t\t<\/div>\n\t\t\t\t<div class=\"elementor-element elementor-element-0c834d7 elementor-widget-divider--view-line elementor-widget elementor-widget-divider\" data-id=\"0c834d7\" data-element_type=\"widget\" data-widget_type=\"divider.default\">\n\t\t\t\t<div class=\"elementor-widget-container\">\n\t\t\t\t\t<div class=\"elementor-divider\">\n\t\t\t<span class=\"elementor-divider-separator\">\n\t\t\t\t\t\t<\/span>\n\t\t<\/div>\n\t\t\t\t<\/div>\n\t\t\t\t<\/div>\n\t\t\t\t<div class=\"elementor-element elementor-element-325f51f elementor-widget elementor-widget-google_maps\" data-id=\"325f51f\" data-element_type=\"widget\" data-widget_type=\"google_maps.default\">\n\t\t\t\t<div class=\"elementor-widget-container\">\n\t\t\t\t\t<div class=\"elementor-custom-embed\">\n\t\t\t<iframe loading=\"lazy\"\n\t\t\t\t\tsrc=\"https:\/\/maps.google.com\/maps?q=Synagogengasse%206%2C%20Schwabach%2C%20Deutschland&#038;t=m&#038;z=17&#038;output=embed&#038;iwloc=near\"\n\t\t\t\t\ttitle=\"Synagogengasse 6, Schwabach, Deutschland\"\n\t\t\t\t\taria-label=\"Synagogengasse 6, Schwabach, Deutschland\"\n\t\t\t><\/iframe>\n\t\t<\/div>\n\t\t\t\t<\/div>\n\t\t\t\t<\/div>\n\t\t\t\t\t<\/div>\n\t\t<\/div>\n\t\t\t\t<div class=\"elementor-column elementor-col-50 elementor-top-column elementor-element elementor-element-f3d2d15\" data-id=\"f3d2d15\" data-element_type=\"column\">\n\t\t\t<div class=\"elementor-widget-wrap elementor-element-populated\">\n\t\t\t\t\t\t<div class=\"elementor-element elementor-element-6165363 elementor-widget elementor-widget-heading\" data-id=\"6165363\" data-element_type=\"widget\" data-widget_type=\"heading.default\">\n\t\t\t\t<div class=\"elementor-widget-container\">\n\t\t\t<h3 class=\"elementor-heading-title elementor-size-default\">Schnell vergleichen und sparen!<\/h3>\t\t<\/div>\n\t\t\t\t<\/div>\n\t\t\t\t<div class=\"elementor-element elementor-element-3842e95 elementor-widget elementor-widget-wp-widget-advads_ad_widget\" data-id=\"3842e95\" data-element_type=\"widget\" data-widget_type=\"wp-widget-advads_ad_widget.default\">\n\t\t\t\t<div class=\"elementor-widget-container\">\n\t\t\t<div id=\"regio-2146556773\"><div class=\"regio-adlabel\">Werbung<\/div><!-- Beginn https:\/\/www.financeads.net\/-Code --><a href=\"https:\/\/www.financeads.net\/tc.php?t=36648C236142529B\" target=\"_blank\"><img fetchpriority=\"high\" decoding=\"async\" src=\"https:\/\/www.financeads.net\/tb.php?t=36648V236142529B&https=1\" alt=\"\" border=\"0\" width=\"300\" height=\"250\"><\/a><!-- Ende https:\/\/www.financeads.net\/-Code --><\/div>\t\t<\/div>\n\t\t\t\t<\/div>\n\t\t\t\t<div class=\"elementor-element elementor-element-afdf71e elementor-widget elementor-widget-wp-widget-advads_ad_widget\" data-id=\"afdf71e\" data-element_type=\"widget\" data-widget_type=\"wp-widget-advads_ad_widget.default\">\n\t\t\t\t<div class=\"elementor-widget-container\">\n\t\t\t<div id=\"regio-3684603112\"><div class=\"regio-adlabel\">Werbung<\/div><!-- Beginn https:\/\/www.financeads.net\/-Code --><a href=\"https:\/\/www.financeads.net\/tc.php?t=36648C42614510B\" target=\"_blank\"><img decoding=\"async\" src=\"https:\/\/www.financeads.net\/tb.php?t=36648V42614510B&https=1\" alt=\"\" border=\"0\" width=\"200\" height=\"300\"><\/a><!-- Ende https:\/\/www.financeads.net\/-Code --><\/div>\t\t<\/div>\n\t\t\t\t<\/div>\n\t\t\t\t<div class=\"elementor-element elementor-element-faa70d1 elementor-widget elementor-widget-wp-widget-advads_ad_widget\" data-id=\"faa70d1\" data-element_type=\"widget\" data-widget_type=\"wp-widget-advads_ad_widget.default\">\n\t\t\t\t<div class=\"elementor-widget-container\">\n\t\t\t<div id=\"regio-1293851041\"><div class=\"regio-adlabel\">Werbung<\/div><!-- Beginn https:\/\/www.financeads.net\/-Code --><a href=\"https:\/\/www.financeads.net\/tc.php?t=36648C205040072B\" target=\"_blank\"><img loading=\"lazy\" decoding=\"async\" src=\"https:\/\/www.financeads.net\/tb.php?t=36648V205040072B&https=1\" alt=\"\" border=\"0\" width=\"300\" height=\"250\"><\/a><!-- Ende https:\/\/www.financeads.net\/-Code --><\/div>\t\t<\/div>\n\t\t\t\t<\/div>\n\t\t\t\t<div class=\"elementor-element elementor-element-3478f11 elementor-widget elementor-widget-wp-widget-advads_ad_widget\" data-id=\"3478f11\" data-element_type=\"widget\" data-widget_type=\"wp-widget-advads_ad_widget.default\">\n\t\t\t\t<div class=\"elementor-widget-container\">\n\t\t\t<div id=\"regio-953806003\"><div class=\"regio-adlabel\">Werbung<\/div><!-- Beginn https:\/\/www.financeads.net\/-Code --><a href=\"https:\/\/www.financeads.net\/tc.php?t=36648C271460142B\" target=\"_blank\"><img loading=\"lazy\" decoding=\"async\" src=\"https:\/\/www.financeads.net\/tb.php?t=36648V271460142B&https=1\" alt=\"PETPROTECT_Hund&Katze_Banner\" border=\"0\" width=\"250\" height=\"250\"><\/a><!-- Ende https:\/\/www.financeads.net\/-Code --><\/div>\t\t<\/div>\n\t\t\t\t<\/div>\n\t\t\t\t\t<\/div>\n\t\t<\/div>\n\t\t\t\t\t<\/div>\n\t\t<\/section>\n\t\t\t\t<\/div>\n\t\t","protected":false},"excerpt":{"rendered":"<div class=\"mh-excerpt\"><p>Samstag, den 11. Mai 2024, um 20.00 Uhr in der Alten Synagoge in der Synagogengasse 6 in Schwabach:\u00a0Gitarrenkonzert mit Luis Orlandini\u00a0 Luis Orlandini spielt Werke von Bach, Sor, Tarrega, Granados, Villa-Lobos, Brouwer und De Falla\u00a0 <a class=\"mh-excerpt-more\" href=\"https:\/\/www.region-schwabach.de\/wordpress\/gitarrenkonzert-mit-luis-orlandini-am-samstag-den-11-mai-2024-in-der-alten-synagoge\/\" title=\"Gitarrenkonzert mit Luis Orlandini am Samstag, den 11. Mai 2024, in der Alten Synagoge\">[&#8230;]<\/a><\/p>\n<\/div>","protected":false},"author":1,"featured_media":232796,"comment_status":"open","ping_status":"open","sticky":false,"template":"","format":"standard","meta":{"_cbd_carousel_blocks":"[]","footnotes":""},"categories":[16,287,231,140],"tags":[25323,25337,6096,9175,25352,25353,25346,25348,5746,522,25347,1480,19,25350,4692,25349,25351],"class_list":{"0":"post-232795","1":"post","2":"type-post","3":"status-publish","4":"format-standard","5":"has-post-thumbnail","7":"category-aktuell","8":"category-jugend-und-familie","9":"category-veranstaltungsnews","10":"category-vereine","11":"tag-11-mai-2024","12":"tag-11-05-2024","13":"tag-alte-synagoge","14":"tag-bach","15":"tag-brouwer","16":"tag-de-falla","17":"tag-gitarrenkonzert","18":"tag-granados","19":"tag-juedisches-museum-franken","20":"tag-koenigsplatz","21":"tag-luis-orlandini","22":"tag-rathaus","23":"tag-schwabach","24":"tag-sor","25":"tag-synagogengasse","26":"tag-tarrega","27":"tag-villa-lobos"},"_links":{"self":[{"href":"https:\/\/www.region-schwabach.de\/wordpress\/wp-json\/wp\/v2\/posts\/232795","targetHints":{"allow":["GET"]}}],"collection":[{"href":"https:\/\/www.region-schwabach.de\/wordpress\/wp-json\/wp\/v2\/posts"}],"about":[{"href":"https:\/\/www.region-schwabach.de\/wordpress\/wp-json\/wp\/v2\/types\/post"}],"author":[{"embeddable":true,"href":"https:\/\/www.region-schwabach.de\/wordpress\/wp-json\/wp\/v2\/users\/1"}],"replies":[{"embeddable":true,"href":"https:\/\/www.region-schwabach.de\/wordpress\/wp-json\/wp\/v2\/comments?post=232795"}],"version-history":[{"count":0,"href":"https:\/\/www.region-schwabach.de\/wordpress\/wp-json\/wp\/v2\/posts\/232795\/revisions"}],"wp:featuredmedia":[{"embeddable":true,"href":"https:\/\/www.region-schwabach.de\/wordpress\/wp-json\/wp\/v2\/media\/232796"}],"wp:attachment":[{"href":"https:\/\/www.region-schwabach.de\/wordpress\/wp-json\/wp\/v2\/media?parent=232795"}],"wp:term":[{"taxonomy":"category","embeddable":true,"href":"https:\/\/www.region-schwabach.de\/wordpress\/wp-json\/wp\/v2\/categories?post=232795"},{"taxonomy":"post_tag","embeddable":true,"href":"https:\/\/www.region-schwabach.de\/wordpress\/wp-json\/wp\/v2\/tags?post=232795"}],"curies":[{"name":"wp","href":"https:\/\/api.w.org\/{rel}","templated":true}]}}