{"id":23334,"date":"2017-12-28T10:59:34","date_gmt":"2017-12-28T09:59:34","guid":{"rendered":"http:\/\/www.region-schwabach.de\/wordpress\/?p=23334"},"modified":"2017-12-29T10:06:36","modified_gmt":"2017-12-29T09:06:36","slug":"junge-frau-nach-verkehrsunfall-bei-roth-verstorben","status":"publish","type":"post","link":"https:\/\/www.region-schwabach.de\/wordpress\/junge-frau-nach-verkehrsunfall-bei-roth-verstorben\/","title":{"rendered":"Junge Frau nach Verkehrsunfall bei Roth verstorben"},"content":{"rendered":"\t\t<div data-elementor-type=\"wp-post\" data-elementor-id=\"23334\" class=\"elementor elementor-23334 elementor-bc-flex-widget\">\n\t\t\t\t\t\t<section class=\"elementor-section elementor-top-section elementor-element elementor-element-1cuv9jr elementor-section-boxed elementor-section-height-default elementor-section-height-default\" data-id=\"1cuv9jr\" data-element_type=\"section\">\n\t\t\t\t\t\t<div class=\"elementor-container elementor-column-gap-default\">\n\t\t\t\t\t<div class=\"elementor-column elementor-col-66 elementor-top-column elementor-element elementor-element-q5zak7b\" data-id=\"q5zak7b\" data-element_type=\"column\">\n\t\t\t<div class=\"elementor-widget-wrap elementor-element-populated\">\n\t\t\t\t\t\t<div class=\"elementor-element elementor-element-86qws23 elementor-widget elementor-widget-text-editor\" data-id=\"86qws23\" data-element_type=\"widget\" data-widget_type=\"text-editor.default\">\n\t\t\t\t<div class=\"elementor-widget-container\">\n\t\t\t\t\t\t\t<h3><strong>Junge Frau nach Verkehrsunfall gestorben<\/strong><\/h3><p>Roth &#8211; Am Mittwochnachmittag, den 27.12.2017, ereignete sich auf der Bundesstra\u00dfe 2 bei Roth (kurz vor der Anschlussstelle Roth\/Allersberg) gegen 14.00 Uhr ein schwerer Verkehrsunfall, bei dem eine 19-j\u00e4hrige Frau t\u00f6dlich verletzt wurde.<\/p><h3>PKW schleudert in Baumgruppe<\/h3><p>Dabei war ein 23-j\u00e4hriger PKW-Fahrer mit seiner 19-j\u00e4hrigen Beifahrerin in einem blauen Peugeot 206 auf der B2 in Richtung Wei\u00dfenburg unterwegs, als er kurz vor der Anschlussstelle Roth\/Allersberg vom linken auf den rechten Fahrstreifen wechseln wollte. Dabei verlor er aus\u00a0 bisher ungekl\u00e4rter Ursache die Kontrolle \u00fcber seinen PKW, und schleuderte im Anschluss nach rechts von der Fahrbahn in eine Baumgruppe.<\/p><h3>Rettungshubschrauber im Einsatz<\/h3><p>Beide Fahrzeuginsassen wurden mit lebensgef\u00e4hrlichen Verletzungen &#8211; auch unter Einsatz eines Rettungshubschraubers &#8211; ins Krankenhaus gebracht,\u00a0wo die 19-j\u00e4hrige Frau am gestrigen Abend leider ihren schweren Verletzungen erlag.<\/p><h3>Sachverst\u00e4ndiger soll Unfallursache kl\u00e4ren<\/h3><p>Zur Kl\u00e4rung der Unfallursache wurde auf Anordnung der Staatsanwaltschaft auch ein Sachverst\u00e4ndiger hinzugezogen.<\/p><h3>Polizei bittet um Mithilfe<\/h3><p>Personen, die Beobachtungen zum Unfallhergang gemacht haben, werden gebeten, diese der Verkehrspolizeiinspektion Feucht unter der Rufnummer 09128-9197-114 mitzuteilen.<\/p>\t\t\t\t\t\t<\/div>\n\t\t\t\t<\/div>\n\t\t\t\t<div class=\"elementor-element elementor-element-1l7zbzo elementor-widget elementor-widget-google_maps\" data-id=\"1l7zbzo\" data-element_type=\"widget\" data-widget_type=\"google_maps.default\">\n\t\t\t\t<div class=\"elementor-widget-container\">\n\t\t\t\t\t<div class=\"elementor-custom-embed\">\n\t\t\t<iframe loading=\"lazy\"\n\t\t\t\t\tsrc=\"https:\/\/maps.google.com\/maps?q=49.249246%2C%2011.110586&#038;t=m&#038;z=16&#038;output=embed&#038;iwloc=near\"\n\t\t\t\t\ttitle=\"49.249246, 11.110586\"\n\t\t\t\t\taria-label=\"49.249246, 11.110586\"\n\t\t\t><\/iframe>\n\t\t<\/div>\n\t\t\t\t<\/div>\n\t\t\t\t<\/div>\n\t\t\t\t\t<\/div>\n\t\t<\/div>\n\t\t\t\t<div class=\"elementor-column elementor-col-33 elementor-top-column elementor-element elementor-element-0w0urt1\" data-id=\"0w0urt1\" data-element_type=\"column\">\n\t\t\t<div class=\"elementor-widget-wrap elementor-element-populated\">\n\t\t\t\t\t\t<div class=\"elementor-element elementor-element-mo6nk5i elementor-widget elementor-widget-image\" data-id=\"mo6nk5i\" data-element_type=\"widget\" data-widget_type=\"image.default\">\n\t\t\t\t<div class=\"elementor-widget-container\">\n\t\t\t\t\t\t\t\t\t\t\t\t\t\t<a href=\"http:\/\/www.region-schwabach.de\/wordpress\/werben-auf-region-schwabach\/\" target=\"_blank\">\n\t\t\t\t\t\t\t<img fetchpriority=\"high\" decoding=\"async\" width=\"1024\" height=\"1024\" src=\"https:\/\/www.region-schwabach.de\/wordpress\/wp-content\/uploads\/2017\/06\/werbung8-1024x1024.png\" class=\"attachment-large size-large wp-image-2484\" alt=\"\" srcset=\"https:\/\/www.region-schwabach.de\/wordpress\/wp-content\/uploads\/2017\/06\/werbung8-1024x1024.png 1024w, https:\/\/www.region-schwabach.de\/wordpress\/wp-content\/uploads\/2017\/06\/werbung8-150x150.png 150w, https:\/\/www.region-schwabach.de\/wordpress\/wp-content\/uploads\/2017\/06\/werbung8-300x300.png 300w, https:\/\/www.region-schwabach.de\/wordpress\/wp-content\/uploads\/2017\/06\/werbung8-768x768.png 768w, https:\/\/www.region-schwabach.de\/wordpress\/wp-content\/uploads\/2017\/06\/werbung8-600x600.png 600w, https:\/\/www.region-schwabach.de\/wordpress\/wp-content\/uploads\/2017\/06\/werbung8.png 1200w\" sizes=\"(max-width: 1024px) 100vw, 1024px\" \/>\t\t\t\t\t\t\t\t<\/a>\n\t\t\t\t\t\t\t\t\t\t\t\t\t<\/div>\n\t\t\t\t<\/div>\n\t\t\t\t\t<\/div>\n\t\t<\/div>\n\t\t\t\t\t<\/div>\n\t\t<\/section>\n\t\t\t\t<\/div>\n\t\t","protected":false},"excerpt":{"rendered":"<div class=\"mh-excerpt\"><p>Junge Frau nach Verkehrsunfall gestorben Roth &#8211; Am Mittwochnachmittag, den 27.12.2017, ereignete sich auf der Bundesstra\u00dfe 2 bei Roth (kurz vor der Anschlussstelle Roth\/Allersberg) gegen 14.00 Uhr ein schwerer Verkehrsunfall, bei dem eine 19-j\u00e4hrige Frau <a class=\"mh-excerpt-more\" href=\"https:\/\/www.region-schwabach.de\/wordpress\/junge-frau-nach-verkehrsunfall-bei-roth-verstorben\/\" title=\"Junge Frau nach Verkehrsunfall bei Roth verstorben\">[&#8230;]<\/a><\/p>\n<\/div>","protected":false},"author":1,"featured_media":23335,"comment_status":"open","ping_status":"open","sticky":false,"template":"","format":"standard","meta":{"_cbd_carousel_blocks":"[]","footnotes":""},"categories":[15],"tags":[1878,1996,1994,541,1995,972,32,401,713,603,249],"class_list":{"0":"post-23334","1":"post","2":"type-post","3":"status-publish","4":"format-standard","5":"has-post-thumbnail","7":"category-polizeimeldungen","8":"tag-27-12-2017","9":"tag-anschlussstelle-roth-allersberg","10":"tag-baumgruppe","11":"tag-bundesstrasse-2","12":"tag-eine-tote","13":"tag-rettungshubschrauber","14":"tag-roth","15":"tag-sachschaden","16":"tag-schaden","17":"tag-schwerverletzte","18":"tag-weissenburg"},"_links":{"self":[{"href":"https:\/\/www.region-schwabach.de\/wordpress\/wp-json\/wp\/v2\/posts\/23334","targetHints":{"allow":["GET"]}}],"collection":[{"href":"https:\/\/www.region-schwabach.de\/wordpress\/wp-json\/wp\/v2\/posts"}],"about":[{"href":"https:\/\/www.region-schwabach.de\/wordpress\/wp-json\/wp\/v2\/types\/post"}],"author":[{"embeddable":true,"href":"https:\/\/www.region-schwabach.de\/wordpress\/wp-json\/wp\/v2\/users\/1"}],"replies":[{"embeddable":true,"href":"https:\/\/www.region-schwabach.de\/wordpress\/wp-json\/wp\/v2\/comments?post=23334"}],"version-history":[{"count":0,"href":"https:\/\/www.region-schwabach.de\/wordpress\/wp-json\/wp\/v2\/posts\/23334\/revisions"}],"wp:featuredmedia":[{"embeddable":true,"href":"https:\/\/www.region-schwabach.de\/wordpress\/wp-json\/wp\/v2\/media\/23335"}],"wp:attachment":[{"href":"https:\/\/www.region-schwabach.de\/wordpress\/wp-json\/wp\/v2\/media?parent=23334"}],"wp:term":[{"taxonomy":"category","embeddable":true,"href":"https:\/\/www.region-schwabach.de\/wordpress\/wp-json\/wp\/v2\/categories?post=23334"},{"taxonomy":"post_tag","embeddable":true,"href":"https:\/\/www.region-schwabach.de\/wordpress\/wp-json\/wp\/v2\/tags?post=23334"}],"curies":[{"name":"wp","href":"https:\/\/api.w.org\/{rel}","templated":true}]}}