{"id":234149,"date":"2024-06-01T00:15:00","date_gmt":"2024-05-31T22:15:00","guid":{"rendered":"https:\/\/www.region-schwabach.de\/wordpress\/?p=234149"},"modified":"2024-06-01T03:55:42","modified_gmt":"2024-06-01T01:55:42","slug":"anderung-der-mullabfuhr-termine-in-schwabach-wegen-fronleichnam-2024","status":"publish","type":"post","link":"https:\/\/www.region-schwabach.de\/wordpress\/anderung-der-mullabfuhr-termine-in-schwabach-wegen-fronleichnam-2024\/","title":{"rendered":"\u00c4nderung der M\u00fcllabfuhr-Termine in Schwabach wegen Fronleichnam 2024"},"content":{"rendered":"\t\t<div data-elementor-type=\"wp-post\" data-elementor-id=\"234149\" class=\"elementor elementor-234149\">\n\t\t\t\t\t\t<section class=\"elementor-section elementor-top-section elementor-element elementor-element-tlus4ia elementor-section-boxed elementor-section-height-default elementor-section-height-default\" data-id=\"tlus4ia\" data-element_type=\"section\">\n\t\t\t\t\t\t<div class=\"elementor-container elementor-column-gap-default\">\n\t\t\t\t\t<div class=\"elementor-column elementor-col-50 elementor-top-column elementor-element elementor-element-sphcucl\" data-id=\"sphcucl\" data-element_type=\"column\">\n\t\t\t<div class=\"elementor-widget-wrap elementor-element-populated\">\n\t\t\t\t\t\t<div class=\"elementor-element elementor-element-ed80198 elementor-widget elementor-widget-wp-widget-advads_ad_widget\" data-id=\"ed80198\" data-element_type=\"widget\" data-widget_type=\"wp-widget-advads_ad_widget.default\">\n\t\t\t\t<div class=\"elementor-widget-container\">\n\t\t\t<div id=\"regio-868089505\"><div class=\"regio-adlabel\">Werbung<\/div><center><a href=\"https:\/\/a.partner-versicherung.de\/click.php?partner_id=19992&ad_id=1578&deep=kreditkarten\"  target=\"_blank\"><img decoding=\"async\" src=\"https:\/\/a.partner-versicherung.de\/view.php?partner_id=19992&ad_id=1578\" ><\/a><\/center><\/div>\t\t<\/div>\n\t\t\t\t<\/div>\n\t\t\t\t<div class=\"elementor-element elementor-element-4f2h2af elementor-widget elementor-widget-text-editor\" data-id=\"4f2h2af\" data-element_type=\"widget\" data-widget_type=\"text-editor.default\">\n\t\t\t\t<div class=\"elementor-widget-container\">\n\t\t\t\t\t\t\t<h3>\u00c4nderung bei M\u00fcllabfuhrterminen<\/h3><p><span style=\"font-size: 12pt;\">Wegen des Feiertags am Donnerstag, den 30. Mai 2024 (Fronleichnam), kommt es vereinzelt zu \u00c4nderungen bei den M\u00fcllabfuhrterminen f\u00fcr Restm\u00fcll, Bioabfall und Gelber Sack.<\/span><\/p><h3>Folgende neue Termine ergeben sich:\u00a0<\/h3><table style=\"width: 97.1142%; height: 120px;\"><tbody><tr style=\"height: 24px;\"><td style=\"height: 24px; width: 45.6146%;\"><span style=\"font-size: 12pt;\"><strong>Urspr\u00fcnglicher Termin<\/strong><\/span><\/td><td style=\"height: 24px; width: 18.0576%;\"><span style=\"font-size: 12pt;\"><strong>Beh\u00e4lter<\/strong><\/span><\/td><td style=\"height: 24px; width: 57.3916%;\"><span style=\"font-size: 12pt;\"><strong>Neuer Abholtermin<\/strong><\/span><\/td><\/tr><tr style=\"height: 24px;\"><td style=\"height: 24px; width: 45.6146%;\">\u00a0<\/td><td style=\"height: 24px; width: 18.0576%;\">\u00a0<\/td><td style=\"height: 24px; width: 57.3916%;\">\u00a0<\/td><\/tr><tr style=\"height: 24px;\"><td style=\"vertical-align: middle; height: 72px; width: 45.6146%;\" rowspan=\"3\"><span style=\"font-size: 12pt;\"><strong>Fronleichnam<br \/><\/strong><strong>Donnerstag, den 30. Mai 2024<\/strong><\/span><\/td><td style=\"height: 24px; width: 18.0576%;\"><span style=\"font-size: 12pt;\">Restm\u00fcll\u00a0<\/span><\/td><td style=\"height: 24px; width: 57.3916%;\"><span style=\"font-size: 12pt;\">Mittwoch, den 29. Mai 2024\u00a0<\/span><\/td><\/tr><tr style=\"height: 24px;\"><td style=\"height: 24px; width: 18.0576%;\"><span style=\"font-size: 12pt;\">Biom\u00fcll\u00a0<\/span><\/td><td style=\"height: 24px; width: 57.3916%;\"><span style=\"font-size: 12pt;\">Freitag, den 31. Mai 2024\u00a0<\/span><\/td><\/tr><tr style=\"height: 24px;\"><td style=\"height: 24px; width: 18.0576%;\"><span style=\"font-size: 12pt;\">Gelber Sack\u00a0<\/span><\/td><td style=\"height: 24px; width: 57.3916%;\"><span style=\"font-size: 12pt;\">Samstag, den 1. Juni 2024\u00a0<\/span><\/td><\/tr><\/tbody><\/table><p><span style=\"font-size: 12pt;\"><strong>Ansonsten gilt:<\/strong> Der Deckel muss geschlossen sein, \u00fcberf\u00fcllte Tonnen k\u00f6nnen nicht geleert werden.\u00a0<\/span><\/p>\t\t\t\t\t\t<\/div>\n\t\t\t\t<\/div>\n\t\t\t\t\t<\/div>\n\t\t<\/div>\n\t\t\t\t<div class=\"elementor-column elementor-col-50 elementor-top-column elementor-element elementor-element-fd42cda\" data-id=\"fd42cda\" data-element_type=\"column\">\n\t\t\t<div class=\"elementor-widget-wrap elementor-element-populated\">\n\t\t\t\t\t\t<div class=\"elementor-element elementor-element-8c2165e elementor-widget elementor-widget-heading\" data-id=\"8c2165e\" data-element_type=\"widget\" data-widget_type=\"heading.default\">\n\t\t\t\t<div class=\"elementor-widget-container\">\n\t\t\t<h3 class=\"elementor-heading-title elementor-size-default\">Schnell vergleichen und sparen!<\/h3>\t\t<\/div>\n\t\t\t\t<\/div>\n\t\t\t\t<div class=\"elementor-element elementor-element-c9bb497 elementor-widget elementor-widget-wp-widget-advads_ad_widget\" data-id=\"c9bb497\" data-element_type=\"widget\" data-widget_type=\"wp-widget-advads_ad_widget.default\">\n\t\t\t\t<div class=\"elementor-widget-container\">\n\t\t\t<div id=\"regio-2484445793\"><div class=\"regio-adlabel\">Werbung<\/div><!-- Beginn https:\/\/www.financeads.net\/-Code --><a href=\"https:\/\/www.financeads.net\/tc.php?t=36648C236142529B\" target=\"_blank\"><img fetchpriority=\"high\" decoding=\"async\" src=\"https:\/\/www.financeads.net\/tb.php?t=36648V236142529B&https=1\" alt=\"\" border=\"0\" width=\"300\" height=\"250\"><\/a><!-- Ende https:\/\/www.financeads.net\/-Code --><\/div>\t\t<\/div>\n\t\t\t\t<\/div>\n\t\t\t\t<div class=\"elementor-element elementor-element-a6b345c elementor-widget elementor-widget-wp-widget-advads_ad_widget\" data-id=\"a6b345c\" data-element_type=\"widget\" data-widget_type=\"wp-widget-advads_ad_widget.default\">\n\t\t\t\t<div class=\"elementor-widget-container\">\n\t\t\t<div id=\"regio-3521448194\"><div class=\"regio-adlabel\">Werbung<\/div><!-- Beginn https:\/\/www.financeads.net\/-Code --><a href=\"https:\/\/www.financeads.net\/tc.php?t=36648C42614510B\" target=\"_blank\"><img decoding=\"async\" src=\"https:\/\/www.financeads.net\/tb.php?t=36648V42614510B&https=1\" alt=\"\" border=\"0\" width=\"200\" height=\"300\"><\/a><!-- Ende https:\/\/www.financeads.net\/-Code --><\/div>\t\t<\/div>\n\t\t\t\t<\/div>\n\t\t\t\t<div class=\"elementor-element elementor-element-fa02259 elementor-widget elementor-widget-wp-widget-advads_ad_widget\" data-id=\"fa02259\" data-element_type=\"widget\" data-widget_type=\"wp-widget-advads_ad_widget.default\">\n\t\t\t\t<div class=\"elementor-widget-container\">\n\t\t\t<div id=\"regio-1897078748\"><div class=\"regio-adlabel\">Werbung<\/div><!-- Beginn https:\/\/www.financeads.net\/-Code --><a href=\"https:\/\/www.financeads.net\/tc.php?t=36648C205040072B\" target=\"_blank\"><img decoding=\"async\" src=\"https:\/\/www.financeads.net\/tb.php?t=36648V205040072B&https=1\" alt=\"\" border=\"0\" width=\"300\" height=\"250\"><\/a><!-- Ende https:\/\/www.financeads.net\/-Code --><\/div>\t\t<\/div>\n\t\t\t\t<\/div>\n\t\t\t\t<div class=\"elementor-element elementor-element-00c1087 elementor-widget elementor-widget-wp-widget-advads_ad_widget\" data-id=\"00c1087\" data-element_type=\"widget\" data-widget_type=\"wp-widget-advads_ad_widget.default\">\n\t\t\t\t<div class=\"elementor-widget-container\">\n\t\t\t<div id=\"regio-1236439859\"><div class=\"regio-adlabel\">Werbung<\/div><!-- Beginn https:\/\/www.financeads.net\/-Code --><a href=\"https:\/\/www.financeads.net\/tc.php?t=36648C271460142B\" target=\"_blank\"><img loading=\"lazy\" decoding=\"async\" src=\"https:\/\/www.financeads.net\/tb.php?t=36648V271460142B&https=1\" alt=\"PETPROTECT_Hund&Katze_Banner\" border=\"0\" width=\"250\" height=\"250\"><\/a><!-- Ende https:\/\/www.financeads.net\/-Code --><\/div>\t\t<\/div>\n\t\t\t\t<\/div>\n\t\t\t\t\t<\/div>\n\t\t<\/div>\n\t\t\t\t\t<\/div>\n\t\t<\/section>\n\t\t\t\t<\/div>\n\t\t","protected":false},"excerpt":{"rendered":"<div class=\"mh-excerpt\"><p>\u00c4nderung bei M\u00fcllabfuhrterminen Wegen des Feiertags am Donnerstag, den 30. Mai 2024 (Fronleichnam), kommt es vereinzelt zu \u00c4nderungen bei den M\u00fcllabfuhrterminen f\u00fcr Restm\u00fcll, Bioabfall und Gelber Sack. Folgende neue Termine ergeben sich:\u00a0 Urspr\u00fcnglicher Termin Beh\u00e4lter <a class=\"mh-excerpt-more\" href=\"https:\/\/www.region-schwabach.de\/wordpress\/anderung-der-mullabfuhr-termine-in-schwabach-wegen-fronleichnam-2024\/\" title=\"\u00c4nderung der M\u00fcllabfuhr-Termine in Schwabach wegen Fronleichnam 2024\">[&#8230;]<\/a><\/p>\n<\/div>","protected":false},"author":1,"featured_media":58673,"comment_status":"open","ping_status":"open","sticky":false,"template":"","format":"standard","meta":{"_cbd_carousel_blocks":"[]","footnotes":""},"categories":[16,13,61,203,118],"tags":[25507,25508,25504,25503,25502,25501,25506,25505,1210,1209,4202,1089,1207,1480,1208,19,3151],"class_list":{"0":"post-234149","1":"post","2":"type-post","3":"status-publish","4":"format-standard","5":"has-post-thumbnail","7":"category-aktuell","8":"category-nachrichten","9":"category-rathaus","10":"category-umwelt-nachrichten","11":"category-umwelt","12":"tag-01-06-2024","13":"tag-1-juni-2024","14":"tag-29-mai-2024","15":"tag-29-05-2024","16":"tag-30-mai-2024","17":"tag-30-05-2024","18":"tag-31-mai-2024","19":"tag-31-05-2024","20":"tag-aenderung-abholtermine","21":"tag-bioabfall","22":"tag-fronleichnam","23":"tag-gelber-sack","24":"tag-muellabfuhr","25":"tag-rathaus","26":"tag-restmuell","27":"tag-schwabach","28":"tag-stadt-schwabach"},"_links":{"self":[{"href":"https:\/\/www.region-schwabach.de\/wordpress\/wp-json\/wp\/v2\/posts\/234149","targetHints":{"allow":["GET"]}}],"collection":[{"href":"https:\/\/www.region-schwabach.de\/wordpress\/wp-json\/wp\/v2\/posts"}],"about":[{"href":"https:\/\/www.region-schwabach.de\/wordpress\/wp-json\/wp\/v2\/types\/post"}],"author":[{"embeddable":true,"href":"https:\/\/www.region-schwabach.de\/wordpress\/wp-json\/wp\/v2\/users\/1"}],"replies":[{"embeddable":true,"href":"https:\/\/www.region-schwabach.de\/wordpress\/wp-json\/wp\/v2\/comments?post=234149"}],"version-history":[{"count":0,"href":"https:\/\/www.region-schwabach.de\/wordpress\/wp-json\/wp\/v2\/posts\/234149\/revisions"}],"wp:featuredmedia":[{"embeddable":true,"href":"https:\/\/www.region-schwabach.de\/wordpress\/wp-json\/wp\/v2\/media\/58673"}],"wp:attachment":[{"href":"https:\/\/www.region-schwabach.de\/wordpress\/wp-json\/wp\/v2\/media?parent=234149"}],"wp:term":[{"taxonomy":"category","embeddable":true,"href":"https:\/\/www.region-schwabach.de\/wordpress\/wp-json\/wp\/v2\/categories?post=234149"},{"taxonomy":"post_tag","embeddable":true,"href":"https:\/\/www.region-schwabach.de\/wordpress\/wp-json\/wp\/v2\/tags?post=234149"}],"curies":[{"name":"wp","href":"https:\/\/api.w.org\/{rel}","templated":true}]}}