{"id":234295,"date":"2024-06-02T01:45:00","date_gmt":"2024-06-01T23:45:00","guid":{"rendered":"https:\/\/www.region-schwabach.de\/wordpress\/?p=234295"},"modified":"2024-06-02T03:54:16","modified_gmt":"2024-06-02T01:54:16","slug":"2-schwabacher-weinfest-von-mittwoch-den-29-mai-2024-bis-sonntag-den-2-juni-2024","status":"publish","type":"post","link":"https:\/\/www.region-schwabach.de\/wordpress\/2-schwabacher-weinfest-von-mittwoch-den-29-mai-2024-bis-sonntag-den-2-juni-2024\/","title":{"rendered":"2. Schwabacher Weinfest von Mittwoch, den 29. Mai 2024, bis Sonntag, den 2. Juni 2024"},"content":{"rendered":"\t\t<div data-elementor-type=\"wp-post\" data-elementor-id=\"234295\" class=\"elementor elementor-234295\">\n\t\t\t\t\t\t<section class=\"elementor-section elementor-top-section elementor-element elementor-element-tlus4ia elementor-section-boxed elementor-section-height-default elementor-section-height-default\" data-id=\"tlus4ia\" data-element_type=\"section\">\n\t\t\t\t\t\t<div class=\"elementor-container elementor-column-gap-default\">\n\t\t\t\t\t<div class=\"elementor-column elementor-col-50 elementor-top-column elementor-element elementor-element-sphcucl\" data-id=\"sphcucl\" data-element_type=\"column\">\n\t\t\t<div class=\"elementor-widget-wrap elementor-element-populated\">\n\t\t\t\t\t\t<div class=\"elementor-element elementor-element-4a60b1e elementor-widget elementor-widget-wp-widget-advads_ad_widget\" data-id=\"4a60b1e\" data-element_type=\"widget\" data-widget_type=\"wp-widget-advads_ad_widget.default\">\n\t\t\t\t<div class=\"elementor-widget-container\">\n\t\t\t<div id=\"regio-3632729427\"><div class=\"regio-adlabel\">Werbung<\/div><center><a href=\"https:\/\/a.partner-versicherung.de\/click.php?partner_id=19992&ad_id=1578&deep=kreditkarten\"  target=\"_blank\"><img decoding=\"async\" src=\"https:\/\/a.partner-versicherung.de\/view.php?partner_id=19992&ad_id=1578\" ><\/a><\/center><\/div>\t\t<\/div>\n\t\t\t\t<\/div>\n\t\t\t\t<div class=\"elementor-element elementor-element-4f2h2af elementor-widget elementor-widget-text-editor\" data-id=\"4f2h2af\" data-element_type=\"widget\" data-widget_type=\"text-editor.default\">\n\t\t\t\t<div class=\"elementor-widget-container\">\n\t\t\t\t\t\t\t<h3 class=\"entry-title\">Mittwoch, den 29. Mai 2024, bis Sonntag, den 2. Juni 2024:\u00a0<br \/>2. Schwabacher Weinfest auf dem Martin-Luther-Platz\u00a0<\/h3><p><span style=\"font-size: 12pt;\">Schwabach &#8211;\u00a0Nach der fulminanten Premiere im vergangenen Jahr kehrt das Schwabacher Weinfest Ende Mai zur\u00fcck in die Goldschl\u00e4gerstadt. Dazu wurde das Weinfest \u00fcber Fronleichnam um einen Tag verl\u00e4ngert. Das 2. Schwabacher Weinfest verhei\u00dft deshalb bereits ab Mittwoch, den 29. Mai 2024, bis einschlie\u00dflich Sonntag, den 2. Juni 2024, wieder Hochgenuss mit Kulinarik, Musik und besten Frankenweinen aktueller Jahrg\u00e4nge.\u00a0<\/span><\/p><p><span style=\"font-size: 12pt;\">Die Schwabacherinnen und Schwabacher wissen wie man Feste feiert. Und da es in Schwabach leider keine Weinberge gibt, l\u00e4dt man eben die Nachbarn aus Weinfranken ein. Hier werden ausgezeichnete Weine an- und ausgebaut, die weit \u00fcber die Grenzen Frankens hinaus bekannt und gesch\u00e4tzt sind.\u00a0<\/span><\/p><p><span style=\"font-size: 12pt;\">Eine Auswahl pr\u00e4sentieren die drei fr\u00e4nkischen Weinbaubetriebe Ebert (Kammerforst), Goger (Sand am Main) und M\u00fcller (Hammelburg). Rund 30 verschiedene Frankenweine sind vertreten, einige sogar Bio-zertifiziert.\u00a0<\/span><\/p><p><span style=\"font-size: 12pt;\">Informieren Sie sich direkt beim Winzer und lassen Sie sich beraten. Wie f\u00fcr ein Weinfest \u00fcblich, kommt auch der kulinarische Genuss nicht zu kurz: Von Flammkuchen \u00fcber K\u00e4se bis zur fr\u00e4nkischen Bratwurst werden verschiedenste zum Frankenwein passende Speisen angeboten. Abgerundet wird das Schwabacher Weinfest bei freiem Eintritt von einem Unterhaltungsprogramm mit t\u00e4glicher Live-Musik von der Weinfestb\u00fchne. Neben Pop, Soul und Rock\u2019n\u2019Roll bietet am Samstagmittag die Schwabacher Blasmusik gemeinsam mit ihrer \u00f6sterreichischen Partnerkapelle einen abwechslungsreichen Einblick in ihr Programm.\u00a0<\/span><\/p><p><span style=\"font-size: 12pt;\">Der Fr\u00e4nkische Weinbauverband e.V. und die Zametzer &amp; Krohn GbR freuen sich unter der Schirmherrschaft von Oberb\u00fcrgermeister Peter Rei\u00df auf zahlreiche G\u00e4ste von Nah und Fern.\u00a0<\/span><\/p><p><span style=\"font-size: 12pt;\">Genie\u00dfen Sie einen leckeren Schoppen Frankenwein vor der imposanten Kulisse der \u00fcber 600 Jahre alten Stadtpfarrkirche St. Johannes d. T. und St. Martin, feiern Sie bei hochkar\u00e4tiger Live-Musik und lernen Sie Weinfranken von seiner besten Seite kennen.\u00a0<\/span><\/p><p><span style=\"font-size: 12pt;\">Wir w\u00fcnschen schon jetzt viele angenehme Stunden, sch\u00f6ne Gespr\u00e4che und packende Erlebnisse auf dem Schwabacher Weinfest! Besonders freuen wir uns auf die feierliche Er\u00f6ffnung mit dem Schirmherrn und Oberb\u00fcrgermeister Peter Rei\u00df am Mittwoch, 29. Mai um 18.30 Uhr, zu der auch die Fr\u00e4nkische Weink\u00f6nigin erwartet wird. Schauen Sie vorbei!\u00a0<\/span><\/p><p><span style=\"font-size: 12pt;\">Weitere informationen unter anderem zum Programm erhalten sie auf der Homepage: <a title=\"Website Schwabacher Weinfest\" href=\"http:\/\/www.weinfest-schwabach.de\/\" target=\"_blank\" rel=\"noopener\">www.weinfest-schwabach.de\u00a0<\/a><\/span><\/p><p><a href=\"https:\/\/weinfest-schwabach.de\/programm\/\" target=\"_blank\" rel=\"noopener\"><span style=\"font-size: 12pt;\">Das vollst\u00e4ndige Programm zum 2. Schwabacher Weinfest gibt es hier &#8230;\u00a0<\/span><\/a><\/p><p><strong><span style=\"font-size: 12pt;\">Bildmaterial by:\u00a0Zametzer &amp; Krohn GbR\u00a0<\/span><\/strong><\/p><h3>Weiterf\u00fchrende Links:<\/h3><p><span style=\"font-size: 12pt;\"><a href=\"https:\/\/weinfest-schwabach.de\/\" target=\"_blank\" rel=\"noopener\">Zur Homepage vom Schwabacher Weinfest geht es hier &#8230;<\/a><\/span><\/p><p><a href=\"https:\/\/www.frankenwein-aktuell.de\/\" target=\"_blank\" rel=\"noopener\"><span style=\"font-size: 12pt;\">Die Homepage von Frankenwein aktuell finden Sie hier &#8230;\u00a0<\/span><\/a><\/p>\t\t\t\t\t\t<\/div>\n\t\t\t\t<\/div>\n\t\t\t\t<div class=\"elementor-element elementor-element-8410225 elementor-widget elementor-widget-image\" data-id=\"8410225\" data-element_type=\"widget\" data-widget_type=\"image.default\">\n\t\t\t\t<div class=\"elementor-widget-container\">\n\t\t\t\t\t\t\t\t\t\t\t\t\t<img fetchpriority=\"high\" decoding=\"async\" width=\"960\" height=\"640\" src=\"https:\/\/www.region-schwabach.de\/wordpress\/wp-content\/uploads\/2019\/04\/PM85_FoodTruck_Roundup-e1555013043760.jpg\" class=\"attachment-full size-full wp-image-88504\" alt=\"\" \/>\t\t\t\t\t\t\t\t\t\t\t\t\t<\/div>\n\t\t\t\t<\/div>\n\t\t\t\t<div class=\"elementor-element elementor-element-39c5f74 elementor-widget elementor-widget-google_maps\" data-id=\"39c5f74\" data-element_type=\"widget\" data-widget_type=\"google_maps.default\">\n\t\t\t\t<div class=\"elementor-widget-container\">\n\t\t\t\t\t<div class=\"elementor-custom-embed\">\n\t\t\t<iframe loading=\"lazy\"\n\t\t\t\t\tsrc=\"https:\/\/maps.google.com\/maps?q=K%C3%B6nigsplatz%2C%20Schwabach%2C%20Deutschland&#038;t=m&#038;z=17&#038;output=embed&#038;iwloc=near\"\n\t\t\t\t\ttitle=\"K\u00f6nigsplatz, Schwabach, Deutschland\"\n\t\t\t\t\taria-label=\"K\u00f6nigsplatz, Schwabach, Deutschland\"\n\t\t\t><\/iframe>\n\t\t<\/div>\n\t\t\t\t<\/div>\n\t\t\t\t<\/div>\n\t\t\t\t\t<\/div>\n\t\t<\/div>\n\t\t\t\t<div class=\"elementor-column elementor-col-50 elementor-top-column elementor-element elementor-element-d1365a6\" data-id=\"d1365a6\" data-element_type=\"column\">\n\t\t\t<div class=\"elementor-widget-wrap elementor-element-populated\">\n\t\t\t\t\t\t<div class=\"elementor-element elementor-element-d91157d elementor-widget elementor-widget-heading\" data-id=\"d91157d\" data-element_type=\"widget\" data-widget_type=\"heading.default\">\n\t\t\t\t<div class=\"elementor-widget-container\">\n\t\t\t<h3 class=\"elementor-heading-title elementor-size-default\">Schnell vergleichen und sparen!<\/h3>\t\t<\/div>\n\t\t\t\t<\/div>\n\t\t\t\t<div class=\"elementor-element elementor-element-8245411 elementor-widget elementor-widget-wp-widget-advads_ad_widget\" data-id=\"8245411\" data-element_type=\"widget\" data-widget_type=\"wp-widget-advads_ad_widget.default\">\n\t\t\t\t<div class=\"elementor-widget-container\">\n\t\t\t<div id=\"regio-3120456311\"><div class=\"regio-adlabel\">Werbung<\/div><!-- Beginn https:\/\/www.financeads.net\/-Code --><a href=\"https:\/\/www.financeads.net\/tc.php?t=36648C236142529B\" target=\"_blank\"><img decoding=\"async\" src=\"https:\/\/www.financeads.net\/tb.php?t=36648V236142529B&https=1\" alt=\"\" border=\"0\" width=\"300\" height=\"250\"><\/a><!-- Ende https:\/\/www.financeads.net\/-Code --><\/div>\t\t<\/div>\n\t\t\t\t<\/div>\n\t\t\t\t<div class=\"elementor-element elementor-element-94319f9 elementor-widget elementor-widget-wp-widget-advads_ad_widget\" data-id=\"94319f9\" data-element_type=\"widget\" data-widget_type=\"wp-widget-advads_ad_widget.default\">\n\t\t\t\t<div class=\"elementor-widget-container\">\n\t\t\t<div id=\"regio-3993464926\"><div class=\"regio-adlabel\">Werbung<\/div><!-- Beginn https:\/\/www.financeads.net\/-Code --><a href=\"https:\/\/www.financeads.net\/tc.php?t=36648C42614510B\" target=\"_blank\"><img decoding=\"async\" src=\"https:\/\/www.financeads.net\/tb.php?t=36648V42614510B&https=1\" alt=\"\" border=\"0\" width=\"200\" height=\"300\"><\/a><!-- Ende https:\/\/www.financeads.net\/-Code --><\/div>\t\t<\/div>\n\t\t\t\t<\/div>\n\t\t\t\t<div class=\"elementor-element elementor-element-9234bb8 elementor-widget elementor-widget-wp-widget-advads_ad_widget\" data-id=\"9234bb8\" data-element_type=\"widget\" data-widget_type=\"wp-widget-advads_ad_widget.default\">\n\t\t\t\t<div class=\"elementor-widget-container\">\n\t\t\t<div id=\"regio-1894272613\"><div class=\"regio-adlabel\">Werbung<\/div><!-- Beginn https:\/\/www.financeads.net\/-Code --><a href=\"https:\/\/www.financeads.net\/tc.php?t=36648C205040072B\" target=\"_blank\"><img loading=\"lazy\" decoding=\"async\" src=\"https:\/\/www.financeads.net\/tb.php?t=36648V205040072B&https=1\" alt=\"\" border=\"0\" width=\"300\" height=\"250\"><\/a><!-- Ende https:\/\/www.financeads.net\/-Code --><\/div>\t\t<\/div>\n\t\t\t\t<\/div>\n\t\t\t\t<div class=\"elementor-element elementor-element-2928209 elementor-widget elementor-widget-wp-widget-advads_ad_widget\" data-id=\"2928209\" data-element_type=\"widget\" data-widget_type=\"wp-widget-advads_ad_widget.default\">\n\t\t\t\t<div class=\"elementor-widget-container\">\n\t\t\t<div id=\"regio-1735093609\"><div class=\"regio-adlabel\">Werbung<\/div><!-- Beginn https:\/\/www.financeads.net\/-Code --><a href=\"https:\/\/www.financeads.net\/tc.php?t=36648C271460142B\" target=\"_blank\"><img loading=\"lazy\" decoding=\"async\" src=\"https:\/\/www.financeads.net\/tb.php?t=36648V271460142B&https=1\" alt=\"PETPROTECT_Hund&Katze_Banner\" border=\"0\" width=\"250\" height=\"250\"><\/a><!-- Ende https:\/\/www.financeads.net\/-Code --><\/div>\t\t<\/div>\n\t\t\t\t<\/div>\n\t\t\t\t\t<\/div>\n\t\t<\/div>\n\t\t\t\t\t<\/div>\n\t\t<\/section>\n\t\t\t\t<\/div>\n\t\t","protected":false},"excerpt":{"rendered":"<div class=\"mh-excerpt\"><p>Mittwoch, den 29. Mai 2024, bis Sonntag, den 2. Juni 2024:\u00a02. Schwabacher Weinfest auf dem Martin-Luther-Platz\u00a0 Schwabach &#8211;\u00a0Nach der fulminanten Premiere im vergangenen Jahr kehrt das Schwabacher Weinfest Ende Mai zur\u00fcck in die Goldschl\u00e4gerstadt. Dazu <a class=\"mh-excerpt-more\" href=\"https:\/\/www.region-schwabach.de\/wordpress\/2-schwabacher-weinfest-von-mittwoch-den-29-mai-2024-bis-sonntag-den-2-juni-2024\/\" title=\"2. Schwabacher Weinfest von Mittwoch, den 29. Mai 2024, bis Sonntag, den 2. Juni 2024\">[&#8230;]<\/a><\/p>\n<\/div>","protected":false},"author":1,"featured_media":234301,"comment_status":"open","ping_status":"open","sticky":false,"template":"","format":"standard","meta":{"_cbd_carousel_blocks":"[]","footnotes":""},"categories":[16,78,287,3967,231],"tags":[25507,25511,25508,25512,25504,25503,25502,25501,25506,25505,22603,22602,522,4854,114,523,4051,1480,19,3151,22601],"class_list":{"0":"post-234295","1":"post","2":"type-post","3":"status-publish","4":"format-standard","5":"has-post-thumbnail","7":"category-aktuell","8":"category-handel-und-wirtschaft","9":"category-jugend-und-familie","10":"category-unternehmen","11":"category-veranstaltungsnews","12":"tag-01-06-2024","13":"tag-02-06-2024","14":"tag-1-juni-2024","15":"tag-2-juni-2024","16":"tag-29-mai-2024","17":"tag-29-05-2024","18":"tag-30-mai-2024","19":"tag-30-05-2024","20":"tag-31-mai-2024","21":"tag-31-05-2024","22":"tag-frankenwein","23":"tag-fraenkische-weinbaubetriebe","24":"tag-koenigsplatz","25":"tag-kulinarik","26":"tag-marktplatz","27":"tag-martin-luther-platz","28":"tag-musik","29":"tag-rathaus","30":"tag-schwabach","31":"tag-stadt-schwabach","32":"tag-weinfest"},"_links":{"self":[{"href":"https:\/\/www.region-schwabach.de\/wordpress\/wp-json\/wp\/v2\/posts\/234295","targetHints":{"allow":["GET"]}}],"collection":[{"href":"https:\/\/www.region-schwabach.de\/wordpress\/wp-json\/wp\/v2\/posts"}],"about":[{"href":"https:\/\/www.region-schwabach.de\/wordpress\/wp-json\/wp\/v2\/types\/post"}],"author":[{"embeddable":true,"href":"https:\/\/www.region-schwabach.de\/wordpress\/wp-json\/wp\/v2\/users\/1"}],"replies":[{"embeddable":true,"href":"https:\/\/www.region-schwabach.de\/wordpress\/wp-json\/wp\/v2\/comments?post=234295"}],"version-history":[{"count":0,"href":"https:\/\/www.region-schwabach.de\/wordpress\/wp-json\/wp\/v2\/posts\/234295\/revisions"}],"wp:featuredmedia":[{"embeddable":true,"href":"https:\/\/www.region-schwabach.de\/wordpress\/wp-json\/wp\/v2\/media\/234301"}],"wp:attachment":[{"href":"https:\/\/www.region-schwabach.de\/wordpress\/wp-json\/wp\/v2\/media?parent=234295"}],"wp:term":[{"taxonomy":"category","embeddable":true,"href":"https:\/\/www.region-schwabach.de\/wordpress\/wp-json\/wp\/v2\/categories?post=234295"},{"taxonomy":"post_tag","embeddable":true,"href":"https:\/\/www.region-schwabach.de\/wordpress\/wp-json\/wp\/v2\/tags?post=234295"}],"curies":[{"name":"wp","href":"https:\/\/api.w.org\/{rel}","templated":true}]}}