{"id":23548,"date":"2018-01-01T11:52:34","date_gmt":"2018-01-01T10:52:34","guid":{"rendered":"http:\/\/www.region-schwabach.de\/wordpress\/?p=23548"},"modified":"2018-01-01T12:05:39","modified_gmt":"2018-01-01T11:05:39","slug":"pkw-bei-obermaessing-von-der-fahrbahn-abgekommen","status":"publish","type":"post","link":"https:\/\/www.region-schwabach.de\/wordpress\/pkw-bei-obermaessing-von-der-fahrbahn-abgekommen\/","title":{"rendered":"PKW bei Oberm\u00e4ssing von der Fahrbahn abgekommen"},"content":{"rendered":"\t\t<div data-elementor-type=\"wp-post\" data-elementor-id=\"23548\" class=\"elementor elementor-23548 elementor-bc-flex-widget\">\n\t\t\t\t\t\t<section class=\"elementor-section elementor-top-section elementor-element elementor-element-1cuv9jr elementor-section-boxed elementor-section-height-default elementor-section-height-default\" data-id=\"1cuv9jr\" data-element_type=\"section\">\n\t\t\t\t\t\t<div class=\"elementor-container elementor-column-gap-default\">\n\t\t\t\t\t<div class=\"elementor-column elementor-col-66 elementor-top-column elementor-element elementor-element-q5zak7b\" data-id=\"q5zak7b\" data-element_type=\"column\">\n\t\t\t<div class=\"elementor-widget-wrap elementor-element-populated\">\n\t\t\t\t\t\t<div class=\"elementor-element elementor-element-86qws23 elementor-widget elementor-widget-text-editor\" data-id=\"86qws23\" data-element_type=\"widget\" data-widget_type=\"text-editor.default\">\n\t\t\t\t<div class=\"elementor-widget-container\">\n\t\t\t\t\t\t\t<h3><strong>Alkoholisierter Fahrer kommt von Fahrbahn ab<\/strong><\/h3><p>Oberm\u00e4ssing &#8211; Am Sonntagnacht, den 31.12.2017 kam ein 23-j\u00e4hriger Pkw-Fahrer aus bisher noch ungekl\u00e4rter Ursache auf der Staatsstra\u00dfe 2391 zwischen Unterm\u00e4ssing und Lohen von der Fahrbahn ab, und landete in einem angrenzenden Acker.<\/p><h3>Leicht verletzter Fahrer war alkoholisiert unterwegs<\/h3><p>Bei dem Unfall wurde der Fahrer leicht verletzt, der Pkw wurde jedoch erheblich besch\u00e4digt. Bei der Unfallaufnahme und einem folgenden Alkoholtest stellte sich heraus, dass der Fahrer mit einer Atemalkoholkonzentration von 0,83 mg\/l unterwegs war, was auch die Ursache f\u00fcr den Unfall sein k\u00f6nnte.<\/p><h3>Fahrer ins Krankenhaus gebracht<\/h3><p>Zur medizinischen Behandlung und zur Blutentnahme wurde der junge Mann in die Kreisklinik Roth gebracht. Den Fahrer erwartet nun ein Strafverfahren wegen Trunkenheit im Stra\u00dfenverkehr.\u00a0<\/p>\t\t\t\t\t\t<\/div>\n\t\t\t\t<\/div>\n\t\t\t\t<div class=\"elementor-element elementor-element-1l7zbzo elementor-widget elementor-widget-google_maps\" data-id=\"1l7zbzo\" data-element_type=\"widget\" data-widget_type=\"google_maps.default\">\n\t\t\t\t<div class=\"elementor-widget-container\">\n\t\t\t\t\t<div class=\"elementor-custom-embed\">\n\t\t\t<iframe loading=\"lazy\"\n\t\t\t\t\tsrc=\"https:\/\/maps.google.com\/maps?q=49.103210%2C%2011.286082&#038;t=m&#038;z=15&#038;output=embed&#038;iwloc=near\"\n\t\t\t\t\ttitle=\"49.103210, 11.286082\"\n\t\t\t\t\taria-label=\"49.103210, 11.286082\"\n\t\t\t><\/iframe>\n\t\t<\/div>\n\t\t\t\t<\/div>\n\t\t\t\t<\/div>\n\t\t\t\t\t<\/div>\n\t\t<\/div>\n\t\t\t\t<div class=\"elementor-column elementor-col-33 elementor-top-column elementor-element elementor-element-0w0urt1\" data-id=\"0w0urt1\" data-element_type=\"column\">\n\t\t\t<div class=\"elementor-widget-wrap elementor-element-populated\">\n\t\t\t\t\t\t<div class=\"elementor-element elementor-element-mo6nk5i elementor-widget elementor-widget-image\" data-id=\"mo6nk5i\" data-element_type=\"widget\" data-widget_type=\"image.default\">\n\t\t\t\t<div class=\"elementor-widget-container\">\n\t\t\t\t\t\t\t\t\t\t\t\t\t\t<a href=\"http:\/\/www.region-schwabach.de\/wordpress\/werben-auf-region-schwabach\/\" target=\"_blank\">\n\t\t\t\t\t\t\t<img fetchpriority=\"high\" decoding=\"async\" width=\"1024\" height=\"1024\" src=\"https:\/\/www.region-schwabach.de\/wordpress\/wp-content\/uploads\/2017\/06\/werbung8-1024x1024.png\" class=\"attachment-large size-large wp-image-2484\" alt=\"\" srcset=\"https:\/\/www.region-schwabach.de\/wordpress\/wp-content\/uploads\/2017\/06\/werbung8-1024x1024.png 1024w, https:\/\/www.region-schwabach.de\/wordpress\/wp-content\/uploads\/2017\/06\/werbung8-150x150.png 150w, https:\/\/www.region-schwabach.de\/wordpress\/wp-content\/uploads\/2017\/06\/werbung8-300x300.png 300w, https:\/\/www.region-schwabach.de\/wordpress\/wp-content\/uploads\/2017\/06\/werbung8-768x768.png 768w, https:\/\/www.region-schwabach.de\/wordpress\/wp-content\/uploads\/2017\/06\/werbung8-600x600.png 600w, https:\/\/www.region-schwabach.de\/wordpress\/wp-content\/uploads\/2017\/06\/werbung8.png 1200w\" sizes=\"(max-width: 1024px) 100vw, 1024px\" \/>\t\t\t\t\t\t\t\t<\/a>\n\t\t\t\t\t\t\t\t\t\t\t\t\t<\/div>\n\t\t\t\t<\/div>\n\t\t\t\t\t<\/div>\n\t\t<\/div>\n\t\t\t\t\t<\/div>\n\t\t<\/section>\n\t\t\t\t<\/div>\n\t\t","protected":false},"excerpt":{"rendered":"<div class=\"mh-excerpt\"><p>Alkoholisierter Fahrer kommt von Fahrbahn ab Oberm\u00e4ssing &#8211; Am Sonntagnacht, den 31.12.2017 kam ein 23-j\u00e4hriger Pkw-Fahrer aus bisher noch ungekl\u00e4rter Ursache auf der Staatsstra\u00dfe 2391 zwischen Unterm\u00e4ssing und Lohen von der Fahrbahn ab, und landete <a class=\"mh-excerpt-more\" href=\"https:\/\/www.region-schwabach.de\/wordpress\/pkw-bei-obermaessing-von-der-fahrbahn-abgekommen\/\" title=\"PKW bei Oberm\u00e4ssing von der Fahrbahn abgekommen\">[&#8230;]<\/a><\/p>\n<\/div>","protected":false},"author":1,"featured_media":23549,"comment_status":"open","ping_status":"open","sticky":false,"template":"","format":"standard","meta":{"_cbd_carousel_blocks":"[]","footnotes":""},"categories":[15],"tags":[1882,884,1820,1636,297,1856,1871,1869,463,401,713,535],"class_list":{"0":"post-23548","1":"post","2":"type-post","3":"status-publish","4":"format-standard","5":"has-post-thumbnail","7":"category-polizeimeldungen","8":"tag-31-12-2017","9":"tag-acker","10":"tag-alkoholtest","11":"tag-blutentnahme","12":"tag-hilpoltstein","13":"tag-krankenhaus","14":"tag-lohen","15":"tag-obermaessing","16":"tag-pkw","17":"tag-sachschaden","18":"tag-schaden","19":"tag-staatsstrasse-2391"},"_links":{"self":[{"href":"https:\/\/www.region-schwabach.de\/wordpress\/wp-json\/wp\/v2\/posts\/23548","targetHints":{"allow":["GET"]}}],"collection":[{"href":"https:\/\/www.region-schwabach.de\/wordpress\/wp-json\/wp\/v2\/posts"}],"about":[{"href":"https:\/\/www.region-schwabach.de\/wordpress\/wp-json\/wp\/v2\/types\/post"}],"author":[{"embeddable":true,"href":"https:\/\/www.region-schwabach.de\/wordpress\/wp-json\/wp\/v2\/users\/1"}],"replies":[{"embeddable":true,"href":"https:\/\/www.region-schwabach.de\/wordpress\/wp-json\/wp\/v2\/comments?post=23548"}],"version-history":[{"count":0,"href":"https:\/\/www.region-schwabach.de\/wordpress\/wp-json\/wp\/v2\/posts\/23548\/revisions"}],"wp:featuredmedia":[{"embeddable":true,"href":"https:\/\/www.region-schwabach.de\/wordpress\/wp-json\/wp\/v2\/media\/23549"}],"wp:attachment":[{"href":"https:\/\/www.region-schwabach.de\/wordpress\/wp-json\/wp\/v2\/media?parent=23548"}],"wp:term":[{"taxonomy":"category","embeddable":true,"href":"https:\/\/www.region-schwabach.de\/wordpress\/wp-json\/wp\/v2\/categories?post=23548"},{"taxonomy":"post_tag","embeddable":true,"href":"https:\/\/www.region-schwabach.de\/wordpress\/wp-json\/wp\/v2\/tags?post=23548"}],"curies":[{"name":"wp","href":"https:\/\/api.w.org\/{rel}","templated":true}]}}