{"id":235672,"date":"2024-06-17T01:30:00","date_gmt":"2024-06-16T23:30:00","guid":{"rendered":"https:\/\/www.region-schwabach.de\/wordpress\/?p=235672"},"modified":"2024-06-17T02:57:24","modified_gmt":"2024-06-17T00:57:24","slug":"vollversammlung-des-seniorenrats-am-montag-den-17-juni-2024-im-aurex","status":"publish","type":"post","link":"https:\/\/www.region-schwabach.de\/wordpress\/vollversammlung-des-seniorenrats-am-montag-den-17-juni-2024-im-aurex\/","title":{"rendered":"Vollversammlung des Seniorenrats am Montag, den 17. Juni 2024, im AUREX"},"content":{"rendered":"\t\t<div data-elementor-type=\"wp-post\" data-elementor-id=\"235672\" class=\"elementor elementor-235672\">\n\t\t\t\t\t\t<section class=\"elementor-section elementor-top-section elementor-element elementor-element-678181b elementor-section-boxed elementor-section-height-default elementor-section-height-default\" data-id=\"678181b\" data-element_type=\"section\">\n\t\t\t\t\t\t<div class=\"elementor-container elementor-column-gap-default\">\n\t\t\t\t\t<div class=\"elementor-column elementor-col-66 elementor-top-column elementor-element elementor-element-6b34026\" data-id=\"6b34026\" data-element_type=\"column\">\n\t\t\t<div class=\"elementor-widget-wrap elementor-element-populated\">\n\t\t\t\t\t\t<div class=\"elementor-element elementor-element-e24cfb8 elementor-widget elementor-widget-wp-widget-advads_ad_widget\" data-id=\"e24cfb8\" data-element_type=\"widget\" data-widget_type=\"wp-widget-advads_ad_widget.default\">\n\t\t\t\t<div class=\"elementor-widget-container\">\n\t\t\t<div id=\"regio-173996778\"><div class=\"regio-adlabel\">Werbung<\/div><center><a href=\"https:\/\/a.partner-versicherung.de\/click.php?partner_id=19992&ad_id=1578&deep=kreditkarten\"  target=\"_blank\"><img decoding=\"async\" src=\"https:\/\/a.partner-versicherung.de\/view.php?partner_id=19992&ad_id=1578\" ><\/a><\/center><\/div>\t\t<\/div>\n\t\t\t\t<\/div>\n\t\t\t\t<div class=\"elementor-element elementor-element-443ab98 elementor-widget elementor-widget-text-editor\" data-id=\"443ab98\" data-element_type=\"widget\" data-widget_type=\"text-editor.default\">\n\t\t\t\t<div class=\"elementor-widget-container\">\n\t\t\t\t\t\t\t<h3>Vollversammlung des Seniorenrates im AUREX<br \/>Montag, den 17. Juni 2024, 14.00 Uhr<\/h3><p><span style=\"font-size: 12pt;\">Schwabach &#8211; Am Montag, den 17. Juni 2024, findet im AUREX, in der K\u00f6nigstra\u00dfe 20a in Schwabach, um 14.00 Uhr die 6. Vollversammlung der IX. Amtsperiode des Seniorenrates statt. <\/span><\/p><h3>Auf der Tagesordnung stehen folgende Punkte:<\/h3><ol><li><span style=\"font-size: 12pt;\">Begr\u00fc\u00dfung durch die Vorsitzende\u00a0<\/span><\/li><li><span style=\"font-size: 12pt;\">Genehmigung des Protokolls der Sitzung vom 04.03.2024\u00a0<\/span><\/li><li><span style=\"font-size: 12pt;\">Bericht der Delegierten AWO Mittelfranken S\u00fcd und Diakonie Roth-Schwabach \u00fcber die Seniorenarbeit in ihren Verb\u00e4nden\u00a0<\/span><\/li><li><span style=\"font-size: 12pt;\">Bericht der Vorstandschaft\u00a0<\/span><\/li><li><span style=\"font-size: 12pt;\">Bericht aus dem Amt f\u00fcr Senioren und Soziales: z. B. Hitzeaktionsplan\u00a0<\/span><\/li><li><span style=\"font-size: 12pt;\">Vortrag Frau Kr\u00f6pfl Kriminalpolizei Schwabach: Aktuelle Informationen zum Thema Betrug\u00a0<\/span><\/li><li><span style=\"font-size: 12pt;\">Verschiedenes und Termine: z.B. kostenfreie M\u00fclls\u00e4cke f\u00fcr Inkontinenzmaterial\u00a0<\/span><\/li><\/ol><h3>Info<\/h3><p><span style=\"font-size: 12pt;\">Die Vollversammlung findet von 14.00 Uhr bis 16.00 Uhr im AUREX (barrierefreier Zugang), K\u00f6nigstra\u00dfe 20a, statt.<\/span><\/p><h3>Weiterf\u00fchrende Links:<\/h3><p><span style=\"font-size: 12pt;\"><a href=\"http:\/\/www.schwabach.de\/de\/zuhause-in-schwabach\/senioren\/seniorentermine.html\" target=\"_blank\" rel=\"noopener\">Weitere Seniorentermine finden Sie hier &#8230;<\/a><\/span><\/p>\t\t\t\t\t\t<\/div>\n\t\t\t\t<\/div>\n\t\t\t\t<div class=\"elementor-element elementor-element-e059878 elementor-widget elementor-widget-shortcode\" data-id=\"e059878\" data-element_type=\"widget\" data-widget_type=\"shortcode.default\">\n\t\t\t\t<div class=\"elementor-widget-container\">\n\t\t\t\t\t<div class=\"elementor-shortcode\"><center><a href=\"https:\/\/a.partner-versicherung.de\/click.php?partner_id=19992&ad_id=441&deep=kfz-versicherung\"  target=\"_blank\"><img decoding=\"async\" src=\"https:\/\/a.partner-versicherung.de\/view.php?partner_id=19992&ad_id=441\" ><\/a><\/center><\/div>\n\t\t\t\t<\/div>\n\t\t\t\t<\/div>\n\t\t\t\t<div class=\"elementor-element elementor-element-21c3450 elementor-widget-divider--view-line elementor-widget elementor-widget-divider\" data-id=\"21c3450\" data-element_type=\"widget\" data-widget_type=\"divider.default\">\n\t\t\t\t<div class=\"elementor-widget-container\">\n\t\t\t\t\t<div class=\"elementor-divider\">\n\t\t\t<span class=\"elementor-divider-separator\">\n\t\t\t\t\t\t<\/span>\n\t\t<\/div>\n\t\t\t\t<\/div>\n\t\t\t\t<\/div>\n\t\t\t\t<div class=\"elementor-element elementor-element-f4c690c elementor-widget elementor-widget-google_maps\" data-id=\"f4c690c\" data-element_type=\"widget\" data-widget_type=\"google_maps.default\">\n\t\t\t\t<div class=\"elementor-widget-container\">\n\t\t\t\t\t<div class=\"elementor-custom-embed\">\n\t\t\t<iframe loading=\"lazy\"\n\t\t\t\t\tsrc=\"https:\/\/maps.google.com\/maps?q=K%C3%B6nigstra%C3%9Fe%2020%2C%20Schwabach%2C%20Deutschland&#038;t=m&#038;z=18&#038;output=embed&#038;iwloc=near\"\n\t\t\t\t\ttitle=\"K\u00f6nigstra\u00dfe 20, Schwabach, Deutschland\"\n\t\t\t\t\taria-label=\"K\u00f6nigstra\u00dfe 20, Schwabach, Deutschland\"\n\t\t\t><\/iframe>\n\t\t<\/div>\n\t\t\t\t<\/div>\n\t\t\t\t<\/div>\n\t\t\t\t\t<\/div>\n\t\t<\/div>\n\t\t\t\t<div class=\"elementor-column elementor-col-33 elementor-top-column elementor-element elementor-element-f645137\" data-id=\"f645137\" data-element_type=\"column\">\n\t\t\t<div class=\"elementor-widget-wrap elementor-element-populated\">\n\t\t\t\t\t\t<div class=\"elementor-element elementor-element-e865445 elementor-widget elementor-widget-wp-widget-advads_ad_widget\" data-id=\"e865445\" data-element_type=\"widget\" data-widget_type=\"wp-widget-advads_ad_widget.default\">\n\t\t\t\t<div class=\"elementor-widget-container\">\n\t\t\t<div id=\"regio-551889330\"><div class=\"regio-adlabel\">Werbung<\/div><div id=\"regio-1349759636\"><!-- Beginn https:\/\/www.financeads.net\/-Code --><a href=\"https:\/\/www.financeads.net\/tc.php?t=36648C271460142B\" target=\"_blank\"><img fetchpriority=\"high\" decoding=\"async\" src=\"https:\/\/www.financeads.net\/tb.php?t=36648V271460142B&https=1\" alt=\"PETPROTECT_Hund&Katze_Banner\" border=\"0\" width=\"250\" height=\"250\"><\/a><!-- Ende https:\/\/www.financeads.net\/-Code --><\/div><div id=\"regio-3757924775\"><!-- Beginn https:\/\/www.financeads.net\/-Code --><a href=\"https:\/\/www.financeads.net\/tc.php?t=36648C236142529B\" target=\"_blank\"><img decoding=\"async\" src=\"https:\/\/www.financeads.net\/tb.php?t=36648V236142529B&https=1\" alt=\"\" border=\"0\" width=\"300\" height=\"250\"><\/a><!-- Ende https:\/\/www.financeads.net\/-Code --><\/div><div id=\"regio-918014633\"><!-- Beginn https:\/\/www.financeads.net\/-Code --><a href=\"https:\/\/www.financeads.net\/tc.php?t=36648C205040072B\" target=\"_blank\"><img decoding=\"async\" src=\"https:\/\/www.financeads.net\/tb.php?t=36648V205040072B&https=1\" alt=\"\" border=\"0\" width=\"300\" height=\"250\"><\/a><!-- Ende https:\/\/www.financeads.net\/-Code --><\/div><div id=\"regio-217736027\"><!-- Beginn https:\/\/www.financeads.net\/-Code --><a href=\"https:\/\/www.financeads.net\/tc.php?t=36648C42614510B\" target=\"_blank\"><img loading=\"lazy\" decoding=\"async\" src=\"https:\/\/www.financeads.net\/tb.php?t=36648V42614510B&https=1\" alt=\"\" border=\"0\" width=\"200\" height=\"300\"><\/a><!-- Ende https:\/\/www.financeads.net\/-Code --><\/div><\/div>\t\t<\/div>\n\t\t\t\t<\/div>\n\t\t\t\t\t<\/div>\n\t\t<\/div>\n\t\t\t\t\t<\/div>\n\t\t<\/section>\n\t\t\t\t<\/div>\n\t\t","protected":false},"excerpt":{"rendered":"<div class=\"mh-excerpt\"><p>Vollversammlung des Seniorenrates im AUREXMontag, den 17. Juni 2024, 14.00 Uhr Schwabach &#8211; Am Montag, den 17. Juni 2024, findet im AUREX, in der K\u00f6nigstra\u00dfe 20a in Schwabach, um 14.00 Uhr die 6. Vollversammlung der <a class=\"mh-excerpt-more\" href=\"https:\/\/www.region-schwabach.de\/wordpress\/vollversammlung-des-seniorenrats-am-montag-den-17-juni-2024-im-aurex\/\" title=\"Vollversammlung des Seniorenrats am Montag, den 17. Juni 2024, im AUREX\">[&#8230;]<\/a><\/p>\n<\/div>","protected":false},"author":1,"featured_media":235678,"comment_status":"open","ping_status":"open","sticky":false,"template":"","format":"standard","meta":{"_cbd_carousel_blocks":"[]","footnotes":""},"categories":[16,1,61,231,46,140],"tags":[25654,25653,4517,7220,25655,4584,1480,19,4070,6988,7219,7218],"class_list":{"0":"post-235672","1":"post","2":"type-post","3":"status-publish","4":"format-standard","5":"has-post-thumbnail","7":"category-aktuell","8":"category-allgemein","9":"category-rathaus","10":"category-veranstaltungsnews","11":"category-verbaende","12":"category-vereine","13":"tag-17-juni-2024","14":"tag-17-06-2024","15":"tag-aurex","16":"tag-dr-ulrike-hollneck","17":"tag-ix-amtsperiode","18":"tag-koenigsstrasse","19":"tag-rathaus","20":"tag-schwabach","21":"tag-seniorenrat","22":"tag-stadtbaurat-ricus-kerckhoff","23":"tag-vii-amtsperiode","24":"tag-vollversammlung"},"_links":{"self":[{"href":"https:\/\/www.region-schwabach.de\/wordpress\/wp-json\/wp\/v2\/posts\/235672","targetHints":{"allow":["GET"]}}],"collection":[{"href":"https:\/\/www.region-schwabach.de\/wordpress\/wp-json\/wp\/v2\/posts"}],"about":[{"href":"https:\/\/www.region-schwabach.de\/wordpress\/wp-json\/wp\/v2\/types\/post"}],"author":[{"embeddable":true,"href":"https:\/\/www.region-schwabach.de\/wordpress\/wp-json\/wp\/v2\/users\/1"}],"replies":[{"embeddable":true,"href":"https:\/\/www.region-schwabach.de\/wordpress\/wp-json\/wp\/v2\/comments?post=235672"}],"version-history":[{"count":1,"href":"https:\/\/www.region-schwabach.de\/wordpress\/wp-json\/wp\/v2\/posts\/235672\/revisions"}],"predecessor-version":[{"id":235807,"href":"https:\/\/www.region-schwabach.de\/wordpress\/wp-json\/wp\/v2\/posts\/235672\/revisions\/235807"}],"wp:featuredmedia":[{"embeddable":true,"href":"https:\/\/www.region-schwabach.de\/wordpress\/wp-json\/wp\/v2\/media\/235678"}],"wp:attachment":[{"href":"https:\/\/www.region-schwabach.de\/wordpress\/wp-json\/wp\/v2\/media?parent=235672"}],"wp:term":[{"taxonomy":"category","embeddable":true,"href":"https:\/\/www.region-schwabach.de\/wordpress\/wp-json\/wp\/v2\/categories?post=235672"},{"taxonomy":"post_tag","embeddable":true,"href":"https:\/\/www.region-schwabach.de\/wordpress\/wp-json\/wp\/v2\/tags?post=235672"}],"curies":[{"name":"wp","href":"https:\/\/api.w.org\/{rel}","templated":true}]}}