{"id":235700,"date":"2024-06-17T01:45:00","date_gmt":"2024-06-16T23:45:00","guid":{"rendered":"https:\/\/www.region-schwabach.de\/wordpress\/?p=235700"},"modified":"2024-06-17T02:57:31","modified_gmt":"2024-06-17T00:57:31","slug":"beflaggung-zum-jahrestag-des-volksaufstandes-in-der-fruheren-ddr-am-montag-den-17-juni-2024","status":"publish","type":"post","link":"https:\/\/www.region-schwabach.de\/wordpress\/beflaggung-zum-jahrestag-des-volksaufstandes-in-der-fruheren-ddr-am-montag-den-17-juni-2024\/","title":{"rendered":"Beflaggung zum Jahrestag des Volksaufstandes in der fr\u00fcheren DDR am Montag, den 17. Juni 2024"},"content":{"rendered":"\t\t<div data-elementor-type=\"wp-post\" data-elementor-id=\"235700\" class=\"elementor elementor-235700\">\n\t\t\t\t\t\t<section class=\"elementor-section elementor-top-section elementor-element elementor-element-tlus4ia elementor-section-boxed elementor-section-height-default elementor-section-height-default\" data-id=\"tlus4ia\" data-element_type=\"section\">\n\t\t\t\t\t\t<div class=\"elementor-container elementor-column-gap-default\">\n\t\t\t\t\t<div class=\"elementor-column elementor-col-50 elementor-top-column elementor-element elementor-element-sphcucl\" data-id=\"sphcucl\" data-element_type=\"column\">\n\t\t\t<div class=\"elementor-widget-wrap elementor-element-populated\">\n\t\t\t\t\t\t<div class=\"elementor-element elementor-element-9f6edbc elementor-widget elementor-widget-wp-widget-advads_ad_widget\" data-id=\"9f6edbc\" data-element_type=\"widget\" data-widget_type=\"wp-widget-advads_ad_widget.default\">\n\t\t\t\t<div class=\"elementor-widget-container\">\n\t\t\t<div id=\"regio-2362126697\"><div class=\"regio-adlabel\">Werbung<\/div><center><a href=\"https:\/\/a.partner-versicherung.de\/click.php?partner_id=19992&ad_id=1578&deep=kreditkarten\"  target=\"_blank\"><img decoding=\"async\" src=\"https:\/\/a.partner-versicherung.de\/view.php?partner_id=19992&ad_id=1578\" ><\/a><\/center><\/div>\t\t<\/div>\n\t\t\t\t<\/div>\n\t\t\t\t<div class=\"elementor-element elementor-element-4f2h2af elementor-widget elementor-widget-text-editor\" data-id=\"4f2h2af\" data-element_type=\"widget\" data-widget_type=\"text-editor.default\">\n\t\t\t\t<div class=\"elementor-widget-container\">\n\t\t\t\t\t\t\t<h3 class=\"entry-title\">Beflaggung zum Jahrestag des Volksaufstandes in der fr\u00fcheren DDR<\/h3><p><span style=\"font-size: 12pt;\">Schwabach &#8211; F\u00fcr Montag, den 17. Juni 2024, ist zum &#8222;Jahrestag des Volksaufstandes in der fr\u00fcheren DDR&#8220; die Beflaggung von Dienstgeb\u00e4uden in der Zeit von 07.00 Uhr bis zum Einbruch der Dunkelheit angeordnet.\u00a0<\/span><\/p><p><span style=\"font-size: 12pt;\">Der 17. Juni war als \u201eTag der Deutschen Einheit\u201c seit 1953 gesetzlicher Feiertag und Nationalfeiertag in der Bundesrepublik Deutschland. Im Jahr 1990 erkl\u00e4rte der Einigungsvertrag den 3. Oktober zum Tag der Deutschen Einheit. Seitdem ist der 17. Juni nationaler Gedenktag.\u00a0<\/span><\/p><p><span style=\"font-size: 12pt;\">In den Tagen um den 17. Juni 1953 kam es in der fr\u00fcheren DDR in einer krisenhaften gesamtstaatlichen Situation nach der Erh\u00f6hung der Arbeitsnormen zu einer Welle von Streiks, Demonstrationen und Protesten. Der 17. Juni soll an die Menschen erinnern, die f\u00fcr ihre Rechte und ihre Freiheit gek\u00e4mpft und unter der Niederschlagung des Volksaufstandes gelitten haben. Vor allem aber soll er daran erinnern, dass die beiden fr\u00fcher geteilten deutschen Staaten, dass Ost und West zusammengeh\u00f6ren.\u00a0<\/span><\/p><h3>Weiterf\u00fchrende Links:<\/h3><p><span style=\"font-size: 12pt;\"><a href=\"https:\/\/de.wikipedia.org\/wiki\/Aufstand_vom_17._Juni_1953\" target=\"_blank\" rel=\"noopener\">Mehr Infos zum Thema finden Sie hier &#8230;<\/a><\/span><\/p>\t\t\t\t\t\t<\/div>\n\t\t\t\t<\/div>\n\t\t\t\t<div class=\"elementor-element elementor-element-3b47705 elementor-widget-divider--view-line elementor-widget elementor-widget-divider\" data-id=\"3b47705\" data-element_type=\"widget\" data-widget_type=\"divider.default\">\n\t\t\t\t<div class=\"elementor-widget-container\">\n\t\t\t\t\t<div class=\"elementor-divider\">\n\t\t\t<span class=\"elementor-divider-separator\">\n\t\t\t\t\t\t<\/span>\n\t\t<\/div>\n\t\t\t\t<\/div>\n\t\t\t\t<\/div>\n\t\t\t\t<div class=\"elementor-element elementor-element-72cb301 elementor-widget elementor-widget-google_maps\" data-id=\"72cb301\" data-element_type=\"widget\" data-widget_type=\"google_maps.default\">\n\t\t\t\t<div class=\"elementor-widget-container\">\n\t\t\t\t\t<div class=\"elementor-custom-embed\">\n\t\t\t<iframe loading=\"lazy\"\n\t\t\t\t\tsrc=\"https:\/\/maps.google.com\/maps?q=Schwabach%2C%20Deutschland&#038;t=m&#038;z=11&#038;output=embed&#038;iwloc=near\"\n\t\t\t\t\ttitle=\"Schwabach, Deutschland\"\n\t\t\t\t\taria-label=\"Schwabach, Deutschland\"\n\t\t\t><\/iframe>\n\t\t<\/div>\n\t\t\t\t<\/div>\n\t\t\t\t<\/div>\n\t\t\t\t\t<\/div>\n\t\t<\/div>\n\t\t\t\t<div class=\"elementor-column elementor-col-50 elementor-top-column elementor-element elementor-element-3c7f7fe\" data-id=\"3c7f7fe\" data-element_type=\"column\">\n\t\t\t<div class=\"elementor-widget-wrap elementor-element-populated\">\n\t\t\t\t\t\t<div class=\"elementor-element elementor-element-37fea31 elementor-widget elementor-widget-heading\" data-id=\"37fea31\" data-element_type=\"widget\" data-widget_type=\"heading.default\">\n\t\t\t\t<div class=\"elementor-widget-container\">\n\t\t\t<h3 class=\"elementor-heading-title elementor-size-default\">Schnell vergleichen und sparen!<\/h3>\t\t<\/div>\n\t\t\t\t<\/div>\n\t\t\t\t<div class=\"elementor-element elementor-element-8767e51 elementor-widget elementor-widget-wp-widget-advads_ad_widget\" data-id=\"8767e51\" data-element_type=\"widget\" data-widget_type=\"wp-widget-advads_ad_widget.default\">\n\t\t\t\t<div class=\"elementor-widget-container\">\n\t\t\t<div id=\"regio-2428290551\"><div class=\"regio-adlabel\">Werbung<\/div><!-- Beginn https:\/\/www.financeads.net\/-Code --><a href=\"https:\/\/www.financeads.net\/tc.php?t=36648C236142529B\" target=\"_blank\"><img fetchpriority=\"high\" decoding=\"async\" src=\"https:\/\/www.financeads.net\/tb.php?t=36648V236142529B&https=1\" alt=\"\" border=\"0\" width=\"300\" height=\"250\"><\/a><!-- Ende https:\/\/www.financeads.net\/-Code --><\/div>\t\t<\/div>\n\t\t\t\t<\/div>\n\t\t\t\t<div class=\"elementor-element elementor-element-edbc64b elementor-widget elementor-widget-wp-widget-advads_ad_widget\" data-id=\"edbc64b\" data-element_type=\"widget\" data-widget_type=\"wp-widget-advads_ad_widget.default\">\n\t\t\t\t<div class=\"elementor-widget-container\">\n\t\t\t<div id=\"regio-109993468\"><div class=\"regio-adlabel\">Werbung<\/div><!-- Beginn https:\/\/www.financeads.net\/-Code --><a href=\"https:\/\/www.financeads.net\/tc.php?t=36648C42614510B\" target=\"_blank\"><img decoding=\"async\" src=\"https:\/\/www.financeads.net\/tb.php?t=36648V42614510B&https=1\" alt=\"\" border=\"0\" width=\"200\" height=\"300\"><\/a><!-- Ende https:\/\/www.financeads.net\/-Code --><\/div>\t\t<\/div>\n\t\t\t\t<\/div>\n\t\t\t\t<div class=\"elementor-element elementor-element-35da2d9 elementor-widget elementor-widget-wp-widget-advads_ad_widget\" data-id=\"35da2d9\" data-element_type=\"widget\" data-widget_type=\"wp-widget-advads_ad_widget.default\">\n\t\t\t\t<div class=\"elementor-widget-container\">\n\t\t\t<div id=\"regio-2759654744\"><div class=\"regio-adlabel\">Werbung<\/div><!-- Beginn https:\/\/www.financeads.net\/-Code --><a href=\"https:\/\/www.financeads.net\/tc.php?t=36648C205040072B\" target=\"_blank\"><img decoding=\"async\" src=\"https:\/\/www.financeads.net\/tb.php?t=36648V205040072B&https=1\" alt=\"\" border=\"0\" width=\"300\" height=\"250\"><\/a><!-- Ende https:\/\/www.financeads.net\/-Code --><\/div>\t\t<\/div>\n\t\t\t\t<\/div>\n\t\t\t\t<div class=\"elementor-element elementor-element-9dd26da elementor-widget elementor-widget-wp-widget-advads_ad_widget\" data-id=\"9dd26da\" data-element_type=\"widget\" data-widget_type=\"wp-widget-advads_ad_widget.default\">\n\t\t\t\t<div class=\"elementor-widget-container\">\n\t\t\t<div id=\"regio-1442754593\"><div class=\"regio-adlabel\">Werbung<\/div><!-- Beginn https:\/\/www.financeads.net\/-Code --><a href=\"https:\/\/www.financeads.net\/tc.php?t=36648C271460142B\" target=\"_blank\"><img loading=\"lazy\" decoding=\"async\" src=\"https:\/\/www.financeads.net\/tb.php?t=36648V271460142B&https=1\" alt=\"PETPROTECT_Hund&Katze_Banner\" border=\"0\" width=\"250\" height=\"250\"><\/a><!-- Ende https:\/\/www.financeads.net\/-Code --><\/div>\t\t<\/div>\n\t\t\t\t<\/div>\n\t\t\t\t\t<\/div>\n\t\t<\/div>\n\t\t\t\t\t<\/div>\n\t\t<\/section>\n\t\t\t\t<\/div>\n\t\t","protected":false},"excerpt":{"rendered":"<div class=\"mh-excerpt\"><p>Beflaggung zum Jahrestag des Volksaufstandes in der fr\u00fcheren DDR Schwabach &#8211; F\u00fcr Montag, den 17. Juni 2024, ist zum &#8222;Jahrestag des Volksaufstandes in der fr\u00fcheren DDR&#8220; die Beflaggung von Dienstgeb\u00e4uden in der Zeit von 07.00 <a class=\"mh-excerpt-more\" href=\"https:\/\/www.region-schwabach.de\/wordpress\/beflaggung-zum-jahrestag-des-volksaufstandes-in-der-fruheren-ddr-am-montag-den-17-juni-2024\/\" title=\"Beflaggung zum Jahrestag des Volksaufstandes in der fr\u00fcheren DDR am Montag, den 17. Juni 2024\">[&#8230;]<\/a><\/p>\n<\/div>","protected":false},"author":1,"featured_media":44142,"comment_status":"open","ping_status":"open","sticky":false,"template":"","format":"standard","meta":{"_cbd_carousel_blocks":"[]","footnotes":""},"categories":[16,13,79,61],"tags":[25654,25653,3758,3759,5668,22746,21940,1480,19,3151],"class_list":{"0":"post-235700","1":"post","2":"type-post","3":"status-publish","4":"format-standard","5":"has-post-thumbnail","7":"category-aktuell","8":"category-nachrichten","9":"category-politik","10":"category-rathaus","11":"tag-17-juni-2024","12":"tag-17-06-2024","13":"tag-beflaggung","14":"tag-dienstgebaeude","15":"tag-gedenktag","16":"tag-jahrestag-des-volksaufstandes-in-der-frueheren-ddr","17":"tag-nationaler-gedenktag","18":"tag-rathaus","19":"tag-schwabach","20":"tag-stadt-schwabach"},"_links":{"self":[{"href":"https:\/\/www.region-schwabach.de\/wordpress\/wp-json\/wp\/v2\/posts\/235700","targetHints":{"allow":["GET"]}}],"collection":[{"href":"https:\/\/www.region-schwabach.de\/wordpress\/wp-json\/wp\/v2\/posts"}],"about":[{"href":"https:\/\/www.region-schwabach.de\/wordpress\/wp-json\/wp\/v2\/types\/post"}],"author":[{"embeddable":true,"href":"https:\/\/www.region-schwabach.de\/wordpress\/wp-json\/wp\/v2\/users\/1"}],"replies":[{"embeddable":true,"href":"https:\/\/www.region-schwabach.de\/wordpress\/wp-json\/wp\/v2\/comments?post=235700"}],"version-history":[{"count":4,"href":"https:\/\/www.region-schwabach.de\/wordpress\/wp-json\/wp\/v2\/posts\/235700\/revisions"}],"predecessor-version":[{"id":235704,"href":"https:\/\/www.region-schwabach.de\/wordpress\/wp-json\/wp\/v2\/posts\/235700\/revisions\/235704"}],"wp:featuredmedia":[{"embeddable":true,"href":"https:\/\/www.region-schwabach.de\/wordpress\/wp-json\/wp\/v2\/media\/44142"}],"wp:attachment":[{"href":"https:\/\/www.region-schwabach.de\/wordpress\/wp-json\/wp\/v2\/media?parent=235700"}],"wp:term":[{"taxonomy":"category","embeddable":true,"href":"https:\/\/www.region-schwabach.de\/wordpress\/wp-json\/wp\/v2\/categories?post=235700"},{"taxonomy":"post_tag","embeddable":true,"href":"https:\/\/www.region-schwabach.de\/wordpress\/wp-json\/wp\/v2\/tags?post=235700"}],"curies":[{"name":"wp","href":"https:\/\/api.w.org\/{rel}","templated":true}]}}