{"id":235951,"date":"2024-06-23T00:30:00","date_gmt":"2024-06-22T22:30:00","guid":{"rendered":"https:\/\/www.region-schwabach.de\/wordpress\/?p=235951"},"modified":"2024-06-23T01:02:58","modified_gmt":"2024-06-22T23:02:58","slug":"ritmos-latinos-vom-21-23-juni-2024-im-hof-des-alten-deutschen-gymnasium-in-schwabach","status":"publish","type":"post","link":"https:\/\/www.region-schwabach.de\/wordpress\/ritmos-latinos-vom-21-23-juni-2024-im-hof-des-alten-deutschen-gymnasium-in-schwabach\/","title":{"rendered":"ritmos latinos vom 21. &#8211; 23. Juni 2024 im Hof des Alten Deutschen Gymnasium in Schwabach"},"content":{"rendered":"\t\t<div data-elementor-type=\"wp-post\" data-elementor-id=\"235951\" class=\"elementor elementor-235951\">\n\t\t\t\t\t\t<section class=\"elementor-section elementor-top-section elementor-element elementor-element-678181b elementor-section-boxed elementor-section-height-default elementor-section-height-default\" data-id=\"678181b\" data-element_type=\"section\">\n\t\t\t\t\t\t<div class=\"elementor-container elementor-column-gap-default\">\n\t\t\t\t\t<div class=\"elementor-column elementor-col-50 elementor-top-column elementor-element elementor-element-6b34026\" data-id=\"6b34026\" data-element_type=\"column\">\n\t\t\t<div class=\"elementor-widget-wrap elementor-element-populated\">\n\t\t\t\t\t\t<div class=\"elementor-element elementor-element-3ff0c69 elementor-widget elementor-widget-wp-widget-advads_ad_widget\" data-id=\"3ff0c69\" data-element_type=\"widget\" data-widget_type=\"wp-widget-advads_ad_widget.default\">\n\t\t\t\t<div class=\"elementor-widget-container\">\n\t\t\t<div id=\"regio-2225149176\"><div class=\"regio-adlabel\">Werbung<\/div><center><a href=\"https:\/\/a.partner-versicherung.de\/click.php?partner_id=19992&ad_id=1578&deep=kreditkarten\"  target=\"_blank\"><img decoding=\"async\" src=\"https:\/\/a.partner-versicherung.de\/view.php?partner_id=19992&ad_id=1578\" ><\/a><\/center><\/div>\t\t<\/div>\n\t\t\t\t<\/div>\n\t\t\t\t<div class=\"elementor-element elementor-element-443ab98 elementor-widget elementor-widget-text-editor\" data-id=\"443ab98\" data-element_type=\"widget\" data-widget_type=\"text-editor.default\">\n\t\t\t\t<div class=\"elementor-widget-container\">\n\t\t\t\t\t\t\t<h3><span id=\"page58R_mcid21\" class=\"markedContent\"><span dir=\"ltr\" role=\"presentation\">Von Freitag, den 21. Juni 2024 bis Sonntag, den 23. Juni 2024<\/span><\/span><span id=\"undefined\" class=\"markedContent\"><\/span><span id=\"page58R_mcid12\" class=\"markedContent\"><\/span><span class=\"markedContent\"><br role=\"presentation\" \/><span dir=\"ltr\" role=\"presentation\">\u201eRitmos Latinos\u201c &#8211;\u00a0<\/span><\/span>11. Latin Festival Schwabach<\/h3><p><span style=\"font-size: 12pt;\">Schwabach &#8211;\u00a0Auch das elfte Open Air im Sommer 2024 findet im historischen Innenhof des Alten Deutschen Gymnasiums statt. Mit seinem sommerlich-urbanen Flair bietet der alte Schulhof die optimale Kulisse, um ein Wochenende lang Live-Musik aus Lateinamerika zu genie\u00dfen und zu tanzen.<\/span><\/p><p><span style=\"font-size: 12pt;\">Er\u00f6ffnet wird Ritmos Latinos am Freitag mit dem beeindruckenden und frischen 13-k\u00f6pfigen Salsaorchester\u00a0<strong>Tumbakin<\/strong>\u00a0aus Cuba\/Spanien (Barcelona). Den Tango Argentino-Part am Samstag bestreitet das<strong>\u00a0Quinteto Garufa<\/strong>. Zum Abschluss am Sonntag pr\u00e4sentiert das\u00a0<strong>Denis Cun\u00ed Quartett<\/strong>\u00a0einen Abend mit Latin Jazz.<\/span><\/p><p><span style=\"font-size: 12pt;\">Vor der B\u00fchne wird es dazu wie jedes Jahr eine gro\u00dfz\u00fcgige Tanzfl\u00e4che geben. Am Freitag und Samstag findet jeweils vor dem Konzert ein kostenloser Schnupperkurs statt (in Verbindung mit einer g\u00fcltigen Eintrittskarte) &#8211; freitags mit\u00a0<strong>Carlos Cordero Diaz<\/strong>, samstags mit\u00a0<strong>Oscar und Vicky<\/strong>.<\/span><\/p><p><span style=\"font-size: 12pt;\">F\u00fcr Getr\u00e4nke und kleine Speisen sorgt am gesamten Wochenende das Restaurant Fabiano.\u00a0<\/span><\/p><h2>Das Programm:\u00a0<\/h2><table style=\"border-collapse: collapse; width: 100%;\"><tbody><tr><td style=\"width: 50%; vertical-align: middle;\" colspan=\"2\"><h3>Freitag, den 21. Juni 2024, 20.00 Uhr\u00a0<br \/>Tumbakin (CU\/ES) &#8211; <em>Salsa Cubana<\/em><\/h3><\/td><\/tr><tr><td style=\"width: 50%; vertical-align: middle;\"><a href=\"https:\/\/www.region-schwabach.de\/wordpress\/wp-content\/uploads\/2024\/06\/ritmos-latinos-2024-1-scaled.jpg\"><img fetchpriority=\"high\" decoding=\"async\" class=\"aligncenter size-full wp-image-235958\" src=\"https:\/\/www.region-schwabach.de\/wordpress\/wp-content\/uploads\/2024\/06\/ritmos-latinos-2024-1-scaled.jpg\" alt=\"\" width=\"2560\" height=\"1758\" srcset=\"https:\/\/www.region-schwabach.de\/wordpress\/wp-content\/uploads\/2024\/06\/ritmos-latinos-2024-1-scaled.jpg 2560w, https:\/\/www.region-schwabach.de\/wordpress\/wp-content\/uploads\/2024\/06\/ritmos-latinos-2024-1-300x206.jpg 300w, https:\/\/www.region-schwabach.de\/wordpress\/wp-content\/uploads\/2024\/06\/ritmos-latinos-2024-1-1024x703.jpg 1024w, https:\/\/www.region-schwabach.de\/wordpress\/wp-content\/uploads\/2024\/06\/ritmos-latinos-2024-1-768x527.jpg 768w, https:\/\/www.region-schwabach.de\/wordpress\/wp-content\/uploads\/2024\/06\/ritmos-latinos-2024-1-1536x1055.jpg 1536w, https:\/\/www.region-schwabach.de\/wordpress\/wp-content\/uploads\/2024\/06\/ritmos-latinos-2024-1-2048x1406.jpg 2048w\" sizes=\"(max-width: 2560px) 100vw, 2560px\" \/><\/a><\/td><td style=\"width: 50%; vertical-align: top;\"><span style=\"font-size: 12pt;\">Mit seinen abwechslungsreichen und anspruchsvollen Arrangements animiert das 13-k\u00f6pfige Salsaorchester TUMBAKIN zum Zuh\u00f6ren, aber vor allem nat\u00fcrlich zum Tanzen. In moderner Interpretation bringen die Musiker um den kubanischen S\u00e4nger und Gitarristen Alcibiades Durruthy L\u00f3pez und den Percussionisten Alberto Muguercia Ramos die authentische Essenz kubanischer Musik nach Schwabach, verwoben mit kreativen und spanischen Elementen.\u00a0<\/span><\/td><\/tr><tr><td style=\"width: 50%;\" colspan=\"2\"><h4>Weitere Infos gibt es <a dir=\"ltr\" href=\"https:\/\/schwabach.de\/de\/infoseiten-kulturportal\/12430-tumbakin-cu-esp-salsa-cubana-beim-11-ritmos-latinos.html\" target=\"_blank\" rel=\"noopener\">hier.<\/a><\/h4><\/td><\/tr><\/tbody><\/table><table style=\"border-collapse: collapse;\"><tbody><tr><td style=\"width: 50%; vertical-align: middle;\" colspan=\"2\"><h3>Samstag, den 22. Juni 2024, 20.00 Uhr\u00a0<br \/>Quinteto Garufa (AR\/PE\/GB\/DE) &#8211; <em>Tango Argentino<\/em><\/h3><\/td><\/tr><tr><td style=\"width: 50%; vertical-align: middle;\"><a href=\"https:\/\/www.region-schwabach.de\/wordpress\/wp-content\/uploads\/2024\/06\/ritmos-latinos-2024-2.jpg\"><img decoding=\"async\" class=\"aligncenter size-full wp-image-235960\" src=\"https:\/\/www.region-schwabach.de\/wordpress\/wp-content\/uploads\/2024\/06\/ritmos-latinos-2024-2.jpg\" alt=\"\" width=\"1211\" height=\"1280\" srcset=\"https:\/\/www.region-schwabach.de\/wordpress\/wp-content\/uploads\/2024\/06\/ritmos-latinos-2024-2.jpg 1211w, https:\/\/www.region-schwabach.de\/wordpress\/wp-content\/uploads\/2024\/06\/ritmos-latinos-2024-2-284x300.jpg 284w, https:\/\/www.region-schwabach.de\/wordpress\/wp-content\/uploads\/2024\/06\/ritmos-latinos-2024-2-969x1024.jpg 969w, https:\/\/www.region-schwabach.de\/wordpress\/wp-content\/uploads\/2024\/06\/ritmos-latinos-2024-2-768x812.jpg 768w\" sizes=\"(max-width: 1211px) 100vw, 1211px\" \/><\/a><\/td><td style=\"width: 50%; vertical-align: top;\"><span style=\"font-size: 12pt;\">Verwurzelt in Lateinamerika und Europa sind die Musiker des QUINTETO GARUFA ein Schmelztiegel wie der Tango selbst: Mit unb\u00e4ndiger Lebenslust, Melancholie, Pr\u00e4zision und Hingabe bringt das Ensemble den Tango Argentino in seinen Facetten zum Klingen und schl\u00e4gt einen Bogen von der B\u00fchne zu seinem Publikum.\u00a0<\/span><\/td><\/tr><tr><td style=\"width: 50%;\" colspan=\"2\"><h4>Weitere Infos gibt es <a dir=\"ltr\" href=\"https:\/\/schwabach.de\/de\/infoseiten-kulturportal\/12431-quinteto-garufa-ar-pe-gb-de-tango-argentino-beim-11-ritmos-latinos.html\" target=\"_blank\" rel=\"noopener\">hier.<\/a><\/h4><\/td><\/tr><\/tbody><\/table><table style=\"border-collapse: collapse;\"><tbody><tr><td style=\"width: 50%; vertical-align: middle;\" colspan=\"2\"><h3>Sonntag, den 23. Juni 2024, 18.30 Uhr\u00a0<br \/>Denis Cun\u00ed Quartett (CU\/DE) &#8211; <em>Latin Jazz<\/em><\/h3><\/td><\/tr><tr><td style=\"width: 50%; vertical-align: middle;\"><a href=\"https:\/\/www.region-schwabach.de\/wordpress\/wp-content\/uploads\/2024\/06\/ritmos-latinos-2024-3.jpg\"><img decoding=\"async\" class=\"aligncenter size-full wp-image-235961\" src=\"https:\/\/www.region-schwabach.de\/wordpress\/wp-content\/uploads\/2024\/06\/ritmos-latinos-2024-3.jpg\" alt=\"\" width=\"1315\" height=\"1637\" srcset=\"https:\/\/www.region-schwabach.de\/wordpress\/wp-content\/uploads\/2024\/06\/ritmos-latinos-2024-3.jpg 1315w, https:\/\/www.region-schwabach.de\/wordpress\/wp-content\/uploads\/2024\/06\/ritmos-latinos-2024-3-241x300.jpg 241w, https:\/\/www.region-schwabach.de\/wordpress\/wp-content\/uploads\/2024\/06\/ritmos-latinos-2024-3-823x1024.jpg 823w, https:\/\/www.region-schwabach.de\/wordpress\/wp-content\/uploads\/2024\/06\/ritmos-latinos-2024-3-768x956.jpg 768w, https:\/\/www.region-schwabach.de\/wordpress\/wp-content\/uploads\/2024\/06\/ritmos-latinos-2024-3-1234x1536.jpg 1234w\" sizes=\"(max-width: 1315px) 100vw, 1315px\" \/><\/a><\/td><td style=\"width: 50%; vertical-align: top;\"><span style=\"font-size: 12pt;\">Hei\u00dfe Jazz-Kl\u00e4nge aus der Karibik: Erfrischende Rhythmen, leidenschaftliche Kl\u00e4nge, vielseitige Eigenkompositionen und eine Internationale Besetzung &#8211; das DENIS CUNI QUARTETT begeistert mit viel Hingabe und musikalischem Feingef\u00fchl. Die einzelnen Kompositionen reichen von Modern \u00fcber Latin zu Cuban Jazz und schlagen mit gekonnten Improvisationen das Publikum in den Bann.\u00a0<\/span><\/td><\/tr><tr><td style=\"width: 50%;\" colspan=\"2\"><h4>Weitere Infos finden Sie\u00a0<a dir=\"ltr\" href=\"https:\/\/schwabach.de\/de\/infoseiten-kulturportal\/12432-denis-cuni-quartett-cu-de-latin-jazz-beim-11-ritmos-latinos.html\" target=\"_blank\" rel=\"noopener\">hier.<\/a><\/h4><\/td><\/tr><\/tbody><\/table><h3>Infos:\u00a0<\/h3><ul style=\"list-style-type: disc;\"><li><span style=\"font-size: 12pt;\"><span id=\"page1R_mcid5\" class=\"markedContent\"><span dir=\"ltr\" role=\"presentation\">Bei schlechtem Wetter finden die Konzerte im Markgrafensaal (Freitag) und im Saal des B\u00fcrgerhauses (Samstag &amp; Sonntag) statt. <\/span><span dir=\"ltr\" role=\"presentation\">\u00c4nderungen werden am jeweiligen Veranstaltungstag im Internet bekannt<\/span><span dir=\"ltr\" role=\"presentation\">gegeben.\u00a0<\/span><\/span><\/span><\/li><li><span style=\"font-size: 12pt;\"><span id=\"page1R_mcid7\" class=\"markedContent\"><span dir=\"ltr\" role=\"presentation\">Karten f\u00fcr die drei Konzerte gibt es vor Ort im B\u00fcrgerb\u00fcro im Rathaus, <\/span><span dir=\"ltr\" role=\"presentation\">K\u00f6nigsplatz1, Telefon 09122-860-0, sowie beim Schwabacher Tagblatt und im <\/span><span dir=\"ltr\" role=\"presentation\">Ticket-Paradise im ORO-Einkaufszentrum.\u00a0<\/span><\/span><\/span><\/li><li><span style=\"font-size: 12pt;\"><span id=\"page1R_mcid9\" class=\"markedContent\"><span dir=\"ltr\" role=\"presentation\">Online sind Karten unter <a href=\"http:\/\/reservix.de\" target=\"_blank\" rel=\"noopener\">reservix.de<\/a> erh\u00e4ltlich. Sofern die Konzerte nicht <\/span><span dir=\"ltr\" role=\"presentation\">ausverkauft sind, gibt es noch Restkarten an der Abendkasse<\/span><\/span><span id=\"page1R_mcid10\" class=\"markedContent\"><\/span><span id=\"page1R_mcid11\" class=\"markedContent\"><br role=\"presentation\" \/><\/span><\/span><\/li><\/ul><p><strong><span style=\"font-size: 12pt;\">Fotos: Tumbakin, Thomas Zwillinger,\u00a0<span class=\"field-value\">Denis Cun\u00ed Rodr\u00edguez\u00a0<br \/>Grafik: Formfinder\u00a0<\/span><\/span><\/strong><\/p>\t\t\t\t\t\t<\/div>\n\t\t\t\t<\/div>\n\t\t\t\t<div class=\"elementor-element elementor-element-3faf532 elementor-widget elementor-widget-shortcode\" data-id=\"3faf532\" data-element_type=\"widget\" data-widget_type=\"shortcode.default\">\n\t\t\t\t<div class=\"elementor-widget-container\">\n\t\t\t\t\t<div class=\"elementor-shortcode\"><!-- Beginn https:\/\/www.financeads.net\/-Code --><a href=\"https:\/\/www.financeads.net\/tc.php?t=36648C38513858B\" target=\"_blank\"><center><img loading=\"lazy\" decoding=\"async\" src=\"https:\/\/www.financeads.net\/tb.php?t=36648V38513858B&https=1\" alt=\"\" border=\"0\" width=\"468\" height=\"60\"><\/a><!-- Ende https:\/\/www.financeads.net\/-Code --><\/div>\n\t\t\t\t<\/div>\n\t\t\t\t<\/div>\n\t\t\t\t\t<\/div>\n\t\t<\/div>\n\t\t\t\t<div class=\"elementor-column elementor-col-50 elementor-top-column elementor-element elementor-element-f0c9ae7\" data-id=\"f0c9ae7\" data-element_type=\"column\">\n\t\t\t<div class=\"elementor-widget-wrap elementor-element-populated\">\n\t\t\t\t\t\t<div class=\"elementor-element elementor-element-d8a57f2 elementor-widget elementor-widget-heading\" data-id=\"d8a57f2\" data-element_type=\"widget\" data-widget_type=\"heading.default\">\n\t\t\t\t<div class=\"elementor-widget-container\">\n\t\t\t<h3 class=\"elementor-heading-title elementor-size-default\">Schnell vergleichen und sparen!<\/h3>\t\t<\/div>\n\t\t\t\t<\/div>\n\t\t\t\t<div class=\"elementor-element elementor-element-47e5ded elementor-widget elementor-widget-wp-widget-advads_ad_widget\" data-id=\"47e5ded\" data-element_type=\"widget\" data-widget_type=\"wp-widget-advads_ad_widget.default\">\n\t\t\t\t<div class=\"elementor-widget-container\">\n\t\t\t<div id=\"regio-2182915085\"><div class=\"regio-adlabel\">Werbung<\/div><!-- Beginn https:\/\/www.financeads.net\/-Code --><a href=\"https:\/\/www.financeads.net\/tc.php?t=36648C236142529B\" target=\"_blank\"><img loading=\"lazy\" decoding=\"async\" src=\"https:\/\/www.financeads.net\/tb.php?t=36648V236142529B&https=1\" alt=\"\" border=\"0\" width=\"300\" height=\"250\"><\/a><!-- Ende https:\/\/www.financeads.net\/-Code --><\/div>\t\t<\/div>\n\t\t\t\t<\/div>\n\t\t\t\t<div class=\"elementor-element elementor-element-d79b769 elementor-widget elementor-widget-wp-widget-advads_ad_widget\" data-id=\"d79b769\" data-element_type=\"widget\" data-widget_type=\"wp-widget-advads_ad_widget.default\">\n\t\t\t\t<div class=\"elementor-widget-container\">\n\t\t\t<div id=\"regio-2607148182\"><div class=\"regio-adlabel\">Werbung<\/div><!-- Beginn https:\/\/www.financeads.net\/-Code --><a href=\"https:\/\/www.financeads.net\/tc.php?t=36648C42614510B\" target=\"_blank\"><img loading=\"lazy\" decoding=\"async\" src=\"https:\/\/www.financeads.net\/tb.php?t=36648V42614510B&https=1\" alt=\"\" border=\"0\" width=\"200\" height=\"300\"><\/a><!-- Ende https:\/\/www.financeads.net\/-Code --><\/div>\t\t<\/div>\n\t\t\t\t<\/div>\n\t\t\t\t<div class=\"elementor-element elementor-element-f74fdcc elementor-widget elementor-widget-wp-widget-advads_ad_widget\" data-id=\"f74fdcc\" data-element_type=\"widget\" data-widget_type=\"wp-widget-advads_ad_widget.default\">\n\t\t\t\t<div class=\"elementor-widget-container\">\n\t\t\t<div id=\"regio-3998287473\"><div class=\"regio-adlabel\">Werbung<\/div><!-- Beginn https:\/\/www.financeads.net\/-Code --><a href=\"https:\/\/www.financeads.net\/tc.php?t=36648C205040072B\" target=\"_blank\"><img loading=\"lazy\" decoding=\"async\" src=\"https:\/\/www.financeads.net\/tb.php?t=36648V205040072B&https=1\" alt=\"\" border=\"0\" width=\"300\" height=\"250\"><\/a><!-- Ende https:\/\/www.financeads.net\/-Code --><\/div>\t\t<\/div>\n\t\t\t\t<\/div>\n\t\t\t\t<div class=\"elementor-element elementor-element-c860a7d elementor-widget elementor-widget-wp-widget-advads_ad_widget\" data-id=\"c860a7d\" data-element_type=\"widget\" data-widget_type=\"wp-widget-advads_ad_widget.default\">\n\t\t\t\t<div class=\"elementor-widget-container\">\n\t\t\t<div id=\"regio-3538999124\"><div class=\"regio-adlabel\">Werbung<\/div><!-- Beginn https:\/\/www.financeads.net\/-Code --><a href=\"https:\/\/www.financeads.net\/tc.php?t=36648C271460142B\" target=\"_blank\"><img loading=\"lazy\" decoding=\"async\" src=\"https:\/\/www.financeads.net\/tb.php?t=36648V271460142B&https=1\" alt=\"PETPROTECT_Hund&Katze_Banner\" border=\"0\" width=\"250\" height=\"250\"><\/a><!-- Ende https:\/\/www.financeads.net\/-Code --><\/div>\t\t<\/div>\n\t\t\t\t<\/div>\n\t\t\t\t\t<\/div>\n\t\t<\/div>\n\t\t\t\t\t<\/div>\n\t\t<\/section>\n\t\t\t\t<section class=\"elementor-section elementor-top-section elementor-element elementor-element-7d131e8 elementor-section-boxed elementor-section-height-default elementor-section-height-default\" data-id=\"7d131e8\" data-element_type=\"section\">\n\t\t\t\t\t\t<div class=\"elementor-container elementor-column-gap-default\">\n\t\t\t\t\t<div class=\"elementor-column elementor-col-100 elementor-top-column elementor-element elementor-element-cff7f35\" data-id=\"cff7f35\" data-element_type=\"column\">\n\t\t\t<div class=\"elementor-widget-wrap elementor-element-populated\">\n\t\t\t\t\t\t<div class=\"elementor-element elementor-element-ae54725 elementor-widget elementor-widget-heading\" data-id=\"ae54725\" data-element_type=\"widget\" data-widget_type=\"heading.default\">\n\t\t\t\t<div class=\"elementor-widget-container\">\n\t\t\t<h2 class=\"elementor-heading-title elementor-size-default\">Hier ein paar Impressionen zum \"Latinfestival Ritmos Latinos\"<\/h2>\t\t<\/div>\n\t\t\t\t<\/div>\n\t\t\t\t<div class=\"elementor-element elementor-element-a79fc02 elementor-widget elementor-widget-heading\" data-id=\"a79fc02\" data-element_type=\"widget\" data-widget_type=\"heading.default\">\n\t\t\t\t<div class=\"elementor-widget-container\">\n\t\t\t<h3 class=\"elementor-heading-title elementor-size-default\">(Bilder zum Vergr\u00f6\u00dfern bitte anklicken)<\/h3>\t\t<\/div>\n\t\t\t\t<\/div>\n\t\t\t\t\t<\/div>\n\t\t<\/div>\n\t\t\t\t\t<\/div>\n\t\t<\/section>\n\t\t\t\t<section class=\"elementor-section elementor-top-section elementor-element elementor-element-e928cd5 elementor-section-boxed elementor-section-height-default elementor-section-height-default\" data-id=\"e928cd5\" data-element_type=\"section\">\n\t\t\t\t\t\t<div class=\"elementor-container elementor-column-gap-default\">\n\t\t\t\t\t<div class=\"elementor-column elementor-col-50 elementor-top-column elementor-element elementor-element-0b4b354\" data-id=\"0b4b354\" data-element_type=\"column\">\n\t\t\t<div class=\"elementor-widget-wrap elementor-element-populated\">\n\t\t\t\t\t\t<div class=\"elementor-element elementor-element-9f4b680 elementor-widget elementor-widget-image\" data-id=\"9f4b680\" data-element_type=\"widget\" data-widget_type=\"image.default\">\n\t\t\t\t<div class=\"elementor-widget-container\">\n\t\t\t\t\t\t\t\t\t\t<figure class=\"wp-caption\">\n\t\t\t\t\t\t\t\t\t\t\t<a href=\"https:\/\/www.region-schwabach.de\/wordpress\/wp-content\/uploads\/2024\/06\/ritmos-latinos-2024-4.jpg\" data-elementor-open-lightbox=\"yes\" data-elementor-lightbox-title=\"ritmos-latinos-2024\" data-e-action-hash=\"#elementor-action%3Aaction%3Dlightbox%26settings%3DeyJpZCI6MjM1OTYyLCJ1cmwiOiJodHRwczpcL1wvd3d3LnJlZ2lvbi1zY2h3YWJhY2guZGVcL3dvcmRwcmVzc1wvd3AtY29udGVudFwvdXBsb2Fkc1wvMjAyNFwvMDZcL3JpdG1vcy1sYXRpbm9zLTIwMjQtNC5qcGcifQ%3D%3D\">\n\t\t\t\t\t\t\t<img loading=\"lazy\" decoding=\"async\" width=\"678\" height=\"381\" src=\"https:\/\/www.region-schwabach.de\/wordpress\/wp-content\/uploads\/2024\/06\/ritmos-latinos-2024-4-678x381.jpg\" class=\"attachment-mh-magazine-content size-mh-magazine-content wp-image-235962\" alt=\"\" \/>\t\t\t\t\t\t\t\t<\/a>\n\t\t\t\t\t\t\t\t\t\t\t<figcaption class=\"widget-image-caption wp-caption-text\">Veranstaltungslogo<\/figcaption>\n\t\t\t\t\t\t\t\t\t\t<\/figure>\n\t\t\t\t\t\t\t<\/div>\n\t\t\t\t<\/div>\n\t\t\t\t\t<\/div>\n\t\t<\/div>\n\t\t\t\t<div class=\"elementor-column elementor-col-50 elementor-top-column elementor-element elementor-element-b8f41fb\" data-id=\"b8f41fb\" data-element_type=\"column\">\n\t\t\t<div class=\"elementor-widget-wrap elementor-element-populated\">\n\t\t\t\t\t\t<div class=\"elementor-element elementor-element-995ae41 elementor-widget elementor-widget-image\" data-id=\"995ae41\" data-element_type=\"widget\" data-widget_type=\"image.default\">\n\t\t\t\t<div class=\"elementor-widget-container\">\n\t\t\t\t\t\t\t\t\t\t<figure class=\"wp-caption\">\n\t\t\t\t\t\t\t\t\t\t\t<a href=\"https:\/\/www.region-schwabach.de\/wordpress\/wp-content\/uploads\/2024\/06\/ritmos-latinos-2024-1-1-scaled.jpg\" data-elementor-open-lightbox=\"yes\" data-elementor-lightbox-title=\"ritmos-latinos-2024-1\" data-e-action-hash=\"#elementor-action%3Aaction%3Dlightbox%26settings%3DeyJpZCI6MjM1OTYzLCJ1cmwiOiJodHRwczpcL1wvd3d3LnJlZ2lvbi1zY2h3YWJhY2guZGVcL3dvcmRwcmVzc1wvd3AtY29udGVudFwvdXBsb2Fkc1wvMjAyNFwvMDZcL3JpdG1vcy1sYXRpbm9zLTIwMjQtMS0xLXNjYWxlZC5qcGcifQ%3D%3D\">\n\t\t\t\t\t\t\t<img loading=\"lazy\" decoding=\"async\" width=\"678\" height=\"381\" src=\"https:\/\/www.region-schwabach.de\/wordpress\/wp-content\/uploads\/2024\/06\/ritmos-latinos-2024-1-1-678x381.jpg\" class=\"attachment-mh-magazine-content size-mh-magazine-content wp-image-235963\" alt=\"\" \/>\t\t\t\t\t\t\t\t<\/a>\n\t\t\t\t\t\t\t\t\t\t\t<figcaption class=\"widget-image-caption wp-caption-text\">Tumbakin<\/figcaption>\n\t\t\t\t\t\t\t\t\t\t<\/figure>\n\t\t\t\t\t\t\t<\/div>\n\t\t\t\t<\/div>\n\t\t\t\t\t<\/div>\n\t\t<\/div>\n\t\t\t\t\t<\/div>\n\t\t<\/section>\n\t\t\t\t<section class=\"elementor-section elementor-top-section elementor-element elementor-element-e3c95ce elementor-section-boxed elementor-section-height-default elementor-section-height-default\" data-id=\"e3c95ce\" data-element_type=\"section\">\n\t\t\t\t\t\t<div class=\"elementor-container elementor-column-gap-default\">\n\t\t\t\t\t<div class=\"elementor-column elementor-col-50 elementor-top-column elementor-element elementor-element-6fbc33e\" data-id=\"6fbc33e\" data-element_type=\"column\">\n\t\t\t<div class=\"elementor-widget-wrap elementor-element-populated\">\n\t\t\t\t\t\t<div class=\"elementor-element elementor-element-152ff9c elementor-widget elementor-widget-image\" data-id=\"152ff9c\" data-element_type=\"widget\" data-widget_type=\"image.default\">\n\t\t\t\t<div class=\"elementor-widget-container\">\n\t\t\t\t\t\t\t\t\t\t<figure class=\"wp-caption\">\n\t\t\t\t\t\t\t\t\t\t\t<a href=\"https:\/\/www.region-schwabach.de\/wordpress\/wp-content\/uploads\/2024\/06\/ritmos-latinos-2024-2-1.jpg\" data-elementor-open-lightbox=\"yes\" data-elementor-lightbox-title=\"ritmos-latinos-2024-2\" data-e-action-hash=\"#elementor-action%3Aaction%3Dlightbox%26settings%3DeyJpZCI6MjM1OTY0LCJ1cmwiOiJodHRwczpcL1wvd3d3LnJlZ2lvbi1zY2h3YWJhY2guZGVcL3dvcmRwcmVzc1wvd3AtY29udGVudFwvdXBsb2Fkc1wvMjAyNFwvMDZcL3JpdG1vcy1sYXRpbm9zLTIwMjQtMi0xLmpwZyJ9\">\n\t\t\t\t\t\t\t<img loading=\"lazy\" decoding=\"async\" width=\"678\" height=\"381\" src=\"https:\/\/www.region-schwabach.de\/wordpress\/wp-content\/uploads\/2024\/06\/ritmos-latinos-2024-2-1-678x381.jpg\" class=\"attachment-mh-magazine-content size-mh-magazine-content wp-image-235964\" alt=\"\" \/>\t\t\t\t\t\t\t\t<\/a>\n\t\t\t\t\t\t\t\t\t\t\t<figcaption class=\"widget-image-caption wp-caption-text\">Quinteto Garufa<\/figcaption>\n\t\t\t\t\t\t\t\t\t\t<\/figure>\n\t\t\t\t\t\t\t<\/div>\n\t\t\t\t<\/div>\n\t\t\t\t\t<\/div>\n\t\t<\/div>\n\t\t\t\t<div class=\"elementor-column elementor-col-50 elementor-top-column elementor-element elementor-element-5288163\" data-id=\"5288163\" data-element_type=\"column\">\n\t\t\t<div class=\"elementor-widget-wrap elementor-element-populated\">\n\t\t\t\t\t\t<div class=\"elementor-element elementor-element-8d2df8d elementor-widget elementor-widget-image\" data-id=\"8d2df8d\" data-element_type=\"widget\" data-widget_type=\"image.default\">\n\t\t\t\t<div class=\"elementor-widget-container\">\n\t\t\t\t\t\t\t\t\t\t<figure class=\"wp-caption\">\n\t\t\t\t\t\t\t\t\t\t\t<a href=\"https:\/\/www.region-schwabach.de\/wordpress\/wp-content\/uploads\/2024\/06\/ritmos-latinos-2024-3-1.jpg\" data-elementor-open-lightbox=\"yes\" data-elementor-lightbox-title=\"ritmos-latinos-2024-3\" data-e-action-hash=\"#elementor-action%3Aaction%3Dlightbox%26settings%3DeyJpZCI6MjM1OTY1LCJ1cmwiOiJodHRwczpcL1wvd3d3LnJlZ2lvbi1zY2h3YWJhY2guZGVcL3dvcmRwcmVzc1wvd3AtY29udGVudFwvdXBsb2Fkc1wvMjAyNFwvMDZcL3JpdG1vcy1sYXRpbm9zLTIwMjQtMy0xLmpwZyJ9\">\n\t\t\t\t\t\t\t<img loading=\"lazy\" decoding=\"async\" width=\"678\" height=\"381\" src=\"https:\/\/www.region-schwabach.de\/wordpress\/wp-content\/uploads\/2024\/06\/ritmos-latinos-2024-3-1-678x381.jpg\" class=\"attachment-mh-magazine-content size-mh-magazine-content wp-image-235965\" alt=\"\" \/>\t\t\t\t\t\t\t\t<\/a>\n\t\t\t\t\t\t\t\t\t\t\t<figcaption class=\"widget-image-caption wp-caption-text\">Denis Cun\u00ed Quartett<\/figcaption>\n\t\t\t\t\t\t\t\t\t\t<\/figure>\n\t\t\t\t\t\t\t<\/div>\n\t\t\t\t<\/div>\n\t\t\t\t\t<\/div>\n\t\t<\/div>\n\t\t\t\t\t<\/div>\n\t\t<\/section>\n\t\t\t\t<\/div>\n\t\t","protected":false},"excerpt":{"rendered":"<div class=\"mh-excerpt\"><p>Von Freitag, den 21. Juni 2024 bis Sonntag, den 23. Juni 2024\u201eRitmos Latinos\u201c &#8211;\u00a011. Latin Festival Schwabach Schwabach &#8211;\u00a0Auch das elfte Open Air im Sommer 2024 findet im historischen Innenhof des Alten Deutschen Gymnasiums statt. <a class=\"mh-excerpt-more\" href=\"https:\/\/www.region-schwabach.de\/wordpress\/ritmos-latinos-vom-21-23-juni-2024-im-hof-des-alten-deutschen-gymnasium-in-schwabach\/\" title=\"ritmos latinos vom 21. &#8211; 23. Juni 2024 im Hof des Alten Deutschen Gymnasium in Schwabach\">[&#8230;]<\/a><\/p>\n<\/div>","protected":false},"author":1,"featured_media":235952,"comment_status":"open","ping_status":"open","sticky":false,"template":"","format":"standard","meta":{"_cbd_carousel_blocks":"[]","footnotes":""},"categories":[16,1,287,61,231],"tags":[25676,9448,25681,522,4394,25682,4393,25679,1480,4391,25678,19,25680,25677,2678],"class_list":{"0":"post-235951","1":"post","2":"type-post","3":"status-publish","4":"format-standard","5":"has-post-thumbnail","7":"category-aktuell","8":"category-allgemein","9":"category-jugend-und-familie","10":"category-rathaus","11":"category-veranstaltungsnews","12":"tag-21-juni-2024-bis-23-juni-2024","13":"tag-altes-deutsches-gymnasium","14":"tag-denis-cuni-quartett","15":"tag-koenigsplatz","16":"tag-konzertabende-mit-tanz","17":"tag-latin-jazz","18":"tag-latinfestival","19":"tag-quinteto-garufa","20":"tag-rathaus","21":"tag-ritmos-latinos","22":"tag-salsa-cubana","23":"tag-schwabach","24":"tag-tango-argentino","25":"tag-tumbakin","26":"tag-wittelsbacherstrasse"},"_links":{"self":[{"href":"https:\/\/www.region-schwabach.de\/wordpress\/wp-json\/wp\/v2\/posts\/235951","targetHints":{"allow":["GET"]}}],"collection":[{"href":"https:\/\/www.region-schwabach.de\/wordpress\/wp-json\/wp\/v2\/posts"}],"about":[{"href":"https:\/\/www.region-schwabach.de\/wordpress\/wp-json\/wp\/v2\/types\/post"}],"author":[{"embeddable":true,"href":"https:\/\/www.region-schwabach.de\/wordpress\/wp-json\/wp\/v2\/users\/1"}],"replies":[{"embeddable":true,"href":"https:\/\/www.region-schwabach.de\/wordpress\/wp-json\/wp\/v2\/comments?post=235951"}],"version-history":[{"count":7,"href":"https:\/\/www.region-schwabach.de\/wordpress\/wp-json\/wp\/v2\/posts\/235951\/revisions"}],"predecessor-version":[{"id":235968,"href":"https:\/\/www.region-schwabach.de\/wordpress\/wp-json\/wp\/v2\/posts\/235951\/revisions\/235968"}],"wp:featuredmedia":[{"embeddable":true,"href":"https:\/\/www.region-schwabach.de\/wordpress\/wp-json\/wp\/v2\/media\/235952"}],"wp:attachment":[{"href":"https:\/\/www.region-schwabach.de\/wordpress\/wp-json\/wp\/v2\/media?parent=235951"}],"wp:term":[{"taxonomy":"category","embeddable":true,"href":"https:\/\/www.region-schwabach.de\/wordpress\/wp-json\/wp\/v2\/categories?post=235951"},{"taxonomy":"post_tag","embeddable":true,"href":"https:\/\/www.region-schwabach.de\/wordpress\/wp-json\/wp\/v2\/tags?post=235951"}],"curies":[{"name":"wp","href":"https:\/\/api.w.org\/{rel}","templated":true}]}}