{"id":236069,"date":"2024-06-22T01:15:00","date_gmt":"2024-06-21T23:15:00","guid":{"rendered":"https:\/\/www.region-schwabach.de\/wordpress\/?p=236069"},"modified":"2024-06-22T02:13:16","modified_gmt":"2024-06-22T00:13:16","slug":"ritmos-latinos-am-22-juni-2024-im-hof-des-alten-deutschen-gymnasium-in-schwabach","status":"publish","type":"post","link":"https:\/\/www.region-schwabach.de\/wordpress\/ritmos-latinos-am-22-juni-2024-im-hof-des-alten-deutschen-gymnasium-in-schwabach\/","title":{"rendered":"ritmos latinos am 22. Juni 2024 im Hof des Alten Deutschen Gymnasium in Schwabach"},"content":{"rendered":"\t\t<div data-elementor-type=\"wp-post\" data-elementor-id=\"236069\" class=\"elementor elementor-236069\">\n\t\t\t\t\t\t<section class=\"elementor-section elementor-top-section elementor-element elementor-element-678181b elementor-section-boxed elementor-section-height-default elementor-section-height-default\" data-id=\"678181b\" data-element_type=\"section\">\n\t\t\t\t\t\t<div class=\"elementor-container elementor-column-gap-default\">\n\t\t\t\t\t<div class=\"elementor-column elementor-col-50 elementor-top-column elementor-element elementor-element-6b34026\" data-id=\"6b34026\" data-element_type=\"column\">\n\t\t\t<div class=\"elementor-widget-wrap elementor-element-populated\">\n\t\t\t\t\t\t<div class=\"elementor-element elementor-element-3ff0c69 elementor-widget elementor-widget-wp-widget-advads_ad_widget\" data-id=\"3ff0c69\" data-element_type=\"widget\" data-widget_type=\"wp-widget-advads_ad_widget.default\">\n\t\t\t\t<div class=\"elementor-widget-container\">\n\t\t\t<div id=\"regio-3584287287\"><div class=\"regio-adlabel\">Werbung<\/div><center><a href=\"https:\/\/a.partner-versicherung.de\/click.php?partner_id=19992&ad_id=1578&deep=kreditkarten\"  target=\"_blank\"><img decoding=\"async\" src=\"https:\/\/a.partner-versicherung.de\/view.php?partner_id=19992&ad_id=1578\" ><\/a><\/center><\/div>\t\t<\/div>\n\t\t\t\t<\/div>\n\t\t\t\t<div class=\"elementor-element elementor-element-443ab98 elementor-widget elementor-widget-text-editor\" data-id=\"443ab98\" data-element_type=\"widget\" data-widget_type=\"text-editor.default\">\n\t\t\t\t<div class=\"elementor-widget-container\">\n\t\t\t\t\t\t\t<h3><span id=\"page58R_mcid21\" class=\"markedContent\"><span dir=\"ltr\" role=\"presentation\">Samstag, den 22. Juni 2024, um 20.00 Uhr im Hof des Alten Deutschen Gymnasiums in der Wittelsbacherstra\u00dfe 1 in Schwabach\u00a0<\/span><\/span><span id=\"undefined\" class=\"markedContent\"><\/span><span id=\"page58R_mcid12\" class=\"markedContent\"><\/span><span class=\"markedContent\"><br role=\"presentation\" \/><span dir=\"ltr\" role=\"presentation\">\u201eRitmos Latinos\u201c \u2013\u00a0<\/span><\/span>11. Latin Festival Schwabach \u2013\u00a0Quinteto Garufa (AR\/PE\/GB\/DE) &#8211; <em>Tango Argentino\u00a0<\/em><\/h3><p><span style=\"font-size: 12pt;\">Schwabach &#8211;\u00a0Verwurzelt in Lateinamerika und Europa sind die Musiker des Quinteto GARUFA ein Schmelztiegel wie der Tango selbst: Mit unb\u00e4ndiger Lebenslust, Melancholie, Pr\u00e4zision und Hingabe bringt das Ensemble den Tango Argentino in seinen Facetten zum Klingen und schl\u00e4gt einen Bogen von der B\u00fchne zu seinem Publikum. <\/span><\/p><p><span style=\"font-size: 12pt;\">Das Repertoire des Ensembles reicht von Tangos der \u201eGuardia Vieja\u201c bis zum \u201eTango Nuevo\u201c. Besondere Programm-Highlights sind die Eigenkompositionen von Juan Jos\u00e9 Chuquisengo. Jeder Auftritt des Quinteto GARUFA ist eine Hommage an die Sehnsucht in ihrer ganzen Sch\u00f6nheit.<\/span><\/p><p><span style=\"font-size: 12pt;\">Bei Ritmos Latinos werden die f\u00fcnf zu einer Milonga auf die Tanzfl\u00e4che bitten:\u00a0<strong>Juan Jos\u00e9 Chuquisengo<\/strong>\u00a0(Klavier),\u00a0<strong>James Ogle<\/strong>\u00a0und\u00a0<strong>Beate Fischer<\/strong>\u00a0(Violine),\u00a0<strong>Teresa Brunnm\u00fcller<\/strong>\u00a0(Bandoneon) und\u00a0<strong>Horst Dehnicke<\/strong>\u00a0(Kontrabass).<\/span><\/p><p><span style=\"font-size: 12pt;\">F\u00fcr Getr\u00e4nke und kleine Speisen sorgt am gesamten Wochenende das Restaurant Fabiano.\u00a0<\/span><\/p><h2>Das Programm:\u00a0<\/h2><table style=\"border-collapse: collapse;\"><tbody><tr><td style=\"width: 50%; vertical-align: middle;\" colspan=\"2\"><h3>Samstag, den 22. Juni 2024, 20.00 Uhr\u00a0<br \/>Quinteto Garufa (AR\/PE\/GB\/DE) &#8211; <em>Tango Argentino<\/em><\/h3><\/td><\/tr><tr><td style=\"width: 50%; vertical-align: middle;\"><a href=\"https:\/\/www.region-schwabach.de\/wordpress\/wp-content\/uploads\/2024\/06\/ritmos-latinos-2024-2.jpg\"><img fetchpriority=\"high\" decoding=\"async\" class=\"aligncenter size-full wp-image-235960\" src=\"https:\/\/www.region-schwabach.de\/wordpress\/wp-content\/uploads\/2024\/06\/ritmos-latinos-2024-2.jpg\" alt=\"\" width=\"1211\" height=\"1280\" srcset=\"https:\/\/www.region-schwabach.de\/wordpress\/wp-content\/uploads\/2024\/06\/ritmos-latinos-2024-2.jpg 1211w, https:\/\/www.region-schwabach.de\/wordpress\/wp-content\/uploads\/2024\/06\/ritmos-latinos-2024-2-284x300.jpg 284w, https:\/\/www.region-schwabach.de\/wordpress\/wp-content\/uploads\/2024\/06\/ritmos-latinos-2024-2-969x1024.jpg 969w, https:\/\/www.region-schwabach.de\/wordpress\/wp-content\/uploads\/2024\/06\/ritmos-latinos-2024-2-768x812.jpg 768w\" sizes=\"(max-width: 1211px) 100vw, 1211px\" \/><\/a><\/td><td style=\"width: 50%; vertical-align: top;\"><span style=\"font-size: 12pt;\">Verwurzelt in Lateinamerika und Europa sind die Musiker des QUINTETO GARUFA ein Schmelztiegel wie der Tango selbst: Mit unb\u00e4ndiger Lebenslust, Melancholie, Pr\u00e4zision und Hingabe bringt das Ensemble den Tango Argentino in seinen Facetten zum Klingen und schl\u00e4gt einen Bogen von der B\u00fchne zu seinem Publikum.\u00a0<\/span><\/td><\/tr><tr><td style=\"width: 50%;\" colspan=\"2\"><h4>Weitere Infos gibt es <a dir=\"ltr\" href=\"https:\/\/schwabach.de\/de\/infoseiten-kulturportal\/12431-quinteto-garufa-ar-pe-gb-de-tango-argentino-beim-11-ritmos-latinos.html\" target=\"_blank\" rel=\"noopener\">hier.<\/a><\/h4><\/td><\/tr><\/tbody><\/table><h3>Infos:\u00a0<\/h3><ul style=\"list-style-type: disc;\"><li><span style=\"font-size: 12pt;\"><span id=\"page1R_mcid5\" class=\"markedContent\"><span dir=\"ltr\" role=\"presentation\">Bei schlechtem Wetter findet das Konzert im B\u00fcrgerhaus am K\u00f6nigsplatz in Schwabach statt. <\/span><span dir=\"ltr\" role=\"presentation\">\u00c4nderungen werden am jeweiligen Veranstaltungstag im Internet bekannt<\/span><span dir=\"ltr\" role=\"presentation\">gegeben.\u00a0<\/span><\/span><\/span><\/li><li><span style=\"font-size: 12pt;\"><span id=\"page1R_mcid7\" class=\"markedContent\"><span dir=\"ltr\" role=\"presentation\">Karten f\u00fcr das Konzert gibt es vor Ort im B\u00fcrgerb\u00fcro im Rathaus, <\/span><span dir=\"ltr\" role=\"presentation\">K\u00f6nigsplatz1, Telefon 09122-860-0, sowie beim Schwabacher Tagblatt und im <\/span><span dir=\"ltr\" role=\"presentation\">Ticket-Paradise im ORO-Einkaufszentrum.\u00a0<\/span><\/span><\/span><\/li><li><span style=\"font-size: 12pt;\"><span id=\"page1R_mcid9\" class=\"markedContent\"><span dir=\"ltr\" role=\"presentation\">Online sind Karten unter <a href=\"http:\/\/reservix.de\" target=\"_blank\" rel=\"noopener\">reservix.de<\/a> erh\u00e4ltlich. Sofern die Konzerte nicht <\/span><span dir=\"ltr\" role=\"presentation\">ausverkauft sind, gibt es noch Restkarten an der Abendkasse<\/span><\/span><span id=\"page1R_mcid10\" class=\"markedContent\"><\/span><span id=\"page1R_mcid11\" class=\"markedContent\"><br role=\"presentation\" \/><\/span><\/span><\/li><\/ul><p><strong><span style=\"font-size: 12pt;\">Fotos: Tumbakin, Thomas Zwillinger,\u00a0<span class=\"field-value\">Denis Cun\u00ed Rodr\u00edguez\u00a0<br \/>Grafik: Formfinder\u00a0<\/span><\/span><\/strong><\/p>\t\t\t\t\t\t<\/div>\n\t\t\t\t<\/div>\n\t\t\t\t<div class=\"elementor-element elementor-element-3faf532 elementor-widget elementor-widget-shortcode\" data-id=\"3faf532\" data-element_type=\"widget\" data-widget_type=\"shortcode.default\">\n\t\t\t\t<div class=\"elementor-widget-container\">\n\t\t\t\t\t<div class=\"elementor-shortcode\"><!-- Beginn https:\/\/www.financeads.net\/-Code --><a href=\"https:\/\/www.financeads.net\/tc.php?t=36648C38513858B\" target=\"_blank\"><center><img decoding=\"async\" src=\"https:\/\/www.financeads.net\/tb.php?t=36648V38513858B&https=1\" alt=\"\" border=\"0\" width=\"468\" height=\"60\"><\/a><!-- Ende https:\/\/www.financeads.net\/-Code --><\/div>\n\t\t\t\t<\/div>\n\t\t\t\t<\/div>\n\t\t\t\t\t<\/div>\n\t\t<\/div>\n\t\t\t\t<div class=\"elementor-column elementor-col-50 elementor-top-column elementor-element elementor-element-f0c9ae7\" data-id=\"f0c9ae7\" data-element_type=\"column\">\n\t\t\t<div class=\"elementor-widget-wrap elementor-element-populated\">\n\t\t\t\t\t\t<div class=\"elementor-element elementor-element-d8a57f2 elementor-widget elementor-widget-heading\" data-id=\"d8a57f2\" data-element_type=\"widget\" data-widget_type=\"heading.default\">\n\t\t\t\t<div class=\"elementor-widget-container\">\n\t\t\t<h3 class=\"elementor-heading-title elementor-size-default\">Schnell vergleichen und sparen!<\/h3>\t\t<\/div>\n\t\t\t\t<\/div>\n\t\t\t\t<div class=\"elementor-element elementor-element-47e5ded elementor-widget elementor-widget-wp-widget-advads_ad_widget\" data-id=\"47e5ded\" data-element_type=\"widget\" data-widget_type=\"wp-widget-advads_ad_widget.default\">\n\t\t\t\t<div class=\"elementor-widget-container\">\n\t\t\t<div id=\"regio-795676039\"><div class=\"regio-adlabel\">Werbung<\/div><!-- Beginn https:\/\/www.financeads.net\/-Code --><a href=\"https:\/\/www.financeads.net\/tc.php?t=36648C236142529B\" target=\"_blank\"><img decoding=\"async\" src=\"https:\/\/www.financeads.net\/tb.php?t=36648V236142529B&https=1\" alt=\"\" border=\"0\" width=\"300\" height=\"250\"><\/a><!-- Ende https:\/\/www.financeads.net\/-Code --><\/div>\t\t<\/div>\n\t\t\t\t<\/div>\n\t\t\t\t<div class=\"elementor-element elementor-element-d79b769 elementor-widget elementor-widget-wp-widget-advads_ad_widget\" data-id=\"d79b769\" data-element_type=\"widget\" data-widget_type=\"wp-widget-advads_ad_widget.default\">\n\t\t\t\t<div class=\"elementor-widget-container\">\n\t\t\t<div id=\"regio-331219260\"><div class=\"regio-adlabel\">Werbung<\/div><!-- Beginn https:\/\/www.financeads.net\/-Code --><a href=\"https:\/\/www.financeads.net\/tc.php?t=36648C42614510B\" target=\"_blank\"><img loading=\"lazy\" decoding=\"async\" src=\"https:\/\/www.financeads.net\/tb.php?t=36648V42614510B&https=1\" alt=\"\" border=\"0\" width=\"200\" height=\"300\"><\/a><!-- Ende https:\/\/www.financeads.net\/-Code --><\/div>\t\t<\/div>\n\t\t\t\t<\/div>\n\t\t\t\t<div class=\"elementor-element elementor-element-f74fdcc elementor-widget elementor-widget-wp-widget-advads_ad_widget\" data-id=\"f74fdcc\" data-element_type=\"widget\" data-widget_type=\"wp-widget-advads_ad_widget.default\">\n\t\t\t\t<div class=\"elementor-widget-container\">\n\t\t\t<div id=\"regio-3474568214\"><div class=\"regio-adlabel\">Werbung<\/div><!-- Beginn https:\/\/www.financeads.net\/-Code --><a href=\"https:\/\/www.financeads.net\/tc.php?t=36648C205040072B\" target=\"_blank\"><img loading=\"lazy\" decoding=\"async\" src=\"https:\/\/www.financeads.net\/tb.php?t=36648V205040072B&https=1\" alt=\"\" border=\"0\" width=\"300\" height=\"250\"><\/a><!-- Ende https:\/\/www.financeads.net\/-Code --><\/div>\t\t<\/div>\n\t\t\t\t<\/div>\n\t\t\t\t<div class=\"elementor-element elementor-element-c860a7d elementor-widget elementor-widget-wp-widget-advads_ad_widget\" data-id=\"c860a7d\" data-element_type=\"widget\" data-widget_type=\"wp-widget-advads_ad_widget.default\">\n\t\t\t\t<div class=\"elementor-widget-container\">\n\t\t\t<div id=\"regio-2562943239\"><div class=\"regio-adlabel\">Werbung<\/div><!-- Beginn https:\/\/www.financeads.net\/-Code --><a href=\"https:\/\/www.financeads.net\/tc.php?t=36648C271460142B\" target=\"_blank\"><img loading=\"lazy\" decoding=\"async\" src=\"https:\/\/www.financeads.net\/tb.php?t=36648V271460142B&https=1\" alt=\"PETPROTECT_Hund&Katze_Banner\" border=\"0\" width=\"250\" height=\"250\"><\/a><!-- Ende https:\/\/www.financeads.net\/-Code --><\/div>\t\t<\/div>\n\t\t\t\t<\/div>\n\t\t\t\t\t<\/div>\n\t\t<\/div>\n\t\t\t\t\t<\/div>\n\t\t<\/section>\n\t\t\t\t<section class=\"elementor-section elementor-top-section elementor-element elementor-element-7d131e8 elementor-section-boxed elementor-section-height-default elementor-section-height-default\" data-id=\"7d131e8\" data-element_type=\"section\">\n\t\t\t\t\t\t<div class=\"elementor-container elementor-column-gap-default\">\n\t\t\t\t\t<div class=\"elementor-column elementor-col-100 elementor-top-column elementor-element elementor-element-cff7f35\" data-id=\"cff7f35\" data-element_type=\"column\">\n\t\t\t<div class=\"elementor-widget-wrap elementor-element-populated\">\n\t\t\t\t\t\t<div class=\"elementor-element elementor-element-ae54725 elementor-widget elementor-widget-heading\" data-id=\"ae54725\" data-element_type=\"widget\" data-widget_type=\"heading.default\">\n\t\t\t\t<div class=\"elementor-widget-container\">\n\t\t\t<h2 class=\"elementor-heading-title elementor-size-default\">Hier ein paar Impressionen zum \"Latinfestival Ritmos Latinos\"<\/h2>\t\t<\/div>\n\t\t\t\t<\/div>\n\t\t\t\t<div class=\"elementor-element elementor-element-a79fc02 elementor-widget elementor-widget-heading\" data-id=\"a79fc02\" data-element_type=\"widget\" data-widget_type=\"heading.default\">\n\t\t\t\t<div class=\"elementor-widget-container\">\n\t\t\t<h3 class=\"elementor-heading-title elementor-size-default\">(Bilder zum Vergr\u00f6\u00dfern bitte anklicken)<\/h3>\t\t<\/div>\n\t\t\t\t<\/div>\n\t\t\t\t\t<\/div>\n\t\t<\/div>\n\t\t\t\t\t<\/div>\n\t\t<\/section>\n\t\t\t\t<section class=\"elementor-section elementor-top-section elementor-element elementor-element-e928cd5 elementor-section-boxed elementor-section-height-default elementor-section-height-default\" data-id=\"e928cd5\" data-element_type=\"section\">\n\t\t\t\t\t\t<div class=\"elementor-container elementor-column-gap-default\">\n\t\t\t\t\t<div class=\"elementor-column elementor-col-50 elementor-top-column elementor-element elementor-element-0b4b354\" data-id=\"0b4b354\" data-element_type=\"column\">\n\t\t\t<div class=\"elementor-widget-wrap elementor-element-populated\">\n\t\t\t\t\t\t<div class=\"elementor-element elementor-element-9f4b680 elementor-widget elementor-widget-image\" data-id=\"9f4b680\" data-element_type=\"widget\" data-widget_type=\"image.default\">\n\t\t\t\t<div class=\"elementor-widget-container\">\n\t\t\t\t\t\t\t\t\t\t<figure class=\"wp-caption\">\n\t\t\t\t\t\t\t\t\t\t\t<a href=\"https:\/\/www.region-schwabach.de\/wordpress\/wp-content\/uploads\/2024\/06\/ritmos-latinos-2024-4.jpg\" data-elementor-open-lightbox=\"yes\" data-elementor-lightbox-title=\"ritmos-latinos-2024\" data-e-action-hash=\"#elementor-action%3Aaction%3Dlightbox%26settings%3DeyJpZCI6MjM1OTYyLCJ1cmwiOiJodHRwczpcL1wvd3d3LnJlZ2lvbi1zY2h3YWJhY2guZGVcL3dvcmRwcmVzc1wvd3AtY29udGVudFwvdXBsb2Fkc1wvMjAyNFwvMDZcL3JpdG1vcy1sYXRpbm9zLTIwMjQtNC5qcGcifQ%3D%3D\">\n\t\t\t\t\t\t\t<img loading=\"lazy\" decoding=\"async\" width=\"678\" height=\"381\" src=\"https:\/\/www.region-schwabach.de\/wordpress\/wp-content\/uploads\/2024\/06\/ritmos-latinos-2024-4-678x381.jpg\" class=\"attachment-mh-magazine-content size-mh-magazine-content wp-image-235962\" alt=\"\" \/>\t\t\t\t\t\t\t\t<\/a>\n\t\t\t\t\t\t\t\t\t\t\t<figcaption class=\"widget-image-caption wp-caption-text\">Veranstaltungslogo<\/figcaption>\n\t\t\t\t\t\t\t\t\t\t<\/figure>\n\t\t\t\t\t\t\t<\/div>\n\t\t\t\t<\/div>\n\t\t\t\t\t<\/div>\n\t\t<\/div>\n\t\t\t\t<div class=\"elementor-column elementor-col-50 elementor-top-column elementor-element elementor-element-b8f41fb\" data-id=\"b8f41fb\" data-element_type=\"column\">\n\t\t\t<div class=\"elementor-widget-wrap elementor-element-populated\">\n\t\t\t\t\t\t<div class=\"elementor-element elementor-element-995ae41 elementor-widget elementor-widget-image\" data-id=\"995ae41\" data-element_type=\"widget\" data-widget_type=\"image.default\">\n\t\t\t\t<div class=\"elementor-widget-container\">\n\t\t\t\t\t\t\t\t\t\t<figure class=\"wp-caption\">\n\t\t\t\t\t\t\t\t\t\t\t<a href=\"https:\/\/www.region-schwabach.de\/wordpress\/wp-content\/uploads\/2024\/06\/ritmos-latinos-2024-1-1-scaled.jpg\" data-elementor-open-lightbox=\"yes\" data-elementor-lightbox-title=\"ritmos-latinos-2024-1\" data-e-action-hash=\"#elementor-action%3Aaction%3Dlightbox%26settings%3DeyJpZCI6MjM1OTYzLCJ1cmwiOiJodHRwczpcL1wvd3d3LnJlZ2lvbi1zY2h3YWJhY2guZGVcL3dvcmRwcmVzc1wvd3AtY29udGVudFwvdXBsb2Fkc1wvMjAyNFwvMDZcL3JpdG1vcy1sYXRpbm9zLTIwMjQtMS0xLXNjYWxlZC5qcGcifQ%3D%3D\">\n\t\t\t\t\t\t\t<img loading=\"lazy\" decoding=\"async\" width=\"678\" height=\"381\" src=\"https:\/\/www.region-schwabach.de\/wordpress\/wp-content\/uploads\/2024\/06\/ritmos-latinos-2024-1-1-678x381.jpg\" class=\"attachment-mh-magazine-content size-mh-magazine-content wp-image-235963\" alt=\"\" \/>\t\t\t\t\t\t\t\t<\/a>\n\t\t\t\t\t\t\t\t\t\t\t<figcaption class=\"widget-image-caption wp-caption-text\">Tumbakin<\/figcaption>\n\t\t\t\t\t\t\t\t\t\t<\/figure>\n\t\t\t\t\t\t\t<\/div>\n\t\t\t\t<\/div>\n\t\t\t\t\t<\/div>\n\t\t<\/div>\n\t\t\t\t\t<\/div>\n\t\t<\/section>\n\t\t\t\t<section class=\"elementor-section elementor-top-section elementor-element elementor-element-e3c95ce elementor-section-boxed elementor-section-height-default elementor-section-height-default\" data-id=\"e3c95ce\" data-element_type=\"section\">\n\t\t\t\t\t\t<div class=\"elementor-container elementor-column-gap-default\">\n\t\t\t\t\t<div class=\"elementor-column elementor-col-50 elementor-top-column elementor-element elementor-element-6fbc33e\" data-id=\"6fbc33e\" data-element_type=\"column\">\n\t\t\t<div class=\"elementor-widget-wrap elementor-element-populated\">\n\t\t\t\t\t\t<div class=\"elementor-element elementor-element-152ff9c elementor-widget elementor-widget-image\" data-id=\"152ff9c\" data-element_type=\"widget\" data-widget_type=\"image.default\">\n\t\t\t\t<div class=\"elementor-widget-container\">\n\t\t\t\t\t\t\t\t\t\t<figure class=\"wp-caption\">\n\t\t\t\t\t\t\t\t\t\t\t<a href=\"https:\/\/www.region-schwabach.de\/wordpress\/wp-content\/uploads\/2024\/06\/ritmos-latinos-2024-2-1.jpg\" data-elementor-open-lightbox=\"yes\" data-elementor-lightbox-title=\"ritmos-latinos-2024-2\" data-e-action-hash=\"#elementor-action%3Aaction%3Dlightbox%26settings%3DeyJpZCI6MjM1OTY0LCJ1cmwiOiJodHRwczpcL1wvd3d3LnJlZ2lvbi1zY2h3YWJhY2guZGVcL3dvcmRwcmVzc1wvd3AtY29udGVudFwvdXBsb2Fkc1wvMjAyNFwvMDZcL3JpdG1vcy1sYXRpbm9zLTIwMjQtMi0xLmpwZyJ9\">\n\t\t\t\t\t\t\t<img loading=\"lazy\" decoding=\"async\" width=\"678\" height=\"381\" src=\"https:\/\/www.region-schwabach.de\/wordpress\/wp-content\/uploads\/2024\/06\/ritmos-latinos-2024-2-1-678x381.jpg\" class=\"attachment-mh-magazine-content size-mh-magazine-content wp-image-235964\" alt=\"\" \/>\t\t\t\t\t\t\t\t<\/a>\n\t\t\t\t\t\t\t\t\t\t\t<figcaption class=\"widget-image-caption wp-caption-text\">Quinteto Garufa<\/figcaption>\n\t\t\t\t\t\t\t\t\t\t<\/figure>\n\t\t\t\t\t\t\t<\/div>\n\t\t\t\t<\/div>\n\t\t\t\t\t<\/div>\n\t\t<\/div>\n\t\t\t\t<div class=\"elementor-column elementor-col-50 elementor-top-column elementor-element elementor-element-5288163\" data-id=\"5288163\" data-element_type=\"column\">\n\t\t\t<div class=\"elementor-widget-wrap elementor-element-populated\">\n\t\t\t\t\t\t<div class=\"elementor-element elementor-element-8d2df8d elementor-widget elementor-widget-image\" data-id=\"8d2df8d\" data-element_type=\"widget\" data-widget_type=\"image.default\">\n\t\t\t\t<div class=\"elementor-widget-container\">\n\t\t\t\t\t\t\t\t\t\t<figure class=\"wp-caption\">\n\t\t\t\t\t\t\t\t\t\t\t<a href=\"https:\/\/www.region-schwabach.de\/wordpress\/wp-content\/uploads\/2024\/06\/ritmos-latinos-2024-3-1.jpg\" data-elementor-open-lightbox=\"yes\" data-elementor-lightbox-title=\"ritmos-latinos-2024-3\" data-e-action-hash=\"#elementor-action%3Aaction%3Dlightbox%26settings%3DeyJpZCI6MjM1OTY1LCJ1cmwiOiJodHRwczpcL1wvd3d3LnJlZ2lvbi1zY2h3YWJhY2guZGVcL3dvcmRwcmVzc1wvd3AtY29udGVudFwvdXBsb2Fkc1wvMjAyNFwvMDZcL3JpdG1vcy1sYXRpbm9zLTIwMjQtMy0xLmpwZyJ9\">\n\t\t\t\t\t\t\t<img loading=\"lazy\" decoding=\"async\" width=\"678\" height=\"381\" src=\"https:\/\/www.region-schwabach.de\/wordpress\/wp-content\/uploads\/2024\/06\/ritmos-latinos-2024-3-1-678x381.jpg\" class=\"attachment-mh-magazine-content size-mh-magazine-content wp-image-235965\" alt=\"\" \/>\t\t\t\t\t\t\t\t<\/a>\n\t\t\t\t\t\t\t\t\t\t\t<figcaption class=\"widget-image-caption wp-caption-text\">Denis Cun\u00ed Quartett<\/figcaption>\n\t\t\t\t\t\t\t\t\t\t<\/figure>\n\t\t\t\t\t\t\t<\/div>\n\t\t\t\t<\/div>\n\t\t\t\t\t<\/div>\n\t\t<\/div>\n\t\t\t\t\t<\/div>\n\t\t<\/section>\n\t\t\t\t<\/div>\n\t\t","protected":false},"excerpt":{"rendered":"<div class=\"mh-excerpt\"><p>Samstag, den 22. Juni 2024, um 20.00 Uhr im Hof des Alten Deutschen Gymnasiums in der Wittelsbacherstra\u00dfe 1 in Schwabach\u00a0\u201eRitmos Latinos\u201c \u2013\u00a011. Latin Festival Schwabach \u2013\u00a0Quinteto Garufa (AR\/PE\/GB\/DE) &#8211; Tango Argentino\u00a0 Schwabach &#8211;\u00a0Verwurzelt in Lateinamerika <a class=\"mh-excerpt-more\" href=\"https:\/\/www.region-schwabach.de\/wordpress\/ritmos-latinos-am-22-juni-2024-im-hof-des-alten-deutschen-gymnasium-in-schwabach\/\" title=\"ritmos latinos am 22. Juni 2024 im Hof des Alten Deutschen Gymnasium in Schwabach\">[&#8230;]<\/a><\/p>\n<\/div>","protected":false},"author":1,"featured_media":236070,"comment_status":"open","ping_status":"open","sticky":false,"template":"","format":"standard","meta":{"_cbd_carousel_blocks":"[]","footnotes":""},"categories":[16,1,287,61,231],"tags":[25687,25686,9448,25681,522,4394,25682,4393,1480,4391,25678,19,25680,2678],"class_list":{"0":"post-236069","1":"post","2":"type-post","3":"status-publish","4":"format-standard","5":"has-post-thumbnail","7":"category-aktuell","8":"category-allgemein","9":"category-jugend-und-familie","10":"category-rathaus","11":"category-veranstaltungsnews","12":"tag-22-juni-2024","13":"tag-22-06-2024","14":"tag-altes-deutsches-gymnasium","15":"tag-denis-cuni-quartett","16":"tag-koenigsplatz","17":"tag-konzertabende-mit-tanz","18":"tag-latin-jazz","19":"tag-latinfestival","20":"tag-rathaus","21":"tag-ritmos-latinos","22":"tag-salsa-cubana","23":"tag-schwabach","24":"tag-tango-argentino","25":"tag-wittelsbacherstrasse"},"_links":{"self":[{"href":"https:\/\/www.region-schwabach.de\/wordpress\/wp-json\/wp\/v2\/posts\/236069","targetHints":{"allow":["GET"]}}],"collection":[{"href":"https:\/\/www.region-schwabach.de\/wordpress\/wp-json\/wp\/v2\/posts"}],"about":[{"href":"https:\/\/www.region-schwabach.de\/wordpress\/wp-json\/wp\/v2\/types\/post"}],"author":[{"embeddable":true,"href":"https:\/\/www.region-schwabach.de\/wordpress\/wp-json\/wp\/v2\/users\/1"}],"replies":[{"embeddable":true,"href":"https:\/\/www.region-schwabach.de\/wordpress\/wp-json\/wp\/v2\/comments?post=236069"}],"version-history":[{"count":4,"href":"https:\/\/www.region-schwabach.de\/wordpress\/wp-json\/wp\/v2\/posts\/236069\/revisions"}],"predecessor-version":[{"id":236075,"href":"https:\/\/www.region-schwabach.de\/wordpress\/wp-json\/wp\/v2\/posts\/236069\/revisions\/236075"}],"wp:featuredmedia":[{"embeddable":true,"href":"https:\/\/www.region-schwabach.de\/wordpress\/wp-json\/wp\/v2\/media\/236070"}],"wp:attachment":[{"href":"https:\/\/www.region-schwabach.de\/wordpress\/wp-json\/wp\/v2\/media?parent=236069"}],"wp:term":[{"taxonomy":"category","embeddable":true,"href":"https:\/\/www.region-schwabach.de\/wordpress\/wp-json\/wp\/v2\/categories?post=236069"},{"taxonomy":"post_tag","embeddable":true,"href":"https:\/\/www.region-schwabach.de\/wordpress\/wp-json\/wp\/v2\/tags?post=236069"}],"curies":[{"name":"wp","href":"https:\/\/api.w.org\/{rel}","templated":true}]}}