{"id":236328,"date":"2024-06-28T01:45:00","date_gmt":"2024-06-27T23:45:00","guid":{"rendered":"https:\/\/www.region-schwabach.de\/wordpress\/?p=236328"},"modified":"2024-06-28T01:23:48","modified_gmt":"2024-06-27T23:23:48","slug":"portraitkonzert-zum-schwabacher-komponisten-und-musikpadagogen-ernst-haublein-am-freitag-den-28-juni-2024-in-der-stadtkirche","status":"publish","type":"post","link":"https:\/\/www.region-schwabach.de\/wordpress\/portraitkonzert-zum-schwabacher-komponisten-und-musikpadagogen-ernst-haublein-am-freitag-den-28-juni-2024-in-der-stadtkirche\/","title":{"rendered":"Portraitkonzert zum Schwabacher Komponisten und Musikp\u00e4dagogen Ernst H\u00e4ublein am Freitag, den 28. Juni 2024, in der Stadtkirche"},"content":{"rendered":"\t\t<div data-elementor-type=\"wp-post\" data-elementor-id=\"236328\" class=\"elementor elementor-236328\">\n\t\t\t\t\t\t<section class=\"elementor-section elementor-top-section elementor-element elementor-element-tlus4ia elementor-section-boxed elementor-section-height-default elementor-section-height-default\" data-id=\"tlus4ia\" data-element_type=\"section\">\n\t\t\t\t\t\t<div class=\"elementor-container elementor-column-gap-default\">\n\t\t\t\t\t<div class=\"elementor-column elementor-col-50 elementor-top-column elementor-element elementor-element-sphcucl\" data-id=\"sphcucl\" data-element_type=\"column\">\n\t\t\t<div class=\"elementor-widget-wrap elementor-element-populated\">\n\t\t\t\t\t\t<div class=\"elementor-element elementor-element-5a6017c elementor-widget elementor-widget-wp-widget-advads_ad_widget\" data-id=\"5a6017c\" data-element_type=\"widget\" data-widget_type=\"wp-widget-advads_ad_widget.default\">\n\t\t\t\t<div class=\"elementor-widget-container\">\n\t\t\t<div id=\"regio-2992621066\"><div class=\"regio-adlabel\">Werbung<\/div><center><a href=\"https:\/\/a.partner-versicherung.de\/click.php?partner_id=19992&ad_id=1578&deep=kreditkarten\"  target=\"_blank\"><img decoding=\"async\" src=\"https:\/\/a.partner-versicherung.de\/view.php?partner_id=19992&ad_id=1578\" ><\/a><\/center><\/div>\t\t<\/div>\n\t\t\t\t<\/div>\n\t\t\t\t<div class=\"elementor-element elementor-element-4f2h2af elementor-widget elementor-widget-text-editor\" data-id=\"4f2h2af\" data-element_type=\"widget\" data-widget_type=\"text-editor.default\">\n\t\t\t\t<div class=\"elementor-widget-container\">\n\t\t\t\t\t\t\t<h3 class=\"entry-title\"><span class=\"markedContent\"><span dir=\"ltr\" role=\"presentation\">Freitag, den 28. Juni 2024, um 19.30 Uhr\u00a0<br \/><\/span><\/span>Portraitkonzert zum Schwabacher Komponisten und Musikp\u00e4dagogen Ernst H\u00e4ublein\u00a0<\/h3><p><span style=\"font-size: 12pt;\">Schwabach &#8211;\u00a0In einer feierlichen Hommage an Ernst H\u00e4ublein (1911-1971) \u2013 einem Komponisten und Chorleiter aus Leidenschaft und einem inspirierenden Musiklehrer \u2013 l\u00e4dt unser Konzertabend Sie ein, in die Welt eines K\u00fcnstlers einzutauchen, dessen Lebenswerk die musikalische Landschaft weit \u00fcber die Grenzen seiner Heimat in N\u00fcrnberg und Schwabach hinaus gepr\u00e4gt hat.<\/span><br \/><br \/><span style=\"font-size: 12pt;\">Von Beginn seiner Schulmusikerlaufbahn im Jahr 1936 an wirkte er an der Schwa\u00adbacher Aufbauschule, dem daraus entstandenen Deutschen Gymnasium und Vorl\u00e4ufer des heutigen Wolfram-von Eschenbach Gymnasiums. Er hinterlie\u00df dort wie in der gesamten Region einen unvergessenen musikalischen Nachlass.<\/span><br \/><br \/><span style=\"font-size: 12pt;\">H\u00e4ubleins kultureller Fu\u00dfabdruck in der Stadt, insbesondere die Gr\u00fcndung des &#8222;Kammerchor Schwabach&#8220; im Jahre 1946 und die musikalisch-dramatischen Auff\u00fchrungen, zeugt von seiner Begeisterung f\u00fcr und seiner Hingabe an die Musik.<\/span><br \/><br \/><span style=\"font-size: 12pt;\">Die Ausf\u00fchrenden, darunter Joachim Adamczewski, der einen betr\u00e4chtlichen Teil von H\u00e4ubleins Werk ver\u00f6ffentlichte und in jungen Jahren Leiter des Schwabacher Singkreises war, aus dem der heutige Kammerchor Schwabach entstand, tragen mit diesem Konzert sein Verm\u00e4chtnis weiter.<\/span><br \/><br \/><span style=\"font-size: 12pt;\">An diesem Abend erwecken wir die Vielseitigkeit von H\u00e4ubleins Schaffen zum Leben: von mehrstimmigen Werken, die vom Chor Vocanta (Erlangen) interpretiert werden, \u00fcber Choralvorspiele, dargeboten von Zolt\u00e1n Suh\u00f3-Wittenberg an der Orgel, bis hin zu Volksliedern aus verschiedenen Regionen Europas, pr\u00e4sentiert vom Kammerchor Schwabach.<\/span><br \/><br \/><span style=\"font-size: 12pt;\">Zur Auff\u00fchrung kommen neben Ernst H\u00e4ubleins Motteten, Orgelvorspielen und Volksliedern auch Gedichtvertonungen von Joachim Adamczewski und Karl Franz, die beide ebenfalls in Schwabach musikalisch verwurzelt sind.<\/span><br \/><br \/><span style=\"font-size: 12pt;\">Die Veranstaltung, die von der B\u00fcrgerstiftung Unser Schwabach initiiert und zusammen mit dem Kammerchor Schwabach veranstaltet wird, ehrt nicht nur Ernst H\u00e4ubleins Beitrag zur Musik, sondern auch sein Erbe f\u00fcr Schwabach. Joachim Adamczewski wird zwischen den Musikbl\u00f6cken auf das Leben und Wirken von Ernst H\u00e4ublein erl\u00e4uternd eingehen.<\/span><br \/><br \/><span style=\"font-size: 12pt;\">Erleben Sie einen Abend, der durch die Verbindung von Vergangenheit und Gegenwart, von Tradition und Erneuerung gepr\u00e4gt ist \u2013 ein Spiegelbild der k\u00fcnstlerischen Integrit\u00e4t und der zeitlosen Sch\u00f6nheit in Ernst H\u00e4ubleins Musik. Das Portr\u00e4t eines Mannes, dessen musikalische Visionen noch lange nach seinem viel zu fr\u00fchen Tod am 10. M\u00e4rz 1971 nachklingen.<\/span><br \/><br \/><strong><span style=\"font-size: 12pt;\">Der Eintritt ist frei, Spenden sind willkommen.\u00a0<\/span><\/strong><\/p><div>\u00a0<\/div><h3>Weiterf\u00fchrende Links:\u00a0<\/h3><p><span style=\"font-size: 12pt;\"><a href=\"https:\/\/buergerstiftung-schwabach.de\/\" target=\"_blank\" rel=\"noopener\">Zur Homepage der B\u00fcrgerstiftung Unser Schwabach geht&#8217;s hier &#8230;\u00a0<\/a><\/span><\/p>\t\t\t\t\t\t<\/div>\n\t\t\t\t<\/div>\n\t\t\t\t<div class=\"elementor-element elementor-element-ca705aa elementor-widget elementor-widget-shortcode\" data-id=\"ca705aa\" data-element_type=\"widget\" data-widget_type=\"shortcode.default\">\n\t\t\t\t<div class=\"elementor-widget-container\">\n\t\t\t\t\t<div class=\"elementor-shortcode\"><center><a href=\"https:\/\/a.partner-versicherung.de\/click.php?partner_id=19992&ad_id=441&deep=kfz-versicherung\"  target=\"_blank\"><img decoding=\"async\" src=\"https:\/\/a.partner-versicherung.de\/view.php?partner_id=19992&ad_id=441\" ><\/a><\/center><\/div>\n\t\t\t\t<\/div>\n\t\t\t\t<\/div>\n\t\t\t\t<div class=\"elementor-element elementor-element-ac4f124 elementor-widget elementor-widget-google_maps\" data-id=\"ac4f124\" data-element_type=\"widget\" data-widget_type=\"google_maps.default\">\n\t\t\t\t<div class=\"elementor-widget-container\">\n\t\t\t\t\t<div class=\"elementor-custom-embed\">\n\t\t\t<iframe loading=\"lazy\"\n\t\t\t\t\tsrc=\"https:\/\/maps.google.com\/maps?q=Martin-Luther-Platz%2C%20Schwabach%2C%20Deutschland&#038;t=m&#038;z=17&#038;output=embed&#038;iwloc=near\"\n\t\t\t\t\ttitle=\"Martin-Luther-Platz, Schwabach, Deutschland\"\n\t\t\t\t\taria-label=\"Martin-Luther-Platz, Schwabach, Deutschland\"\n\t\t\t><\/iframe>\n\t\t<\/div>\n\t\t\t\t<\/div>\n\t\t\t\t<\/div>\n\t\t\t\t\t<\/div>\n\t\t<\/div>\n\t\t\t\t<div class=\"elementor-column elementor-col-50 elementor-top-column elementor-element elementor-element-4233827\" data-id=\"4233827\" data-element_type=\"column\">\n\t\t\t<div class=\"elementor-widget-wrap elementor-element-populated\">\n\t\t\t\t\t\t<div class=\"elementor-element elementor-element-4a16d76 elementor-widget elementor-widget-heading\" data-id=\"4a16d76\" data-element_type=\"widget\" data-widget_type=\"heading.default\">\n\t\t\t\t<div class=\"elementor-widget-container\">\n\t\t\t<h3 class=\"elementor-heading-title elementor-size-default\">Schnell vergleichen und sparen!<\/h3>\t\t<\/div>\n\t\t\t\t<\/div>\n\t\t\t\t<div class=\"elementor-element elementor-element-3bb9546 elementor-widget elementor-widget-wp-widget-advads_ad_widget\" data-id=\"3bb9546\" data-element_type=\"widget\" data-widget_type=\"wp-widget-advads_ad_widget.default\">\n\t\t\t\t<div class=\"elementor-widget-container\">\n\t\t\t<div id=\"regio-313887095\"><div class=\"regio-adlabel\">Werbung<\/div><!-- Beginn https:\/\/www.financeads.net\/-Code --><a href=\"https:\/\/www.financeads.net\/tc.php?t=36648C236142529B\" target=\"_blank\"><img fetchpriority=\"high\" decoding=\"async\" src=\"https:\/\/www.financeads.net\/tb.php?t=36648V236142529B&https=1\" alt=\"\" border=\"0\" width=\"300\" height=\"250\"><\/a><!-- Ende https:\/\/www.financeads.net\/-Code --><\/div>\t\t<\/div>\n\t\t\t\t<\/div>\n\t\t\t\t<div class=\"elementor-element elementor-element-bdb2bd9 elementor-widget elementor-widget-wp-widget-advads_ad_widget\" data-id=\"bdb2bd9\" data-element_type=\"widget\" data-widget_type=\"wp-widget-advads_ad_widget.default\">\n\t\t\t\t<div class=\"elementor-widget-container\">\n\t\t\t<div id=\"regio-943095386\"><div class=\"regio-adlabel\">Werbung<\/div><!-- Beginn https:\/\/www.financeads.net\/-Code --><a href=\"https:\/\/www.financeads.net\/tc.php?t=36648C42614510B\" target=\"_blank\"><img decoding=\"async\" src=\"https:\/\/www.financeads.net\/tb.php?t=36648V42614510B&https=1\" alt=\"\" border=\"0\" width=\"200\" height=\"300\"><\/a><!-- Ende https:\/\/www.financeads.net\/-Code --><\/div>\t\t<\/div>\n\t\t\t\t<\/div>\n\t\t\t\t<div class=\"elementor-element elementor-element-1bb58b3 elementor-widget elementor-widget-wp-widget-advads_ad_widget\" data-id=\"1bb58b3\" data-element_type=\"widget\" data-widget_type=\"wp-widget-advads_ad_widget.default\">\n\t\t\t\t<div class=\"elementor-widget-container\">\n\t\t\t<div id=\"regio-2514289656\"><div class=\"regio-adlabel\">Werbung<\/div><!-- Beginn https:\/\/www.financeads.net\/-Code --><a href=\"https:\/\/www.financeads.net\/tc.php?t=36648C205040072B\" target=\"_blank\"><img decoding=\"async\" src=\"https:\/\/www.financeads.net\/tb.php?t=36648V205040072B&https=1\" alt=\"\" border=\"0\" width=\"300\" height=\"250\"><\/a><!-- Ende https:\/\/www.financeads.net\/-Code --><\/div>\t\t<\/div>\n\t\t\t\t<\/div>\n\t\t\t\t<div class=\"elementor-element elementor-element-d6fa9ae elementor-widget elementor-widget-wp-widget-advads_ad_widget\" data-id=\"d6fa9ae\" data-element_type=\"widget\" data-widget_type=\"wp-widget-advads_ad_widget.default\">\n\t\t\t\t<div class=\"elementor-widget-container\">\n\t\t\t<div id=\"regio-355195477\"><div class=\"regio-adlabel\">Werbung<\/div><!-- Beginn https:\/\/www.financeads.net\/-Code --><a href=\"https:\/\/www.financeads.net\/tc.php?t=36648C271460142B\" target=\"_blank\"><img loading=\"lazy\" decoding=\"async\" src=\"https:\/\/www.financeads.net\/tb.php?t=36648V271460142B&https=1\" alt=\"PETPROTECT_Hund&Katze_Banner\" border=\"0\" width=\"250\" height=\"250\"><\/a><!-- Ende https:\/\/www.financeads.net\/-Code --><\/div>\t\t<\/div>\n\t\t\t\t<\/div>\n\t\t\t\t\t<\/div>\n\t\t<\/div>\n\t\t\t\t\t<\/div>\n\t\t<\/section>\n\t\t\t\t<\/div>\n\t\t","protected":false},"excerpt":{"rendered":"<div class=\"mh-excerpt\"><p>Freitag, den 28. Juni 2024, um 19.30 Uhr\u00a0Portraitkonzert zum Schwabacher Komponisten und Musikp\u00e4dagogen Ernst H\u00e4ublein\u00a0 Schwabach &#8211;\u00a0In einer feierlichen Hommage an Ernst H\u00e4ublein (1911-1971) \u2013 einem Komponisten und Chorleiter aus Leidenschaft und einem inspirierenden Musiklehrer <a class=\"mh-excerpt-more\" href=\"https:\/\/www.region-schwabach.de\/wordpress\/portraitkonzert-zum-schwabacher-komponisten-und-musikpadagogen-ernst-haublein-am-freitag-den-28-juni-2024-in-der-stadtkirche\/\" title=\"Portraitkonzert zum Schwabacher Komponisten und Musikp\u00e4dagogen Ernst H\u00e4ublein am Freitag, den 28. Juni 2024, in der Stadtkirche\">[&#8230;]<\/a><\/p>\n<\/div>","protected":false},"author":1,"featured_media":236329,"comment_status":"open","ping_status":"open","sticky":false,"template":"","format":"standard","meta":{"_cbd_carousel_blocks":"[]","footnotes":""},"categories":[16,1,287,61,231,46],"tags":[25716,25715,19653,25719,15473,523,25718,25717,19,13861],"class_list":{"0":"post-236328","1":"post","2":"type-post","3":"status-publish","4":"format-standard","5":"has-post-thumbnail","7":"category-aktuell","8":"category-allgemein","9":"category-jugend-und-familie","10":"category-rathaus","11":"category-veranstaltungsnews","12":"category-verbaende","13":"tag-28-juni-2024","14":"tag-28-06-2024","15":"tag-buergerstiftung-unser-schwabach-2","16":"tag-ernst-haeublein","17":"tag-komponist","18":"tag-martin-luther-platz","19":"tag-musikpaedagoge","20":"tag-portraitkonzert","21":"tag-schwabach","22":"tag-stadtkirche-st-johannes-und-st-martin"},"_links":{"self":[{"href":"https:\/\/www.region-schwabach.de\/wordpress\/wp-json\/wp\/v2\/posts\/236328","targetHints":{"allow":["GET"]}}],"collection":[{"href":"https:\/\/www.region-schwabach.de\/wordpress\/wp-json\/wp\/v2\/posts"}],"about":[{"href":"https:\/\/www.region-schwabach.de\/wordpress\/wp-json\/wp\/v2\/types\/post"}],"author":[{"embeddable":true,"href":"https:\/\/www.region-schwabach.de\/wordpress\/wp-json\/wp\/v2\/users\/1"}],"replies":[{"embeddable":true,"href":"https:\/\/www.region-schwabach.de\/wordpress\/wp-json\/wp\/v2\/comments?post=236328"}],"version-history":[{"count":4,"href":"https:\/\/www.region-schwabach.de\/wordpress\/wp-json\/wp\/v2\/posts\/236328\/revisions"}],"predecessor-version":[{"id":236333,"href":"https:\/\/www.region-schwabach.de\/wordpress\/wp-json\/wp\/v2\/posts\/236328\/revisions\/236333"}],"wp:featuredmedia":[{"embeddable":true,"href":"https:\/\/www.region-schwabach.de\/wordpress\/wp-json\/wp\/v2\/media\/236329"}],"wp:attachment":[{"href":"https:\/\/www.region-schwabach.de\/wordpress\/wp-json\/wp\/v2\/media?parent=236328"}],"wp:term":[{"taxonomy":"category","embeddable":true,"href":"https:\/\/www.region-schwabach.de\/wordpress\/wp-json\/wp\/v2\/categories?post=236328"},{"taxonomy":"post_tag","embeddable":true,"href":"https:\/\/www.region-schwabach.de\/wordpress\/wp-json\/wp\/v2\/tags?post=236328"}],"curies":[{"name":"wp","href":"https:\/\/api.w.org\/{rel}","templated":true}]}}