{"id":236457,"date":"2024-08-07T00:15:00","date_gmt":"2024-08-06T22:15:00","guid":{"rendered":"https:\/\/www.region-schwabach.de\/wordpress\/?p=236457"},"modified":"2024-08-07T03:05:00","modified_gmt":"2024-08-07T01:05:00","slug":"vollsperrung-der-kreisstrasse-aus-penzendorf-kommend-in-richtung-schaftnach-ab-montag-den-1-juli-2024","status":"publish","type":"post","link":"https:\/\/www.region-schwabach.de\/wordpress\/vollsperrung-der-kreisstrasse-aus-penzendorf-kommend-in-richtung-schaftnach-ab-montag-den-1-juli-2024\/","title":{"rendered":"Vollsperrung der Kreisstra\u00dfe aus Penzendorf kommend in Richtung Schaftnach, ab Montag, den 1. Juli 2024"},"content":{"rendered":"\t\t<div data-elementor-type=\"wp-post\" data-elementor-id=\"236457\" class=\"elementor elementor-236457\">\n\t\t\t\t\t\t<section class=\"elementor-section elementor-top-section elementor-element elementor-element-678181b elementor-section-boxed elementor-section-height-default elementor-section-height-default\" data-id=\"678181b\" data-element_type=\"section\">\n\t\t\t\t\t\t<div class=\"elementor-container elementor-column-gap-default\">\n\t\t\t\t\t<div class=\"elementor-column elementor-col-50 elementor-top-column elementor-element elementor-element-6b34026\" data-id=\"6b34026\" data-element_type=\"column\">\n\t\t\t<div class=\"elementor-widget-wrap elementor-element-populated\">\n\t\t\t\t\t\t<div class=\"elementor-element elementor-element-e347b87 elementor-widget elementor-widget-wp-widget-advads_ad_widget\" data-id=\"e347b87\" data-element_type=\"widget\" data-widget_type=\"wp-widget-advads_ad_widget.default\">\n\t\t\t\t<div class=\"elementor-widget-container\">\n\t\t\t<div id=\"regio-2546694462\"><div class=\"regio-adlabel\">Werbung<\/div><center><a href=\"https:\/\/a.partner-versicherung.de\/click.php?partner_id=19992&ad_id=1578&deep=kreditkarten\"  target=\"_blank\"><img decoding=\"async\" src=\"https:\/\/a.partner-versicherung.de\/view.php?partner_id=19992&ad_id=1578\" ><\/a><\/center><\/div>\t\t<\/div>\n\t\t\t\t<\/div>\n\t\t\t\t<div class=\"elementor-element elementor-element-443ab98 elementor-widget elementor-widget-text-editor\" data-id=\"443ab98\" data-element_type=\"widget\" data-widget_type=\"text-editor.default\">\n\t\t\t\t<div class=\"elementor-widget-container\">\n\t\t\t\t\t\t\t<div class=\"fieldsattachment after_article\"><h3 class=\"entry-title\"><span class=\"markedContent\"><span dir=\"ltr\" role=\"presentation\">Sperrung ab Montag, den 1. Juli 2024:\u00a0<br \/><\/span><\/span>Vollsperrung der Kreisstra\u00dfe aus Penzendorf kommend in Richtung Schaftnach\u00a0<\/h3><p class=\"idgroup_7 group_container\"><span style=\"font-size: 12pt;\">Schwabach &#8211;\u00a0Das Staatliche Bauamt wird zum Abschluss der Knotenpunktsumbauten an der St 2239 im Bereich Schaftnach\/Anschlussstelle Penzendorf (B 2) und Firma Niehoff im gesamten Baustellenbereich eine neue Fahrbahndecke aufbringen und Querungen von Leitungen f\u00fcr die Lichtsignalanlagen errichten. Zur Ausf\u00fchrung der Arbeiten wird die St 2239 in zwei Abschnitten voll gesperrt:\u00a0<\/span><\/p><h3>Bauabschnitt 1 von Montag, 1. Juli, bis ca. Sonntag, 4. August\u00a0<\/h3><p><span style=\"font-size: 12pt;\">Vollsperrung der St 2239 ab der SC 2 (Schaftnach) bis zur \u00f6stlichen Rampe der B2, einschlie\u00dflich der Rampe auf die B2 in Fahrtrichtung Augsburg an der Anschlussstelle (AS) Penzendorf ab 1. Juli bis Anfang August (ca. 4. August). Die Abfahrt von der B2 aus Roth kommende in Richtung Wendelstein ist m\u00f6glich. Eine beschilderte Umleitung f\u00fcr die gesperrten Fahrbeziehungen wird eingerichtet.\u00a0<\/span><\/p><h3>Bauabschnitt 2 von Montag, 5. August bis ca. 8. September\u00a0<\/h3><p><span style=\"font-size: 12pt;\">Vollsperrung der St 2239 ab der Einm\u00fcndung Schwarzach bis zur Betriebszufahrt Niehoff, einschlie\u00dflich der Rampe auf die B2 in Fahrtrichtung N\u00fcrnberg an der Anschlussstelle (AS) Penzendorf ab Anfang August (ca. 5. Augsut) bis Anfang September (ca. 8. September). Eine beschilderte Umleitung f\u00fcr die gesperrten Fahrbeziehungen wird eingerichtet.\u00a0<\/span><\/p><p><span style=\"font-size: 12pt;\">An den Knotenpunkten der Staatsstra\u00dfe St 2239 nach Schaftnach\/Leerstetten, Zu- und Abfahrtsrampen zur Bundesstra\u00dfe 2 (Anschlussstelle Penzendorf) und der Firmenzufahrt Niehoff werden Ampelanlagen nachger\u00fcstet, um die Verkehrssicherheit wiederherzustellen und die Leistungsf\u00e4higkeit auch in Zukunft zu gew\u00e4hrleisten. Im Herbst 2023 begannen die Arbeiten mit dem Umbau der Einm\u00fcndung der Kreisstra\u00dfe SC 2 nach Schaftnach. In 2024 wurden alle weiteren Knotenpunkte planm\u00e4\u00dfig umgebaut. Zum Abschluss der Bauarbeiten wird nun im gesamten Ausbaubereich noch eine neue Fahrbahndecke aufgebracht und die neue Lichtsignalanlage errichtet und in Betrieb genommen. Die endg\u00fcltige Fertigstellung ist f\u00fcr den 8. September geplant.\u00a0<\/span><\/p><p><span style=\"font-size: 12pt;\">Das Nachr\u00fcsten der Knotenpunkte mit Ampelanlagen ist erforderlich, da die Verkehrsbelastung der Staatsstra\u00dfe St 2239 stark gestiegen ist. Dadurch ist die Verkehrssicherheit und die Leistungsf\u00e4higkeit insbesondere in den Spitzenstunden in den Hauptverkehrszeiten beeintr\u00e4chtigt. Zus\u00e4tzlich reichen insbesondere am Knotenpunkt mit der Kreisstra\u00dfe SC 2 die erforderlichen Sichtweiten beim Einbiegen in die St 2239 nicht aus. Dies f\u00fchrte in der Vergangenheit immer wieder teils zu schweren Unf\u00e4llen und langen Wartezeiten beim Einbiegen.\u00a0<\/span><\/p><p><span style=\"font-size: 12pt;\">Die Gesamtstrecke stellt aktuell eine Unfalllinie dar. Das bedeutet, dass die Anzahl der Unf\u00e4lle auf der Gesamtstrecke deutlich h\u00f6her sind als der Durchschnitt auf einer Staatsstra\u00dfe. Die zu geringen Zeitl\u00fccken beim Abbiegen von der Bundesstra\u00dfe 2 in Fahrtrichtung N\u00fcrnberg in die St 2239 f\u00fchren aktuell in den Morgenspitzen zu gef\u00e4hrlichen R\u00fcckstaus auf die Bundesstra\u00dfe. Die zwischenzeitlich angeordnete\u00a0 Geschwindigkeitsbeschr\u00e4nkung auf der B2 in Fahrtrichtung N\u00fcrnberg im Bereich der Abfahrt zur St 2239 ist als \u00dcbergangsl\u00f6sung bis zur Fertigstellung der Knotenpunktumbauten mit Ampelanlagen gedacht.\u00a0<\/span><\/p><p><span style=\"font-size: 12pt;\">Alle vier neuen Ampelanlagen sind untereinander vernetzt und werden voll verkehrsabh\u00e4ngig geschaltet. Das bedeutet, dass die Anzahl der Halte f\u00fcr die Verkehrsteilnehmer beim zuk\u00fcnftigen Durchfahren der nachger\u00fcsteten Knotenpunkte minimiert wird.\u00a0<\/span><\/p><p><span style=\"font-size: 12pt;\">Das Staatliche Bauamt N\u00fcrnberg bittet alle Verkehrsteilnehmende und insbesondere die Anliegenden um Verst\u00e4ndnis f\u00fcr die damit einhergehenden Beeintr\u00e4chtigungen und um Vorsicht im Baustellenbereich.\u00a0<\/span><\/p><\/div>\t\t\t\t\t\t<\/div>\n\t\t\t\t<\/div>\n\t\t\t\t<div class=\"elementor-element elementor-element-ea2a29f elementor-widget elementor-widget-shortcode\" data-id=\"ea2a29f\" data-element_type=\"widget\" data-widget_type=\"shortcode.default\">\n\t\t\t\t<div class=\"elementor-widget-container\">\n\t\t\t\t\t<div class=\"elementor-shortcode\"><center><a href=\"https:\/\/a.partner-versicherung.de\/click.php?partner_id=19992&ad_id=441&deep=kfz-versicherung\"  target=\"_blank\"><img decoding=\"async\" src=\"https:\/\/a.partner-versicherung.de\/view.php?partner_id=19992&ad_id=441\" ><\/a><\/center><\/div>\n\t\t\t\t<\/div>\n\t\t\t\t<\/div>\n\t\t\t\t<div class=\"elementor-element elementor-element-21c3450 elementor-widget-divider--view-line elementor-widget elementor-widget-divider\" data-id=\"21c3450\" data-element_type=\"widget\" data-widget_type=\"divider.default\">\n\t\t\t\t<div class=\"elementor-widget-container\">\n\t\t\t\t\t<div class=\"elementor-divider\">\n\t\t\t<span class=\"elementor-divider-separator\">\n\t\t\t\t\t\t<\/span>\n\t\t<\/div>\n\t\t\t\t<\/div>\n\t\t\t\t<\/div>\n\t\t\t\t<div class=\"elementor-element elementor-element-f4c690c elementor-widget elementor-widget-google_maps\" data-id=\"f4c690c\" data-element_type=\"widget\" data-widget_type=\"google_maps.default\">\n\t\t\t\t<div class=\"elementor-widget-container\">\n\t\t\t\t\t<div class=\"elementor-custom-embed\">\n\t\t\t<iframe loading=\"lazy\"\n\t\t\t\t\tsrc=\"https:\/\/maps.google.com\/maps?q=Schaftnach%2C%20Schwabach%2C%20Deutschland&#038;t=m&#038;z=13&#038;output=embed&#038;iwloc=near\"\n\t\t\t\t\ttitle=\"Schaftnach, Schwabach, Deutschland\"\n\t\t\t\t\taria-label=\"Schaftnach, Schwabach, Deutschland\"\n\t\t\t><\/iframe>\n\t\t<\/div>\n\t\t\t\t<\/div>\n\t\t\t\t<\/div>\n\t\t\t\t\t<\/div>\n\t\t<\/div>\n\t\t\t\t<div class=\"elementor-column elementor-col-50 elementor-top-column elementor-element elementor-element-3728c60\" data-id=\"3728c60\" data-element_type=\"column\">\n\t\t\t<div class=\"elementor-widget-wrap elementor-element-populated\">\n\t\t\t\t\t\t<div class=\"elementor-element elementor-element-a61f7a8 elementor-widget elementor-widget-heading\" data-id=\"a61f7a8\" data-element_type=\"widget\" data-widget_type=\"heading.default\">\n\t\t\t\t<div class=\"elementor-widget-container\">\n\t\t\t<h3 class=\"elementor-heading-title elementor-size-default\">Schnell vergleichen und sparen!<\/h3>\t\t<\/div>\n\t\t\t\t<\/div>\n\t\t\t\t<div class=\"elementor-element elementor-element-4612fda elementor-widget elementor-widget-wp-widget-advads_ad_widget\" data-id=\"4612fda\" data-element_type=\"widget\" data-widget_type=\"wp-widget-advads_ad_widget.default\">\n\t\t\t\t<div class=\"elementor-widget-container\">\n\t\t\t<div id=\"regio-3760712655\"><div class=\"regio-adlabel\">Werbung<\/div><!-- Beginn https:\/\/www.financeads.net\/-Code --><a href=\"https:\/\/www.financeads.net\/tc.php?t=36648C236142529B\" target=\"_blank\"><img fetchpriority=\"high\" decoding=\"async\" src=\"https:\/\/www.financeads.net\/tb.php?t=36648V236142529B&https=1\" alt=\"\" border=\"0\" width=\"300\" height=\"250\"><\/a><!-- Ende https:\/\/www.financeads.net\/-Code --><\/div>\t\t<\/div>\n\t\t\t\t<\/div>\n\t\t\t\t<div class=\"elementor-element elementor-element-c25b724 elementor-widget elementor-widget-wp-widget-advads_ad_widget\" data-id=\"c25b724\" data-element_type=\"widget\" data-widget_type=\"wp-widget-advads_ad_widget.default\">\n\t\t\t\t<div class=\"elementor-widget-container\">\n\t\t\t<div id=\"regio-1879004772\"><div class=\"regio-adlabel\">Werbung<\/div><!-- Beginn https:\/\/www.financeads.net\/-Code --><a href=\"https:\/\/www.financeads.net\/tc.php?t=36648C42614510B\" target=\"_blank\"><img decoding=\"async\" src=\"https:\/\/www.financeads.net\/tb.php?t=36648V42614510B&https=1\" alt=\"\" border=\"0\" width=\"200\" height=\"300\"><\/a><!-- Ende https:\/\/www.financeads.net\/-Code --><\/div>\t\t<\/div>\n\t\t\t\t<\/div>\n\t\t\t\t<div class=\"elementor-element elementor-element-d3b71dc elementor-widget elementor-widget-wp-widget-advads_ad_widget\" data-id=\"d3b71dc\" data-element_type=\"widget\" data-widget_type=\"wp-widget-advads_ad_widget.default\">\n\t\t\t\t<div class=\"elementor-widget-container\">\n\t\t\t<div id=\"regio-2120768341\"><div class=\"regio-adlabel\">Werbung<\/div><!-- Beginn https:\/\/www.financeads.net\/-Code --><a href=\"https:\/\/www.financeads.net\/tc.php?t=36648C205040072B\" target=\"_blank\"><img decoding=\"async\" src=\"https:\/\/www.financeads.net\/tb.php?t=36648V205040072B&https=1\" alt=\"\" border=\"0\" width=\"300\" height=\"250\"><\/a><!-- Ende https:\/\/www.financeads.net\/-Code --><\/div>\t\t<\/div>\n\t\t\t\t<\/div>\n\t\t\t\t<div class=\"elementor-element elementor-element-e7bed1f elementor-widget elementor-widget-wp-widget-advads_ad_widget\" data-id=\"e7bed1f\" data-element_type=\"widget\" data-widget_type=\"wp-widget-advads_ad_widget.default\">\n\t\t\t\t<div class=\"elementor-widget-container\">\n\t\t\t<div id=\"regio-2423995062\"><div class=\"regio-adlabel\">Werbung<\/div><!-- Beginn https:\/\/www.financeads.net\/-Code --><a href=\"https:\/\/www.financeads.net\/tc.php?t=36648C271460142B\" target=\"_blank\"><img loading=\"lazy\" decoding=\"async\" src=\"https:\/\/www.financeads.net\/tb.php?t=36648V271460142B&https=1\" alt=\"PETPROTECT_Hund&Katze_Banner\" border=\"0\" width=\"250\" height=\"250\"><\/a><!-- Ende https:\/\/www.financeads.net\/-Code --><\/div>\t\t<\/div>\n\t\t\t\t<\/div>\n\t\t\t\t\t<\/div>\n\t\t<\/div>\n\t\t\t\t\t<\/div>\n\t\t<\/section>\n\t\t\t\t<\/div>\n\t\t","protected":false},"excerpt":{"rendered":"<div class=\"mh-excerpt\"><p>Sperrung ab Montag, den 1. Juli 2024:\u00a0Vollsperrung der Kreisstra\u00dfe aus Penzendorf kommend in Richtung Schaftnach\u00a0 Schwabach &#8211;\u00a0Das Staatliche Bauamt wird zum Abschluss der Knotenpunktsumbauten an der St 2239 im Bereich Schaftnach\/Anschlussstelle Penzendorf (B 2) und <a class=\"mh-excerpt-more\" href=\"https:\/\/www.region-schwabach.de\/wordpress\/vollsperrung-der-kreisstrasse-aus-penzendorf-kommend-in-richtung-schaftnach-ab-montag-den-1-juli-2024\/\" title=\"Vollsperrung der Kreisstra\u00dfe aus Penzendorf kommend in Richtung Schaftnach, ab Montag, den 1. Juli 2024\">[&#8230;]<\/a><\/p>\n<\/div>","protected":false},"author":1,"featured_media":236458,"comment_status":"open","ping_status":"open","sticky":false,"template":"","format":"standard","meta":{"_cbd_carousel_blocks":"[]","footnotes":""},"categories":[16,61,14],"tags":[25741,25742,25743,17966,762,25744,25745,1480,2765,19,276,424,3012,3151,232],"class_list":{"0":"post-236457","1":"post","2":"type-post","3":"status-publish","4":"format-standard","5":"has-post-thumbnail","7":"category-aktuell","8":"category-rathaus","9":"category-verkehrsinfos","10":"tag-1-juli-2024-bis-4-august-2024","11":"tag-5-august-2024-bis-8-september-2024","12":"tag-knotenpunktumbauten","13":"tag-koenigslatz","14":"tag-kreisstrasse","15":"tag-neue-fahrbahndecke-aufbringen","16":"tag-querungen-von-leitungen-fuer-die-lichtsignalanlagen-errichten","17":"tag-rathaus","18":"tag-schaftnach","19":"tag-schwabach","20":"tag-sperrung","21":"tag-staatsstrasse-2239","22":"tag-stadt","23":"tag-stadt-schwabach","24":"tag-vollsperrung"},"_links":{"self":[{"href":"https:\/\/www.region-schwabach.de\/wordpress\/wp-json\/wp\/v2\/posts\/236457","targetHints":{"allow":["GET"]}}],"collection":[{"href":"https:\/\/www.region-schwabach.de\/wordpress\/wp-json\/wp\/v2\/posts"}],"about":[{"href":"https:\/\/www.region-schwabach.de\/wordpress\/wp-json\/wp\/v2\/types\/post"}],"author":[{"embeddable":true,"href":"https:\/\/www.region-schwabach.de\/wordpress\/wp-json\/wp\/v2\/users\/1"}],"replies":[{"embeddable":true,"href":"https:\/\/www.region-schwabach.de\/wordpress\/wp-json\/wp\/v2\/comments?post=236457"}],"version-history":[{"count":4,"href":"https:\/\/www.region-schwabach.de\/wordpress\/wp-json\/wp\/v2\/posts\/236457\/revisions"}],"predecessor-version":[{"id":236463,"href":"https:\/\/www.region-schwabach.de\/wordpress\/wp-json\/wp\/v2\/posts\/236457\/revisions\/236463"}],"wp:featuredmedia":[{"embeddable":true,"href":"https:\/\/www.region-schwabach.de\/wordpress\/wp-json\/wp\/v2\/media\/236458"}],"wp:attachment":[{"href":"https:\/\/www.region-schwabach.de\/wordpress\/wp-json\/wp\/v2\/media?parent=236457"}],"wp:term":[{"taxonomy":"category","embeddable":true,"href":"https:\/\/www.region-schwabach.de\/wordpress\/wp-json\/wp\/v2\/categories?post=236457"},{"taxonomy":"post_tag","embeddable":true,"href":"https:\/\/www.region-schwabach.de\/wordpress\/wp-json\/wp\/v2\/tags?post=236457"}],"curies":[{"name":"wp","href":"https:\/\/api.w.org\/{rel}","templated":true}]}}