{"id":236822,"date":"2024-08-04T01:00:00","date_gmt":"2024-08-03T23:00:00","guid":{"rendered":"https:\/\/www.region-schwabach.de\/wordpress\/?p=236822"},"modified":"2024-08-04T01:04:07","modified_gmt":"2024-08-03T23:04:07","slug":"ausstellung-des-kunstlerbundes-schwabach-yana-rishe-in-der-stadtischen-galerie-vom-29-juni-2024-bis-4-august-2024","status":"publish","type":"post","link":"https:\/\/www.region-schwabach.de\/wordpress\/ausstellung-des-kunstlerbundes-schwabach-yana-rishe-in-der-stadtischen-galerie-vom-29-juni-2024-bis-4-august-2024\/","title":{"rendered":"Ausstellung des K\u00fcnstlerbundes Schwabach \u2013 \u201eYana Rishe\u201c \u2013 in der St\u00e4dtischen Galerie vom 29. Juni 2024 bis 4. August 2024"},"content":{"rendered":"\t\t<div data-elementor-type=\"wp-post\" data-elementor-id=\"236822\" class=\"elementor elementor-236822\">\n\t\t\t\t\t\t<section class=\"elementor-section elementor-top-section elementor-element elementor-element-678181b elementor-section-boxed elementor-section-height-default elementor-section-height-default\" data-id=\"678181b\" data-element_type=\"section\">\n\t\t\t\t\t\t<div class=\"elementor-container elementor-column-gap-default\">\n\t\t\t\t\t<div class=\"elementor-column elementor-col-66 elementor-top-column elementor-element elementor-element-6b34026\" data-id=\"6b34026\" data-element_type=\"column\">\n\t\t\t<div class=\"elementor-widget-wrap elementor-element-populated\">\n\t\t\t\t\t\t<div class=\"elementor-element elementor-element-15a5ce5 elementor-widget elementor-widget-wp-widget-advads_ad_widget\" data-id=\"15a5ce5\" data-element_type=\"widget\" data-widget_type=\"wp-widget-advads_ad_widget.default\">\n\t\t\t\t<div class=\"elementor-widget-container\">\n\t\t\t<div id=\"regio-1274589487\"><div class=\"regio-adlabel\">Werbung<\/div><center><a href=\"https:\/\/a.partner-versicherung.de\/click.php?partner_id=19992&ad_id=1578&deep=kreditkarten\"  target=\"_blank\"><img decoding=\"async\" src=\"https:\/\/a.partner-versicherung.de\/view.php?partner_id=19992&ad_id=1578\" ><\/a><\/center><\/div>\t\t<\/div>\n\t\t\t\t<\/div>\n\t\t\t\t<div class=\"elementor-element elementor-element-443ab98 elementor-widget elementor-widget-text-editor\" data-id=\"443ab98\" data-element_type=\"widget\" data-widget_type=\"text-editor.default\">\n\t\t\t\t<div class=\"elementor-widget-container\">\n\t\t\t\t\t\t\t<h3 class=\"entry-title\"><span style=\"font-family: georgia, palatino, serif; font-size: 14pt;\">Vom 29. Juni 2024 bis 4. August 2024 in der St\u00e4dtischen Galerie Schwabach:\u00a0<\/span><br \/><span style=\"font-family: georgia, palatino, serif;\"><span style=\"font-size: 14pt;\">Ausstellung \u201e<strong>Yana Rishe &#8211; Badebetrieb \u201eFaust\u201c (Haustiere erlaubt)<\/strong>\u201c\u00a0<\/span><\/span><\/h3><p><span style=\"font-size: 12pt;\"><span style=\"font-family: georgia, palatino, serif;\">Schwabach &#8211; <\/span>Yana Rishe, als Tra\u0308gerin des\u00a0<strong>Kunstpreis der Stadt Schwabach 2023<\/strong>, stellt traditionsgema\u0308\u00df nach dem Gewinn des Preises auf der\u00a0<strong>Ortung 13<\/strong> in der Sta\u0308dtischen Galerie Schwabach mit neuen Werken aus.\u00a0<\/span><\/p><div class=\"page\" title=\"Page 1\"><div class=\"layoutArea\"><div class=\"column\"><p><span style=\"font-size: 12pt;\"><strong>Goethes Faust<\/strong> ist eine unerscho\u0308pfliche Quelle der Inspiration fu\u0308r Yana Rishe. Angeregt durch sein Werk taucht sie in die Rolle von Faust ein und schlie\u00dft einen Teufelspakt mit Mephisto, nur um spa\u0308ter zu erkennen, dass Mephisto auch ein Teil von ihr ist.\u00a0<\/span><\/p><p><span style=\"font-size: 12pt;\">Die Arbeiten der Ku\u0308nstlerin entfu\u0308hren uns in die Reisen von Faust und Mephisto. Fast alle Handlungen spielen sich u\u0308ber, unter oder im Wasser ab. Dabei ist das Element Wasser in den Motiven ein zentrales Symbol fu\u0308r eine andere Dimension oder des Unterbewussten. Jedes der Objekte ist in unterschiedlichen Stilen und Materialien angefertigt worden und bietet ga\u0308nzlich neue Interpretationen bekannter Momente aus Goethes Werk. So wird z.B. der Humunkulus als Vorla\u0308ufer der ku\u0308nstlichen Intelligenz aufgegriffen.\u00a0<\/span><\/p><p><span style=\"font-size: 12pt;\">Mephistos Pakt mit Yana Rishe versetzt sie in Rage. Der Drang nach Neuem, die Unersa\u0308ttlichkeit, haben sie bei ihrem Kunstschaffen angetrieben. Unaufhaltbar ergreift sie den ihr vermachten Ozean unbegrenzter Mo\u0308glichkeiten und All-Verfu\u0308gbarkeit, um neue Welten in jedem ihrer Objekte offenzulegen \u2014 Faust, Mephisto und den endlosen Ozean in sich zu vereinen.\u00a0<\/span><\/p><\/div><\/div><\/div><div class=\"page\" title=\"Page 2\"><div class=\"layoutArea\"><div class=\"column\"><p><span style=\"font-size: 12pt;\">Yana Rishe ist eine\u00a0<strong>Mu\u0308nchner Ku\u0308nstlerin<\/strong>, die in Russland geboren wurde und spa\u0308ter nach Deutschland aus wanderte, wo sie ihre ku\u0308nstlerische Karriere begann. Rishe ist bekannt fu\u0308r ihre expressiven und dynamischen Gema\u0308lde, die meist in kra\u0308ftigen Farben gehalten sind. Sie experimentiert gerne mit verschiedenen Materialien und Techniken, um einzigartige und faszinierende Kunstwerke zu schaffen. Yana Rishe hat bereits an zahlreichen Ausstellungen in Deutschland, Russland und anderen La\u0308ndern teilgenommen und ihre Werke wurden von Kritikern und Kunstliebhabern gleicherma\u00dfen gelobt. Ihre Kunstwerke sind in privaten Sammlungen auf der ganzen Welt zu finden.\u00a0<\/span><\/p><p><span style=\"font-size: 12pt;\">Die Ausstellung l\u00e4uft in der St\u00e4dtischen Galerie Schwabach vom 29. Juni bis 4. August 2024.\u00a0<\/span><\/p><\/div><\/div><\/div><h3><span style=\"font-size: 12pt;\">Infos:<\/span><\/h3><p><span style=\"font-size: 12pt;\">Die Ausstellung findet in der St\u00e4dtischen Galerie, K\u00f6nigsplatz 29a in Schwabach statt, der\u00a0Eintritt ist frei.\u00a0<\/span><\/p><h3 class=\"idgroup_7 group_container\">Ausstellungszeiten<\/h3><p><span style=\"font-size: 12pt;\">Ge\u00f6ffnet ist die Ausstellung in der St\u00e4dtischen Galerie (K\u00f6nigsplatz 29A) zu folgenden Zeiten:<\/span><\/p><table style=\"border-collapse: collapse; width: 100%; height: 144px;\" border=\"1\"><tbody><tr style=\"height: 24px;\"><td style=\"width: 33.3333%; height: 24px;\"><span style=\"font-size: 12pt;\">Tag<\/span><\/td><td style=\"width: 33.3333%; height: 24px;\"><span style=\"font-size: 12pt;\">Von &#8230;<\/span><\/td><td style=\"width: 33.3333%; height: 24px;\"><span style=\"font-size: 12pt;\">&#8230; bis<\/span><\/td><\/tr><tr style=\"height: 24px;\"><td style=\"width: 33.3333%; height: 24px;\">\u00a0<\/td><td style=\"width: 33.3333%; height: 24px;\">\u00a0<\/td><td style=\"width: 33.3333%; height: 24px;\">\u00a0<\/td><\/tr><tr style=\"height: 24px;\"><td style=\"width: 33.3333%; height: 24px;\"><span style=\"font-size: 12pt;\">Donnerstag<\/span><\/td><td style=\"width: 33.3333%; height: 24px;\"><span style=\"font-size: 12pt;\">11.00 Uhr<\/span><\/td><td style=\"width: 33.3333%; height: 24px;\"><span style=\"font-size: 12pt;\">18.00 Uhr<\/span><\/td><\/tr><tr style=\"height: 24px;\"><td style=\"width: 33.3333%; height: 24px;\"><span style=\"font-size: 12pt;\">Freitag<\/span><\/td><td style=\"width: 33.3333%; height: 24px;\"><span style=\"font-size: 12pt;\">11.00 Uhr<\/span><\/td><td style=\"width: 33.3333%; height: 24px;\"><span style=\"font-size: 12pt;\">18.00 Uhr<\/span><\/td><\/tr><tr style=\"height: 24px;\"><td style=\"width: 33.3333%; height: 24px;\"><span style=\"font-size: 12pt;\">Samstag<\/span><\/td><td style=\"width: 33.3333%; height: 24px;\"><span style=\"font-size: 12pt;\">10.00 Uhr<\/span><\/td><td style=\"width: 33.3333%; height: 24px;\"><span style=\"font-size: 12pt;\">13.00 Uhr<\/span><\/td><\/tr><tr style=\"height: 24px;\"><td style=\"width: 33.3333%; height: 24px;\"><span style=\"font-size: 12pt;\">Sonntag<\/span><\/td><td style=\"width: 33.3333%; height: 24px;\"><span style=\"font-size: 12pt;\">13.00 Uhr<\/span><\/td><td style=\"width: 33.3333%; height: 24px;\"><span style=\"font-size: 12pt;\">16.00 Uhr<\/span><\/td><\/tr><\/tbody><\/table><h3>Weiterf\u00fchrende Links:<\/h3><p><span style=\"font-size: 12pt;\"><a href=\"http:\/\/www.kuenstlerbund-schwabach.de\/buga\/index.html\" target=\"_blank\" rel=\"noopener\">Zur Homepage der St\u00e4dtischen Galerie Schwabach geht&#8217;s hier &#8230;<\/a><\/span><\/p>\t\t\t\t\t\t<\/div>\n\t\t\t\t<\/div>\n\t\t\t\t<div class=\"elementor-element elementor-element-795dacc elementor-widget elementor-widget-shortcode\" data-id=\"795dacc\" data-element_type=\"widget\" data-widget_type=\"shortcode.default\">\n\t\t\t\t<div class=\"elementor-widget-container\">\n\t\t\t\t\t<div class=\"elementor-shortcode\"><!-- Beginn https:\/\/www.financeads.net\/-Code --><a href=\"https:\/\/www.financeads.net\/tc.php?t=36648C38513858B\" target=\"_blank\"><center><img decoding=\"async\" src=\"https:\/\/www.financeads.net\/tb.php?t=36648V38513858B&https=1\" alt=\"\" border=\"0\" width=\"468\" height=\"60\"><\/a><!-- Ende https:\/\/www.financeads.net\/-Code --><\/div>\n\t\t\t\t<\/div>\n\t\t\t\t<\/div>\n\t\t\t\t<div class=\"elementor-element elementor-element-0c834d7 elementor-widget-divider--view-line elementor-widget elementor-widget-divider\" data-id=\"0c834d7\" data-element_type=\"widget\" data-widget_type=\"divider.default\">\n\t\t\t\t<div class=\"elementor-widget-container\">\n\t\t\t\t\t<div class=\"elementor-divider\">\n\t\t\t<span class=\"elementor-divider-separator\">\n\t\t\t\t\t\t<\/span>\n\t\t<\/div>\n\t\t\t\t<\/div>\n\t\t\t\t<\/div>\n\t\t\t\t<div class=\"elementor-element elementor-element-325f51f elementor-widget elementor-widget-google_maps\" data-id=\"325f51f\" data-element_type=\"widget\" data-widget_type=\"google_maps.default\">\n\t\t\t\t<div class=\"elementor-widget-container\">\n\t\t\t\t\t<div class=\"elementor-custom-embed\">\n\t\t\t<iframe loading=\"lazy\"\n\t\t\t\t\tsrc=\"https:\/\/maps.google.com\/maps?q=K%C3%B6nigsplatz%2029a%2C%20Schwabach%2C%20Deutschland&#038;t=m&#038;z=17&#038;output=embed&#038;iwloc=near\"\n\t\t\t\t\ttitle=\"K\u00f6nigsplatz 29a, Schwabach, Deutschland\"\n\t\t\t\t\taria-label=\"K\u00f6nigsplatz 29a, Schwabach, Deutschland\"\n\t\t\t><\/iframe>\n\t\t<\/div>\n\t\t\t\t<\/div>\n\t\t\t\t<\/div>\n\t\t\t\t\t<\/div>\n\t\t<\/div>\n\t\t\t\t<div class=\"elementor-column elementor-col-33 elementor-top-column elementor-element elementor-element-f645137\" data-id=\"f645137\" data-element_type=\"column\">\n\t\t\t<div class=\"elementor-widget-wrap elementor-element-populated\">\n\t\t\t\t\t\t<div class=\"elementor-element elementor-element-839bb7a elementor-widget elementor-widget-heading\" data-id=\"839bb7a\" data-element_type=\"widget\" data-widget_type=\"heading.default\">\n\t\t\t\t<div class=\"elementor-widget-container\">\n\t\t\t<h3 class=\"elementor-heading-title elementor-size-default\">Schnell vergleichen und sparen!<\/h3>\t\t<\/div>\n\t\t\t\t<\/div>\n\t\t\t\t<div class=\"elementor-element elementor-element-6036bed elementor-widget elementor-widget-wp-widget-advads_ad_widget\" data-id=\"6036bed\" data-element_type=\"widget\" data-widget_type=\"wp-widget-advads_ad_widget.default\">\n\t\t\t\t<div class=\"elementor-widget-container\">\n\t\t\t<div id=\"regio-3897543005\"><div class=\"regio-adlabel\">Werbung<\/div><!-- Beginn https:\/\/www.financeads.net\/-Code --><a href=\"https:\/\/www.financeads.net\/tc.php?t=36648C236142529B\" target=\"_blank\"><img fetchpriority=\"high\" decoding=\"async\" src=\"https:\/\/www.financeads.net\/tb.php?t=36648V236142529B&https=1\" alt=\"\" border=\"0\" width=\"300\" height=\"250\"><\/a><!-- Ende https:\/\/www.financeads.net\/-Code --><\/div>\t\t<\/div>\n\t\t\t\t<\/div>\n\t\t\t\t<div class=\"elementor-element elementor-element-eec47fd elementor-widget elementor-widget-wp-widget-advads_ad_widget\" data-id=\"eec47fd\" data-element_type=\"widget\" data-widget_type=\"wp-widget-advads_ad_widget.default\">\n\t\t\t\t<div class=\"elementor-widget-container\">\n\t\t\t<div id=\"regio-3261517627\"><div class=\"regio-adlabel\">Werbung<\/div><!-- Beginn https:\/\/www.financeads.net\/-Code --><a href=\"https:\/\/www.financeads.net\/tc.php?t=36648C42614510B\" target=\"_blank\"><img decoding=\"async\" src=\"https:\/\/www.financeads.net\/tb.php?t=36648V42614510B&https=1\" alt=\"\" border=\"0\" width=\"200\" height=\"300\"><\/a><!-- Ende https:\/\/www.financeads.net\/-Code --><\/div>\t\t<\/div>\n\t\t\t\t<\/div>\n\t\t\t\t<div class=\"elementor-element elementor-element-4cede30 elementor-widget elementor-widget-wp-widget-advads_ad_widget\" data-id=\"4cede30\" data-element_type=\"widget\" data-widget_type=\"wp-widget-advads_ad_widget.default\">\n\t\t\t\t<div class=\"elementor-widget-container\">\n\t\t\t<div id=\"regio-222922621\"><div class=\"regio-adlabel\">Werbung<\/div><!-- Beginn https:\/\/www.financeads.net\/-Code --><a href=\"https:\/\/www.financeads.net\/tc.php?t=36648C205040072B\" target=\"_blank\"><img loading=\"lazy\" decoding=\"async\" src=\"https:\/\/www.financeads.net\/tb.php?t=36648V205040072B&https=1\" alt=\"\" border=\"0\" width=\"300\" height=\"250\"><\/a><!-- Ende https:\/\/www.financeads.net\/-Code --><\/div>\t\t<\/div>\n\t\t\t\t<\/div>\n\t\t\t\t<div class=\"elementor-element elementor-element-96a56a4 elementor-widget elementor-widget-wp-widget-advads_ad_widget\" data-id=\"96a56a4\" data-element_type=\"widget\" data-widget_type=\"wp-widget-advads_ad_widget.default\">\n\t\t\t\t<div class=\"elementor-widget-container\">\n\t\t\t<div id=\"regio-3596367623\"><div class=\"regio-adlabel\">Werbung<\/div><!-- Beginn https:\/\/www.financeads.net\/-Code --><a href=\"https:\/\/www.financeads.net\/tc.php?t=36648C271460142B\" target=\"_blank\"><img loading=\"lazy\" decoding=\"async\" src=\"https:\/\/www.financeads.net\/tb.php?t=36648V271460142B&https=1\" alt=\"PETPROTECT_Hund&Katze_Banner\" border=\"0\" width=\"250\" height=\"250\"><\/a><!-- Ende https:\/\/www.financeads.net\/-Code --><\/div>\t\t<\/div>\n\t\t\t\t<\/div>\n\t\t\t\t\t<\/div>\n\t\t<\/div>\n\t\t\t\t\t<\/div>\n\t\t<\/section>\n\t\t\t\t<\/div>\n\t\t","protected":false},"excerpt":{"rendered":"<div class=\"mh-excerpt\"><p>Vom 29. Juni 2024 bis 4. August 2024 in der St\u00e4dtischen Galerie Schwabach:\u00a0Ausstellung \u201eYana Rishe &#8211; Badebetrieb \u201eFaust\u201c (Haustiere erlaubt)\u201c\u00a0 Schwabach &#8211; Yana Rishe, als Tra\u0308gerin des\u00a0Kunstpreis der Stadt Schwabach 2023, stellt traditionsgema\u0308\u00df nach dem <a class=\"mh-excerpt-more\" href=\"https:\/\/www.region-schwabach.de\/wordpress\/ausstellung-des-kunstlerbundes-schwabach-yana-rishe-in-der-stadtischen-galerie-vom-29-juni-2024-bis-4-august-2024\/\" title=\"Ausstellung des K\u00fcnstlerbundes Schwabach \u2013 \u201eYana Rishe\u201c \u2013 in der St\u00e4dtischen Galerie vom 29. Juni 2024 bis 4. August 2024\">[&#8230;]<\/a><\/p>\n<\/div>","protected":false},"author":1,"featured_media":236823,"comment_status":"open","ping_status":"open","sticky":false,"template":"","format":"standard","meta":{"_cbd_carousel_blocks":"[]","footnotes":""},"categories":[16,287,231,140],"tags":[25808,25810,25809,3155,20750,25812,522,4813,25811,25813,19,4045],"class_list":{"0":"post-236822","1":"post","2":"type-post","3":"status-publish","4":"format-standard","5":"has-post-thumbnail","7":"category-aktuell","8":"category-jugend-und-familie","9":"category-veranstaltungsnews","10":"category-vereine","11":"tag-yana-rishe","12":"tag-29-juni-2024-bis-4-august-2024","13":"tag-29-06-2024-bis-04-08-2024","14":"tag-ausstellung","15":"tag-einzelausstellung","16":"tag-goethes-faust","17":"tag-koenigsplatz","18":"tag-kuenstlerbund","19":"tag-kunstpreis","20":"tag-mephisto","21":"tag-schwabach","22":"tag-staedtische-galerie"},"_links":{"self":[{"href":"https:\/\/www.region-schwabach.de\/wordpress\/wp-json\/wp\/v2\/posts\/236822","targetHints":{"allow":["GET"]}}],"collection":[{"href":"https:\/\/www.region-schwabach.de\/wordpress\/wp-json\/wp\/v2\/posts"}],"about":[{"href":"https:\/\/www.region-schwabach.de\/wordpress\/wp-json\/wp\/v2\/types\/post"}],"author":[{"embeddable":true,"href":"https:\/\/www.region-schwabach.de\/wordpress\/wp-json\/wp\/v2\/users\/1"}],"replies":[{"embeddable":true,"href":"https:\/\/www.region-schwabach.de\/wordpress\/wp-json\/wp\/v2\/comments?post=236822"}],"version-history":[{"count":4,"href":"https:\/\/www.region-schwabach.de\/wordpress\/wp-json\/wp\/v2\/posts\/236822\/revisions"}],"predecessor-version":[{"id":236828,"href":"https:\/\/www.region-schwabach.de\/wordpress\/wp-json\/wp\/v2\/posts\/236822\/revisions\/236828"}],"wp:featuredmedia":[{"embeddable":true,"href":"https:\/\/www.region-schwabach.de\/wordpress\/wp-json\/wp\/v2\/media\/236823"}],"wp:attachment":[{"href":"https:\/\/www.region-schwabach.de\/wordpress\/wp-json\/wp\/v2\/media?parent=236822"}],"wp:term":[{"taxonomy":"category","embeddable":true,"href":"https:\/\/www.region-schwabach.de\/wordpress\/wp-json\/wp\/v2\/categories?post=236822"},{"taxonomy":"post_tag","embeddable":true,"href":"https:\/\/www.region-schwabach.de\/wordpress\/wp-json\/wp\/v2\/tags?post=236822"}],"curies":[{"name":"wp","href":"https:\/\/api.w.org\/{rel}","templated":true}]}}