{"id":23745,"date":"2018-01-03T10:42:52","date_gmt":"2018-01-03T09:42:52","guid":{"rendered":"http:\/\/www.region-schwabach.de\/wordpress\/?p=23745"},"modified":"2018-01-03T10:56:50","modified_gmt":"2018-01-03T09:56:50","slug":"pkw-auf-der-staatsstrasse-2224-bei-pleinfeld-von-der-fahrbahn-abgekommen","status":"publish","type":"post","link":"https:\/\/www.region-schwabach.de\/wordpress\/pkw-auf-der-staatsstrasse-2224-bei-pleinfeld-von-der-fahrbahn-abgekommen\/","title":{"rendered":"PKW auf der Staatsstra\u00dfe 2224 bei Pleinfeld von der Fahrbahn abgekommen"},"content":{"rendered":"\t\t<div data-elementor-type=\"wp-post\" data-elementor-id=\"23745\" class=\"elementor elementor-23745 elementor-bc-flex-widget\">\n\t\t\t\t\t\t<section class=\"elementor-section elementor-top-section elementor-element elementor-element-1cuv9jr elementor-section-boxed elementor-section-height-default elementor-section-height-default\" data-id=\"1cuv9jr\" data-element_type=\"section\">\n\t\t\t\t\t\t<div class=\"elementor-container elementor-column-gap-default\">\n\t\t\t\t\t<div class=\"elementor-column elementor-col-66 elementor-top-column elementor-element elementor-element-q5zak7b\" data-id=\"q5zak7b\" data-element_type=\"column\">\n\t\t\t<div class=\"elementor-widget-wrap elementor-element-populated\">\n\t\t\t\t\t\t<div class=\"elementor-element elementor-element-86qws23 elementor-widget elementor-widget-text-editor\" data-id=\"86qws23\" data-element_type=\"widget\" data-widget_type=\"text-editor.default\">\n\t\t\t\t<div class=\"elementor-widget-container\">\n\t\t\t\t\t\t\t<h3><strong>41-j\u00e4hriger PKW-Fahrer kommt von Fahrbahn ab<\/strong><\/h3><p>Pleinfeld &#8211; Am Dienstagnachmittag, den 02.01.2018, war ein 41-j\u00e4hriger Pkw-Fahrer auf der Staatsstra\u00dfe 2224 von der Bundesstra\u00dfe 2 kommend in Richtung Pleinfeld unterwegs, als er kurz vor der ersten Einm\u00fcndung nach Pleinfeld wegen Fahrbahnfeuchtigkeit von der Fahrbahn abkam und im Graben landete.<\/p><h3>Zusammensto\u00df mit LKW<\/h3><p>Die Wucht des Aufpralls schleuderte das Fahrzeug jedoch wieder auf die Stra\u00dfe, wo es mit einem entgegenkommenden Lkw eines 38 J\u00e4hrigen zusammenstie\u00df, der auf der Staatsstra\u00dfe 2224 in Richtung Bundesstra\u00dfe 2 unterwegs war.\u00a0Bei dem Zusammensto\u00df kam auch der LKW von der Fahrbahn ab und wurde gegen mehrere Verkehrsschilder geschleudert.<\/p><h3>45.000 Euro Sachschaden entstanden<\/h3><p>Beide Fahrzeuginsassen wurden bei dem Unfall leicht verletzt., beide Fahrzeuge waren nicht mehr fahrt\u00fcchtig und mussten abgeschleppt werden. An den beteiligten Fahrzeugen und den in Mitleidenschaft gezogenen Verkehrszeichen entstand ein Gesamtschaden in H\u00f6he von insgesamt ca. 45.000 Euro.<\/p>\t\t\t\t\t\t<\/div>\n\t\t\t\t<\/div>\n\t\t\t\t<div class=\"elementor-element elementor-element-1l7zbzo elementor-widget elementor-widget-google_maps\" data-id=\"1l7zbzo\" data-element_type=\"widget\" data-widget_type=\"google_maps.default\">\n\t\t\t\t<div class=\"elementor-widget-container\">\n\t\t\t\t\t<div class=\"elementor-custom-embed\">\n\t\t\t<iframe loading=\"lazy\"\n\t\t\t\t\tsrc=\"https:\/\/maps.google.com\/maps?q=49.149936%2C%2011.009099&#038;t=m&#038;z=15&#038;output=embed&#038;iwloc=near\"\n\t\t\t\t\ttitle=\"49.149936, 11.009099\"\n\t\t\t\t\taria-label=\"49.149936, 11.009099\"\n\t\t\t><\/iframe>\n\t\t<\/div>\n\t\t\t\t<\/div>\n\t\t\t\t<\/div>\n\t\t\t\t\t<\/div>\n\t\t<\/div>\n\t\t\t\t<div class=\"elementor-column elementor-col-33 elementor-top-column elementor-element elementor-element-0w0urt1\" data-id=\"0w0urt1\" data-element_type=\"column\">\n\t\t\t<div class=\"elementor-widget-wrap elementor-element-populated\">\n\t\t\t\t\t\t<div class=\"elementor-element elementor-element-mo6nk5i elementor-widget elementor-widget-image\" data-id=\"mo6nk5i\" data-element_type=\"widget\" data-widget_type=\"image.default\">\n\t\t\t\t<div class=\"elementor-widget-container\">\n\t\t\t\t\t\t\t\t\t\t\t\t\t\t<a href=\"http:\/\/www.region-schwabach.de\/wordpress\/werben-auf-region-schwabach\/\" target=\"_blank\">\n\t\t\t\t\t\t\t<img fetchpriority=\"high\" decoding=\"async\" width=\"1024\" height=\"1024\" src=\"https:\/\/www.region-schwabach.de\/wordpress\/wp-content\/uploads\/2017\/06\/werbung8-1024x1024.png\" class=\"attachment-large size-large wp-image-2484\" alt=\"\" srcset=\"https:\/\/www.region-schwabach.de\/wordpress\/wp-content\/uploads\/2017\/06\/werbung8-1024x1024.png 1024w, https:\/\/www.region-schwabach.de\/wordpress\/wp-content\/uploads\/2017\/06\/werbung8-150x150.png 150w, https:\/\/www.region-schwabach.de\/wordpress\/wp-content\/uploads\/2017\/06\/werbung8-300x300.png 300w, https:\/\/www.region-schwabach.de\/wordpress\/wp-content\/uploads\/2017\/06\/werbung8-768x768.png 768w, https:\/\/www.region-schwabach.de\/wordpress\/wp-content\/uploads\/2017\/06\/werbung8-600x600.png 600w, https:\/\/www.region-schwabach.de\/wordpress\/wp-content\/uploads\/2017\/06\/werbung8.png 1200w\" sizes=\"(max-width: 1024px) 100vw, 1024px\" \/>\t\t\t\t\t\t\t\t<\/a>\n\t\t\t\t\t\t\t\t\t\t\t\t\t<\/div>\n\t\t\t\t<\/div>\n\t\t\t\t\t<\/div>\n\t\t<\/div>\n\t\t\t\t\t<\/div>\n\t\t<\/section>\n\t\t\t\t<\/div>\n\t\t","protected":false},"excerpt":{"rendered":"<div class=\"mh-excerpt\"><p>41-j\u00e4hriger PKW-Fahrer kommt von Fahrbahn ab Pleinfeld &#8211; Am Dienstagnachmittag, den 02.01.2018, war ein 41-j\u00e4hriger Pkw-Fahrer auf der Staatsstra\u00dfe 2224 von der Bundesstra\u00dfe 2 kommend in Richtung Pleinfeld unterwegs, als er kurz vor der ersten <a class=\"mh-excerpt-more\" href=\"https:\/\/www.region-schwabach.de\/wordpress\/pkw-auf-der-staatsstrasse-2224-bei-pleinfeld-von-der-fahrbahn-abgekommen\/\" title=\"PKW auf der Staatsstra\u00dfe 2224 bei Pleinfeld von der Fahrbahn abgekommen\">[&#8230;]<\/a><\/p>\n<\/div>","protected":false},"author":1,"featured_media":23746,"comment_status":"open","ping_status":"open","sticky":false,"template":"","format":"standard","meta":{"_cbd_carousel_blocks":"[]","footnotes":""},"categories":[15],"tags":[1951,429,2078,2079,261,463,820,401,713,1362,334,2080,249,584],"class_list":{"0":"post-23745","1":"post","2":"type-post","3":"status-publish","4":"format-standard","5":"has-post-thumbnail","7":"category-polizeimeldungen","8":"tag-02-01-2018","9":"tag-b2","10":"tag-fahrbahnfeuchtigkeit","11":"tag-graben","12":"tag-lkw","13":"tag-pkw","14":"tag-pleinfeld","15":"tag-sachschaden","16":"tag-schaden","17":"tag-staatsstrasse-2224","18":"tag-unfall","19":"tag-verkehrsschilder","20":"tag-weissenburg","21":"tag-zusammenstoss"},"_links":{"self":[{"href":"https:\/\/www.region-schwabach.de\/wordpress\/wp-json\/wp\/v2\/posts\/23745","targetHints":{"allow":["GET"]}}],"collection":[{"href":"https:\/\/www.region-schwabach.de\/wordpress\/wp-json\/wp\/v2\/posts"}],"about":[{"href":"https:\/\/www.region-schwabach.de\/wordpress\/wp-json\/wp\/v2\/types\/post"}],"author":[{"embeddable":true,"href":"https:\/\/www.region-schwabach.de\/wordpress\/wp-json\/wp\/v2\/users\/1"}],"replies":[{"embeddable":true,"href":"https:\/\/www.region-schwabach.de\/wordpress\/wp-json\/wp\/v2\/comments?post=23745"}],"version-history":[{"count":0,"href":"https:\/\/www.region-schwabach.de\/wordpress\/wp-json\/wp\/v2\/posts\/23745\/revisions"}],"wp:featuredmedia":[{"embeddable":true,"href":"https:\/\/www.region-schwabach.de\/wordpress\/wp-json\/wp\/v2\/media\/23746"}],"wp:attachment":[{"href":"https:\/\/www.region-schwabach.de\/wordpress\/wp-json\/wp\/v2\/media?parent=23745"}],"wp:term":[{"taxonomy":"category","embeddable":true,"href":"https:\/\/www.region-schwabach.de\/wordpress\/wp-json\/wp\/v2\/categories?post=23745"},{"taxonomy":"post_tag","embeddable":true,"href":"https:\/\/www.region-schwabach.de\/wordpress\/wp-json\/wp\/v2\/tags?post=23745"}],"curies":[{"name":"wp","href":"https:\/\/api.w.org\/{rel}","templated":true}]}}