{"id":237608,"date":"2024-07-25T01:45:00","date_gmt":"2024-07-24T23:45:00","guid":{"rendered":"https:\/\/www.region-schwabach.de\/wordpress\/?p=237608"},"modified":"2024-07-25T00:59:43","modified_gmt":"2024-07-24T22:59:43","slug":"flotenkonzert-im-burgerhaus-am-donnerstag-den-25-juli-2024","status":"publish","type":"post","link":"https:\/\/www.region-schwabach.de\/wordpress\/flotenkonzert-im-burgerhaus-am-donnerstag-den-25-juli-2024\/","title":{"rendered":"Fl\u00f6tenkonzert im B\u00fcrgerhaus am Donnerstag, den 25. Juli 2024"},"content":{"rendered":"\t\t<div data-elementor-type=\"wp-post\" data-elementor-id=\"237608\" class=\"elementor elementor-237608\">\n\t\t\t\t\t\t<section class=\"elementor-section elementor-top-section elementor-element elementor-element-678181b elementor-section-boxed elementor-section-height-default elementor-section-height-default\" data-id=\"678181b\" data-element_type=\"section\">\n\t\t\t\t\t\t<div class=\"elementor-container elementor-column-gap-default\">\n\t\t\t\t\t<div class=\"elementor-column elementor-col-50 elementor-top-column elementor-element elementor-element-6b34026\" data-id=\"6b34026\" data-element_type=\"column\">\n\t\t\t<div class=\"elementor-widget-wrap elementor-element-populated\">\n\t\t\t\t\t\t<div class=\"elementor-element elementor-element-e3fa2ca elementor-widget elementor-widget-wp-widget-advads_ad_widget\" data-id=\"e3fa2ca\" data-element_type=\"widget\" data-widget_type=\"wp-widget-advads_ad_widget.default\">\n\t\t\t\t<div class=\"elementor-widget-container\">\n\t\t\t<div id=\"regio-2542699609\"><div class=\"regio-adlabel\">Werbung<\/div><center><a href=\"https:\/\/a.partner-versicherung.de\/click.php?partner_id=19992&ad_id=1578&deep=kreditkarten\"  target=\"_blank\"><img decoding=\"async\" src=\"https:\/\/a.partner-versicherung.de\/view.php?partner_id=19992&ad_id=1578\" ><\/a><\/center><\/div>\t\t<\/div>\n\t\t\t\t<\/div>\n\t\t\t\t<div class=\"elementor-element elementor-element-443ab98 elementor-widget elementor-widget-text-editor\" data-id=\"443ab98\" data-element_type=\"widget\" data-widget_type=\"text-editor.default\">\n\t\t\t\t<div class=\"elementor-widget-container\">\n\t\t\t\t\t\t\t<h3>Donnerstag, den 25. Juli 2024, um 18.30 Uhr:\u00a0<br \/>Fl\u00f6tenkonzert im B\u00fcrgerhaus am K\u00f6nigsplatz 33a in Schwabach\u00a0<\/h3><p><span style=\"font-size: 12pt;\">Schwabach &#8211;\u00a0Am Donnerstag, den 25. Juli 2024, um 18:30 Uhr geben zwei der fortgeschrittensten Fl\u00f6tensch\u00fclerinnen der Adolph von Henselt-Musikschule, Lena Dietrich und Daria Leube, ein gemeinsames Konzert im B\u00fcrgerhaus. Die Sch\u00fclerinnen lernten sich im Schulorchester des WEG kennen und spielen seitdem regelm\u00e4\u00dfig zusammen, sowohl in verschiedenen Musikensembles als auch im Duo. Unter anderem haben sie die letzten beiden Jahre beim \u201eMusikalischen Rundgang durch Schwabach\u201c gespielt.\u00a0<\/span><\/p><p><span style=\"font-size: 12pt;\">Lena machte dieses Jahr ihr Abitur am WEG. Sie kam 2022 in die Fl\u00f6tenklasse der Musikschule und beginnt n\u00e4chsten September ihre Ausbildung an der Berufsfachschule f\u00fcr Musik in Sulzbach-Rosenberg. Sie gewann den ersten Preis beim Regionalwettbewerb Jugend Musiziert 2024. Sie ist Mitglied der Jungen F\u00fcrther Streichh\u00f6lzern und der Jungen Staatsphilharmonie N\u00fcrnberg.\u00a0<\/span><\/p><p><span style=\"font-size: 12pt;\">Daria machte 2022 ihr Abitur am WEG und ist seit 2014 eine der aktivsten und engagiertesten Fl\u00f6tensch\u00fclerinnen der Musikschule. Sie ist Mitglied des fortgeschrittenen Fl\u00f6tenquartetts der Musikschule und spielt Fl\u00f6te und singt regelm\u00e4\u00dfig beim Gottesdienst in der St. Sebald-Kirche in Schwabach.\u00a0<\/span><\/p><p><span style=\"font-size: 12pt;\">In diesem Konzert spielen Lena und Daria ein abwechslungsreiches Programm mit Werken von Beethoven, Mozart, Doppler, Kummer und Gershwin sowie zwei \u00dcberraschungsfilmst\u00fccken. Besonders Liebhaber klassischer Musik und Fl\u00f6tenmusik d\u00fcrften an diesem Konzert ihre Freude haben.\u00a0<\/span><\/p><p><span style=\"font-size: 12pt;\">Einlass ab 18 Uhr, der Eintritt ist frei!\u00a0<\/span><\/p><p><span style=\"font-size: 12pt;\">Die Musikschule freuet sich auf Ihr Kommen!\u00a0<\/span><\/p>\t\t\t\t\t\t<\/div>\n\t\t\t\t<\/div>\n\t\t\t\t<div class=\"elementor-element elementor-element-362ac52 elementor-widget elementor-widget-shortcode\" data-id=\"362ac52\" data-element_type=\"widget\" data-widget_type=\"shortcode.default\">\n\t\t\t\t<div class=\"elementor-widget-container\">\n\t\t\t\t\t<div class=\"elementor-shortcode\"><!-- Beginn https:\/\/www.financeads.net\/-Code --><a href=\"https:\/\/www.financeads.net\/tc.php?t=36648C38513858B\" target=\"_blank\"><center><img decoding=\"async\" src=\"https:\/\/www.financeads.net\/tb.php?t=36648V38513858B&https=1\" alt=\"\" border=\"0\" width=\"468\" height=\"60\"><\/a><!-- Ende https:\/\/www.financeads.net\/-Code --><\/div>\n\t\t\t\t<\/div>\n\t\t\t\t<\/div>\n\t\t\t\t<div class=\"elementor-element elementor-element-0c834d7 elementor-widget-divider--view-line elementor-widget elementor-widget-divider\" data-id=\"0c834d7\" data-element_type=\"widget\" data-widget_type=\"divider.default\">\n\t\t\t\t<div class=\"elementor-widget-container\">\n\t\t\t\t\t<div class=\"elementor-divider\">\n\t\t\t<span class=\"elementor-divider-separator\">\n\t\t\t\t\t\t<\/span>\n\t\t<\/div>\n\t\t\t\t<\/div>\n\t\t\t\t<\/div>\n\t\t\t\t<div class=\"elementor-element elementor-element-325f51f elementor-widget elementor-widget-google_maps\" data-id=\"325f51f\" data-element_type=\"widget\" data-widget_type=\"google_maps.default\">\n\t\t\t\t<div class=\"elementor-widget-container\">\n\t\t\t\t\t<div class=\"elementor-custom-embed\">\n\t\t\t<iframe loading=\"lazy\"\n\t\t\t\t\tsrc=\"https:\/\/maps.google.com\/maps?q=K%C3%B6nigsplatz%2033a%2C%20Schwabach%2C%20Deutschland&#038;t=m&#038;z=17&#038;output=embed&#038;iwloc=near\"\n\t\t\t\t\ttitle=\"K\u00f6nigsplatz 33a, Schwabach, Deutschland\"\n\t\t\t\t\taria-label=\"K\u00f6nigsplatz 33a, Schwabach, Deutschland\"\n\t\t\t><\/iframe>\n\t\t<\/div>\n\t\t\t\t<\/div>\n\t\t\t\t<\/div>\n\t\t\t\t\t<\/div>\n\t\t<\/div>\n\t\t\t\t<div class=\"elementor-column elementor-col-50 elementor-top-column elementor-element elementor-element-f3d2d15\" data-id=\"f3d2d15\" data-element_type=\"column\">\n\t\t\t<div class=\"elementor-widget-wrap elementor-element-populated\">\n\t\t\t\t\t\t<div class=\"elementor-element elementor-element-6165363 elementor-widget elementor-widget-heading\" data-id=\"6165363\" data-element_type=\"widget\" data-widget_type=\"heading.default\">\n\t\t\t\t<div class=\"elementor-widget-container\">\n\t\t\t<h3 class=\"elementor-heading-title elementor-size-default\">Schnell vergleichen und sparen!<\/h3>\t\t<\/div>\n\t\t\t\t<\/div>\n\t\t\t\t<div class=\"elementor-element elementor-element-3842e95 elementor-widget elementor-widget-wp-widget-advads_ad_widget\" data-id=\"3842e95\" data-element_type=\"widget\" data-widget_type=\"wp-widget-advads_ad_widget.default\">\n\t\t\t\t<div class=\"elementor-widget-container\">\n\t\t\t<div id=\"regio-2032290658\"><div class=\"regio-adlabel\">Werbung<\/div><!-- Beginn https:\/\/www.financeads.net\/-Code --><a href=\"https:\/\/www.financeads.net\/tc.php?t=36648C236142529B\" target=\"_blank\"><img fetchpriority=\"high\" decoding=\"async\" src=\"https:\/\/www.financeads.net\/tb.php?t=36648V236142529B&https=1\" alt=\"\" border=\"0\" width=\"300\" height=\"250\"><\/a><!-- Ende https:\/\/www.financeads.net\/-Code --><\/div>\t\t<\/div>\n\t\t\t\t<\/div>\n\t\t\t\t<div class=\"elementor-element elementor-element-afdf71e elementor-widget elementor-widget-wp-widget-advads_ad_widget\" data-id=\"afdf71e\" data-element_type=\"widget\" data-widget_type=\"wp-widget-advads_ad_widget.default\">\n\t\t\t\t<div class=\"elementor-widget-container\">\n\t\t\t<div id=\"regio-3505584800\"><div class=\"regio-adlabel\">Werbung<\/div><!-- Beginn https:\/\/www.financeads.net\/-Code --><a href=\"https:\/\/www.financeads.net\/tc.php?t=36648C42614510B\" target=\"_blank\"><img decoding=\"async\" src=\"https:\/\/www.financeads.net\/tb.php?t=36648V42614510B&https=1\" alt=\"\" border=\"0\" width=\"200\" height=\"300\"><\/a><!-- Ende https:\/\/www.financeads.net\/-Code --><\/div>\t\t<\/div>\n\t\t\t\t<\/div>\n\t\t\t\t<div class=\"elementor-element elementor-element-faa70d1 elementor-widget elementor-widget-wp-widget-advads_ad_widget\" data-id=\"faa70d1\" data-element_type=\"widget\" data-widget_type=\"wp-widget-advads_ad_widget.default\">\n\t\t\t\t<div class=\"elementor-widget-container\">\n\t\t\t<div id=\"regio-3561884505\"><div class=\"regio-adlabel\">Werbung<\/div><!-- Beginn https:\/\/www.financeads.net\/-Code --><a href=\"https:\/\/www.financeads.net\/tc.php?t=36648C205040072B\" target=\"_blank\"><img loading=\"lazy\" decoding=\"async\" src=\"https:\/\/www.financeads.net\/tb.php?t=36648V205040072B&https=1\" alt=\"\" border=\"0\" width=\"300\" height=\"250\"><\/a><!-- Ende https:\/\/www.financeads.net\/-Code --><\/div>\t\t<\/div>\n\t\t\t\t<\/div>\n\t\t\t\t<div class=\"elementor-element elementor-element-3478f11 elementor-widget elementor-widget-wp-widget-advads_ad_widget\" data-id=\"3478f11\" data-element_type=\"widget\" data-widget_type=\"wp-widget-advads_ad_widget.default\">\n\t\t\t\t<div class=\"elementor-widget-container\">\n\t\t\t<div id=\"regio-4032088076\"><div class=\"regio-adlabel\">Werbung<\/div><!-- Beginn https:\/\/www.financeads.net\/-Code --><a href=\"https:\/\/www.financeads.net\/tc.php?t=36648C271460142B\" target=\"_blank\"><img loading=\"lazy\" decoding=\"async\" src=\"https:\/\/www.financeads.net\/tb.php?t=36648V271460142B&https=1\" alt=\"PETPROTECT_Hund&Katze_Banner\" border=\"0\" width=\"250\" height=\"250\"><\/a><!-- Ende https:\/\/www.financeads.net\/-Code --><\/div>\t\t<\/div>\n\t\t\t\t<\/div>\n\t\t\t\t\t<\/div>\n\t\t<\/div>\n\t\t\t\t\t<\/div>\n\t\t<\/section>\n\t\t\t\t<\/div>\n\t\t","protected":false},"excerpt":{"rendered":"<div class=\"mh-excerpt\"><p>Donnerstag, den 25. Juli 2024, um 18.30 Uhr:\u00a0Fl\u00f6tenkonzert im B\u00fcrgerhaus am K\u00f6nigsplatz 33a in Schwabach\u00a0 Schwabach &#8211;\u00a0Am Donnerstag, den 25. Juli 2024, um 18:30 Uhr geben zwei der fortgeschrittensten Fl\u00f6tensch\u00fclerinnen der Adolph von Henselt-Musikschule, Lena <a class=\"mh-excerpt-more\" href=\"https:\/\/www.region-schwabach.de\/wordpress\/flotenkonzert-im-burgerhaus-am-donnerstag-den-25-juli-2024\/\" title=\"Fl\u00f6tenkonzert im B\u00fcrgerhaus am Donnerstag, den 25. Juli 2024\">[&#8230;]<\/a><\/p>\n<\/div>","protected":false},"author":1,"featured_media":237609,"comment_status":"open","ping_status":"open","sticky":false,"template":"","format":"standard","meta":{"_cbd_carousel_blocks":"[]","footnotes":""},"categories":[16,287,231,140],"tags":[25907,25906,3604,25913,25911,522,25912,1480,19],"class_list":{"0":"post-237608","1":"post","2":"type-post","3":"status-publish","4":"format-standard","5":"has-post-thumbnail","7":"category-aktuell","8":"category-jugend-und-familie","9":"category-veranstaltungsnews","10":"category-vereine","11":"tag-25-juli-2024","12":"tag-25-07-2024","13":"tag-buergerhaus","14":"tag-daria-leube","15":"tag-floetenkonzert","16":"tag-koenigsplatz","17":"tag-lena-dietrich","18":"tag-rathaus","19":"tag-schwabach"},"_links":{"self":[{"href":"https:\/\/www.region-schwabach.de\/wordpress\/wp-json\/wp\/v2\/posts\/237608","targetHints":{"allow":["GET"]}}],"collection":[{"href":"https:\/\/www.region-schwabach.de\/wordpress\/wp-json\/wp\/v2\/posts"}],"about":[{"href":"https:\/\/www.region-schwabach.de\/wordpress\/wp-json\/wp\/v2\/types\/post"}],"author":[{"embeddable":true,"href":"https:\/\/www.region-schwabach.de\/wordpress\/wp-json\/wp\/v2\/users\/1"}],"replies":[{"embeddable":true,"href":"https:\/\/www.region-schwabach.de\/wordpress\/wp-json\/wp\/v2\/comments?post=237608"}],"version-history":[{"count":4,"href":"https:\/\/www.region-schwabach.de\/wordpress\/wp-json\/wp\/v2\/posts\/237608\/revisions"}],"predecessor-version":[{"id":237613,"href":"https:\/\/www.region-schwabach.de\/wordpress\/wp-json\/wp\/v2\/posts\/237608\/revisions\/237613"}],"wp:featuredmedia":[{"embeddable":true,"href":"https:\/\/www.region-schwabach.de\/wordpress\/wp-json\/wp\/v2\/media\/237609"}],"wp:attachment":[{"href":"https:\/\/www.region-schwabach.de\/wordpress\/wp-json\/wp\/v2\/media?parent=237608"}],"wp:term":[{"taxonomy":"category","embeddable":true,"href":"https:\/\/www.region-schwabach.de\/wordpress\/wp-json\/wp\/v2\/categories?post=237608"},{"taxonomy":"post_tag","embeddable":true,"href":"https:\/\/www.region-schwabach.de\/wordpress\/wp-json\/wp\/v2\/tags?post=237608"}],"curies":[{"name":"wp","href":"https:\/\/api.w.org\/{rel}","templated":true}]}}