{"id":24247,"date":"2018-01-08T19:50:51","date_gmt":"2018-01-08T18:50:51","guid":{"rendered":"http:\/\/www.region-schwabach.de\/wordpress\/?p=24247"},"modified":"2018-01-08T19:55:21","modified_gmt":"2018-01-08T18:55:21","slug":"pkw-auf-parkplatz-in-schwabach-angefahren-und-gefluechtet","status":"publish","type":"post","link":"https:\/\/www.region-schwabach.de\/wordpress\/pkw-auf-parkplatz-in-schwabach-angefahren-und-gefluechtet\/","title":{"rendered":"PKW auf Parkplatz in Schwabach angefahren und gefl\u00fcchtet"},"content":{"rendered":"\t\t<div data-elementor-type=\"wp-post\" data-elementor-id=\"24247\" class=\"elementor elementor-24247 elementor-bc-flex-widget\">\n\t\t\t\t\t\t<section class=\"elementor-section elementor-top-section elementor-element elementor-element-1cuv9jr elementor-section-boxed elementor-section-height-default elementor-section-height-default\" data-id=\"1cuv9jr\" data-element_type=\"section\">\n\t\t\t\t\t\t<div class=\"elementor-container elementor-column-gap-default\">\n\t\t\t\t\t<div class=\"elementor-column elementor-col-66 elementor-top-column elementor-element elementor-element-q5zak7b\" data-id=\"q5zak7b\" data-element_type=\"column\">\n\t\t\t<div class=\"elementor-widget-wrap elementor-element-populated\">\n\t\t\t\t\t\t<div class=\"elementor-element elementor-element-86qws23 elementor-widget elementor-widget-text-editor\" data-id=\"86qws23\" data-element_type=\"widget\" data-widget_type=\"text-editor.default\">\n\t\t\t\t<div class=\"elementor-widget-container\">\n\t\t\t\t\t\t\t<h3>PKW angefahren und gefl\u00fcchtet<\/h3><p>Schwabach &#8211; Am Samstagabend, den 06.01.2018, beobachtete eine 44-j\u00e4hrige Frau aus Schwabach gegen 17.00 Uhr auf dem Postparkplatz an der Stadtparkstra\u00dfe in Schwabach, wie eine zun\u00e4chst unbekannte PKW-Fahrerin beim Ausparken einen zweiten Pkw anfuhr, und sich danach unerlaubt vom Unfallort entfernte.<\/p><h3>Zeugin notiert sich Kennzeichen der beteiligten Fahrzeuge<\/h3><p>Die aufmerksame Zeugin notierte sich jedoch gl\u00fccklicherweise die Kennzeichen der beiden involvierten Fahrzeuge, so dass es f\u00fcr die Schwabacher Polizei ein Leichtes war, die Beteiligten ausfindig zu machen.<\/p><h3>Unfallverursacherin will Unfall nicht bemerkt haben<\/h3><p>Die 52-j\u00e4hrige Verursacherin des Unfalls gab auch zu mit ihrem Fahrzeug am Unfallort gewesen zu sein, behauptete jedoch nichts von dem von ihr verursachten Unfall bemerkt zu haben. Nichts desto trotz wurden von der Schwabacher Polizei Ermittlungen wegen eines Vergehens des unerlaubten Entfernens vom Unfallort in die Wege geleitet.<\/p>\t\t\t\t\t\t<\/div>\n\t\t\t\t<\/div>\n\t\t\t\t<div class=\"elementor-element elementor-element-1l7zbzo elementor-widget elementor-widget-google_maps\" data-id=\"1l7zbzo\" data-element_type=\"widget\" data-widget_type=\"google_maps.default\">\n\t\t\t\t<div class=\"elementor-widget-container\">\n\t\t\t\t\t<div class=\"elementor-custom-embed\">\n\t\t\t<iframe loading=\"lazy\"\n\t\t\t\t\tsrc=\"https:\/\/maps.google.com\/maps?q=49.328674%2C%2011.024557&#038;t=m&#038;z=17&#038;output=embed&#038;iwloc=near\"\n\t\t\t\t\ttitle=\"49.328674, 11.024557\"\n\t\t\t\t\taria-label=\"49.328674, 11.024557\"\n\t\t\t><\/iframe>\n\t\t<\/div>\n\t\t\t\t<\/div>\n\t\t\t\t<\/div>\n\t\t\t\t\t<\/div>\n\t\t<\/div>\n\t\t\t\t<div class=\"elementor-column elementor-col-33 elementor-top-column elementor-element elementor-element-0w0urt1\" data-id=\"0w0urt1\" data-element_type=\"column\">\n\t\t\t<div class=\"elementor-widget-wrap elementor-element-populated\">\n\t\t\t\t\t\t<div class=\"elementor-element elementor-element-mo6nk5i elementor-widget elementor-widget-image\" data-id=\"mo6nk5i\" data-element_type=\"widget\" data-widget_type=\"image.default\">\n\t\t\t\t<div class=\"elementor-widget-container\">\n\t\t\t\t\t\t\t\t\t\t\t\t\t\t<a href=\"http:\/\/www.region-schwabach.de\/wordpress\/werben-auf-region-schwabach\/\" target=\"_blank\">\n\t\t\t\t\t\t\t<img fetchpriority=\"high\" decoding=\"async\" width=\"1024\" height=\"1024\" src=\"https:\/\/www.region-schwabach.de\/wordpress\/wp-content\/uploads\/2017\/06\/werbung8-1024x1024.png\" class=\"attachment-large size-large wp-image-2484\" alt=\"\" srcset=\"https:\/\/www.region-schwabach.de\/wordpress\/wp-content\/uploads\/2017\/06\/werbung8-1024x1024.png 1024w, https:\/\/www.region-schwabach.de\/wordpress\/wp-content\/uploads\/2017\/06\/werbung8-150x150.png 150w, https:\/\/www.region-schwabach.de\/wordpress\/wp-content\/uploads\/2017\/06\/werbung8-300x300.png 300w, https:\/\/www.region-schwabach.de\/wordpress\/wp-content\/uploads\/2017\/06\/werbung8-768x768.png 768w, https:\/\/www.region-schwabach.de\/wordpress\/wp-content\/uploads\/2017\/06\/werbung8-600x600.png 600w, https:\/\/www.region-schwabach.de\/wordpress\/wp-content\/uploads\/2017\/06\/werbung8.png 1200w\" sizes=\"(max-width: 1024px) 100vw, 1024px\" \/>\t\t\t\t\t\t\t\t<\/a>\n\t\t\t\t\t\t\t\t\t\t\t\t\t<\/div>\n\t\t\t\t<\/div>\n\t\t\t\t\t<\/div>\n\t\t<\/div>\n\t\t\t\t\t<\/div>\n\t\t<\/section>\n\t\t\t\t<\/div>\n\t\t","protected":false},"excerpt":{"rendered":"<div class=\"mh-excerpt\"><p>PKW angefahren und gefl\u00fcchtet Schwabach &#8211; Am Samstagabend, den 06.01.2018, beobachtete eine 44-j\u00e4hrige Frau aus Schwabach gegen 17.00 Uhr auf dem Postparkplatz an der Stadtparkstra\u00dfe in Schwabach, wie eine zun\u00e4chst unbekannte PKW-Fahrerin beim Ausparken einen <a class=\"mh-excerpt-more\" href=\"https:\/\/www.region-schwabach.de\/wordpress\/pkw-auf-parkplatz-in-schwabach-angefahren-und-gefluechtet\/\" title=\"PKW auf Parkplatz in Schwabach angefahren und gefl\u00fcchtet\">[&#8230;]<\/a><\/p>\n<\/div>","protected":false},"author":1,"featured_media":24248,"comment_status":"open","ping_status":"open","sticky":false,"template":"","format":"standard","meta":{"_cbd_carousel_blocks":"[]","footnotes":""},"categories":[15],"tags":[1952,465,1122,2137,454,2135,401,713,19,2136,457],"class_list":{"0":"post-24247","1":"post","2":"type-post","3":"status-publish","4":"format-standard","5":"has-post-thumbnail","7":"category-polizeimeldungen","8":"tag-06-01-2018","9":"tag-ausparken","10":"tag-beschaedigung","11":"tag-ermittlungen-eingeleitet","12":"tag-fahrerflucht","13":"tag-postparkplatz","14":"tag-sachschaden","15":"tag-schaden","16":"tag-schwabach","17":"tag-stadtparkstrasse","18":"tag-unfallflucht"},"_links":{"self":[{"href":"https:\/\/www.region-schwabach.de\/wordpress\/wp-json\/wp\/v2\/posts\/24247","targetHints":{"allow":["GET"]}}],"collection":[{"href":"https:\/\/www.region-schwabach.de\/wordpress\/wp-json\/wp\/v2\/posts"}],"about":[{"href":"https:\/\/www.region-schwabach.de\/wordpress\/wp-json\/wp\/v2\/types\/post"}],"author":[{"embeddable":true,"href":"https:\/\/www.region-schwabach.de\/wordpress\/wp-json\/wp\/v2\/users\/1"}],"replies":[{"embeddable":true,"href":"https:\/\/www.region-schwabach.de\/wordpress\/wp-json\/wp\/v2\/comments?post=24247"}],"version-history":[{"count":0,"href":"https:\/\/www.region-schwabach.de\/wordpress\/wp-json\/wp\/v2\/posts\/24247\/revisions"}],"wp:featuredmedia":[{"embeddable":true,"href":"https:\/\/www.region-schwabach.de\/wordpress\/wp-json\/wp\/v2\/media\/24248"}],"wp:attachment":[{"href":"https:\/\/www.region-schwabach.de\/wordpress\/wp-json\/wp\/v2\/media?parent=24247"}],"wp:term":[{"taxonomy":"category","embeddable":true,"href":"https:\/\/www.region-schwabach.de\/wordpress\/wp-json\/wp\/v2\/categories?post=24247"},{"taxonomy":"post_tag","embeddable":true,"href":"https:\/\/www.region-schwabach.de\/wordpress\/wp-json\/wp\/v2\/tags?post=24247"}],"curies":[{"name":"wp","href":"https:\/\/api.w.org\/{rel}","templated":true}]}}