{"id":24394,"date":"2018-01-10T11:46:31","date_gmt":"2018-01-10T10:46:31","guid":{"rendered":"http:\/\/www.region-schwabach.de\/wordpress\/?p=24394"},"modified":"2018-01-10T11:58:58","modified_gmt":"2018-01-10T10:58:58","slug":"zeugen-fuer-raetselhaften-vorfall-in-thalmaessing-gesucht","status":"publish","type":"post","link":"https:\/\/www.region-schwabach.de\/wordpress\/zeugen-fuer-raetselhaften-vorfall-in-thalmaessing-gesucht\/","title":{"rendered":"Zeugen f\u00fcr r\u00e4tselhaften Vorfall in Thalm\u00e4ssing gesucht"},"content":{"rendered":"\t\t<div data-elementor-type=\"wp-post\" data-elementor-id=\"24394\" class=\"elementor elementor-24394 elementor-bc-flex-widget\">\n\t\t\t\t\t\t<section class=\"elementor-section elementor-top-section elementor-element elementor-element-1cuv9jr elementor-section-boxed elementor-section-height-default elementor-section-height-default\" data-id=\"1cuv9jr\" data-element_type=\"section\">\n\t\t\t\t\t\t<div class=\"elementor-container elementor-column-gap-default\">\n\t\t\t\t\t<div class=\"elementor-column elementor-col-66 elementor-top-column elementor-element elementor-element-q5zak7b\" data-id=\"q5zak7b\" data-element_type=\"column\">\n\t\t\t<div class=\"elementor-widget-wrap elementor-element-populated\">\n\t\t\t\t\t\t<div class=\"elementor-element elementor-element-86qws23 elementor-widget elementor-widget-text-editor\" data-id=\"86qws23\" data-element_type=\"widget\" data-widget_type=\"text-editor.default\">\n\t\t\t\t<div class=\"elementor-widget-container\">\n\t\t\t\t\t\t\t<h3>R\u00e4tselhafter Vorfall in Thalm\u00e4ssing<\/h3><p>Thalm\u00e4ssing &#8211; Am Dienstagnachmittag, den 09.01.2018, kam es auf dem Parkplatz des REWE-Marktes in der N\u00fcrnberger Stra\u00dfe in Thalm\u00e4ssing kurz vor 17.00 Uhr zu einem merkw\u00fcrdigen Vorfall, welcher der Polizei noch R\u00e4tsel aufgibt.<\/p><p>Ein 76-j\u00e4hriger Mann war zu Fu\u00df auf dem Parkplatz unterwegs, als er pl\u00f6tzlich einen leichten Ansto\u00df an der linken H\u00fcfte bemerkte und daraufhin zu Boden st\u00fcrzte, wobei er sich leicht an den H\u00e4nden, am rechten Oberschenkel und am Kopf verletzte.<\/p><p>Der Rentner konnte leider keine Angaben dazu machen, wie es zu dem Ansto\u00df kam, lediglich unbeteiligte Passanten hatten ihm wohl von einem Fahrzeug als Verursacher berichtet.<\/p><h3>Polizei bittet um Mithilfe<\/h3><p>Personen, die verd\u00e4chtige Beobachtungen gemacht haben, werden gebeten, diese der Polizei in Hilpoltstein unter der Rufnummer 09174 -4789-0 mitzuteilen.<\/p>\t\t\t\t\t\t<\/div>\n\t\t\t\t<\/div>\n\t\t\t\t<div class=\"elementor-element elementor-element-1l7zbzo elementor-widget elementor-widget-google_maps\" data-id=\"1l7zbzo\" data-element_type=\"widget\" data-widget_type=\"google_maps.default\">\n\t\t\t\t<div class=\"elementor-widget-container\">\n\t\t\t\t\t<div class=\"elementor-custom-embed\">\n\t\t\t<iframe loading=\"lazy\"\n\t\t\t\t\tsrc=\"https:\/\/maps.google.com\/maps?q=N%C3%BCrnberger%20Stra%C3%9Fe%2C%20Thalm%C3%A4ssing%2C%20Deutschland&#038;t=m&#038;z=15&#038;output=embed&#038;iwloc=near\"\n\t\t\t\t\ttitle=\"N\u00fcrnberger Stra\u00dfe, Thalm\u00e4ssing, Deutschland\"\n\t\t\t\t\taria-label=\"N\u00fcrnberger Stra\u00dfe, Thalm\u00e4ssing, Deutschland\"\n\t\t\t><\/iframe>\n\t\t<\/div>\n\t\t\t\t<\/div>\n\t\t\t\t<\/div>\n\t\t\t\t\t<\/div>\n\t\t<\/div>\n\t\t\t\t<div class=\"elementor-column elementor-col-33 elementor-top-column elementor-element elementor-element-0w0urt1\" data-id=\"0w0urt1\" data-element_type=\"column\">\n\t\t\t<div class=\"elementor-widget-wrap elementor-element-populated\">\n\t\t\t\t\t\t<div class=\"elementor-element elementor-element-mo6nk5i elementor-widget elementor-widget-image\" data-id=\"mo6nk5i\" data-element_type=\"widget\" data-widget_type=\"image.default\">\n\t\t\t\t<div class=\"elementor-widget-container\">\n\t\t\t\t\t\t\t\t\t\t\t\t\t\t<a href=\"http:\/\/www.region-schwabach.de\/wordpress\/werben-auf-region-schwabach\/\" target=\"_blank\">\n\t\t\t\t\t\t\t<img fetchpriority=\"high\" decoding=\"async\" width=\"1024\" height=\"1024\" src=\"https:\/\/www.region-schwabach.de\/wordpress\/wp-content\/uploads\/2017\/06\/werbung8-1024x1024.png\" class=\"attachment-large size-large wp-image-2484\" alt=\"\" srcset=\"https:\/\/www.region-schwabach.de\/wordpress\/wp-content\/uploads\/2017\/06\/werbung8-1024x1024.png 1024w, https:\/\/www.region-schwabach.de\/wordpress\/wp-content\/uploads\/2017\/06\/werbung8-150x150.png 150w, https:\/\/www.region-schwabach.de\/wordpress\/wp-content\/uploads\/2017\/06\/werbung8-300x300.png 300w, https:\/\/www.region-schwabach.de\/wordpress\/wp-content\/uploads\/2017\/06\/werbung8-768x768.png 768w, https:\/\/www.region-schwabach.de\/wordpress\/wp-content\/uploads\/2017\/06\/werbung8-600x600.png 600w, https:\/\/www.region-schwabach.de\/wordpress\/wp-content\/uploads\/2017\/06\/werbung8.png 1200w\" sizes=\"(max-width: 1024px) 100vw, 1024px\" \/>\t\t\t\t\t\t\t\t<\/a>\n\t\t\t\t\t\t\t\t\t\t\t\t\t<\/div>\n\t\t\t\t<\/div>\n\t\t\t\t\t<\/div>\n\t\t<\/div>\n\t\t\t\t\t<\/div>\n\t\t<\/section>\n\t\t\t\t<\/div>\n\t\t","protected":false},"excerpt":{"rendered":"<div class=\"mh-excerpt\"><p>R\u00e4tselhafter Vorfall in Thalm\u00e4ssing Thalm\u00e4ssing &#8211; Am Dienstagnachmittag, den 09.01.2018, kam es auf dem Parkplatz des REWE-Marktes in der N\u00fcrnberger Stra\u00dfe in Thalm\u00e4ssing kurz vor 17.00 Uhr zu einem merkw\u00fcrdigen Vorfall, welcher der Polizei noch <a class=\"mh-excerpt-more\" href=\"https:\/\/www.region-schwabach.de\/wordpress\/zeugen-fuer-raetselhaften-vorfall-in-thalmaessing-gesucht\/\" title=\"Zeugen f\u00fcr r\u00e4tselhaften Vorfall in Thalm\u00e4ssing gesucht\">[&#8230;]<\/a><\/p>\n<\/div>","protected":false},"author":1,"featured_media":24395,"comment_status":"open","ping_status":"open","sticky":false,"template":"","format":"standard","meta":{"_cbd_carousel_blocks":"[]","footnotes":""},"categories":[15],"tags":[1955,297,464,2160,2161,2159,1355,648],"class_list":{"0":"post-24394","1":"post","2":"type-post","3":"status-publish","4":"format-standard","5":"has-post-thumbnail","7":"category-polizeimeldungen","8":"tag-09-01-2018","9":"tag-hilpoltstein","10":"tag-nuernberger-strasse","11":"tag-raetsel","12":"tag-rentner","13":"tag-rewe-parkplatz","14":"tag-thalmaessing","15":"tag-verletzter"},"_links":{"self":[{"href":"https:\/\/www.region-schwabach.de\/wordpress\/wp-json\/wp\/v2\/posts\/24394","targetHints":{"allow":["GET"]}}],"collection":[{"href":"https:\/\/www.region-schwabach.de\/wordpress\/wp-json\/wp\/v2\/posts"}],"about":[{"href":"https:\/\/www.region-schwabach.de\/wordpress\/wp-json\/wp\/v2\/types\/post"}],"author":[{"embeddable":true,"href":"https:\/\/www.region-schwabach.de\/wordpress\/wp-json\/wp\/v2\/users\/1"}],"replies":[{"embeddable":true,"href":"https:\/\/www.region-schwabach.de\/wordpress\/wp-json\/wp\/v2\/comments?post=24394"}],"version-history":[{"count":0,"href":"https:\/\/www.region-schwabach.de\/wordpress\/wp-json\/wp\/v2\/posts\/24394\/revisions"}],"wp:featuredmedia":[{"embeddable":true,"href":"https:\/\/www.region-schwabach.de\/wordpress\/wp-json\/wp\/v2\/media\/24395"}],"wp:attachment":[{"href":"https:\/\/www.region-schwabach.de\/wordpress\/wp-json\/wp\/v2\/media?parent=24394"}],"wp:term":[{"taxonomy":"category","embeddable":true,"href":"https:\/\/www.region-schwabach.de\/wordpress\/wp-json\/wp\/v2\/categories?post=24394"},{"taxonomy":"post_tag","embeddable":true,"href":"https:\/\/www.region-schwabach.de\/wordpress\/wp-json\/wp\/v2\/tags?post=24394"}],"curies":[{"name":"wp","href":"https:\/\/api.w.org\/{rel}","templated":true}]}}