{"id":24409,"date":"2018-01-10T12:28:17","date_gmt":"2018-01-10T11:28:17","guid":{"rendered":"http:\/\/www.region-schwabach.de\/wordpress\/?p=24409"},"modified":"2018-01-10T12:42:49","modified_gmt":"2018-01-10T11:42:49","slug":"verkehrsunfall-nach-missachtung-der-vorfahrt-in-weissenburg","status":"publish","type":"post","link":"https:\/\/www.region-schwabach.de\/wordpress\/verkehrsunfall-nach-missachtung-der-vorfahrt-in-weissenburg\/","title":{"rendered":"Verkehrsunfall nach Missachtung der Vorfahrt in Wei\u00dfenburg"},"content":{"rendered":"\t\t<div data-elementor-type=\"wp-post\" data-elementor-id=\"24409\" class=\"elementor elementor-24409 elementor-bc-flex-widget\">\n\t\t\t\t\t\t<section class=\"elementor-section elementor-top-section elementor-element elementor-element-1cuv9jr elementor-section-boxed elementor-section-height-default elementor-section-height-default\" data-id=\"1cuv9jr\" data-element_type=\"section\">\n\t\t\t\t\t\t<div class=\"elementor-container elementor-column-gap-default\">\n\t\t\t\t\t<div class=\"elementor-column elementor-col-66 elementor-top-column elementor-element elementor-element-q5zak7b\" data-id=\"q5zak7b\" data-element_type=\"column\">\n\t\t\t<div class=\"elementor-widget-wrap elementor-element-populated\">\n\t\t\t\t\t\t<div class=\"elementor-element elementor-element-86qws23 elementor-widget elementor-widget-text-editor\" data-id=\"86qws23\" data-element_type=\"widget\" data-widget_type=\"text-editor.default\">\n\t\t\t\t<div class=\"elementor-widget-container\">\n\t\t\t\t\t\t\t<h3>Zusammensto\u00df in Wei\u00dfenburg<\/h3><p>Pleinfeld &#8211;\u00a0Am Dienstagabend, den 09.01.2018, kam es zu einem Verkehrsunfall in Pleinfeld, als eine 49-j\u00e4hrige Autofahrerin von der Reichertsm\u00fchle kommend die Kreuzung mit der Kreisstra\u00dfe WUG 18 \u00fcberqueren wollte, und dabei den von rechts herannahenden und vorfahrtsberechtigten Pkw eines 35-j\u00e4hrigen aus Spalt \u00fcbersah.<\/p><h3>Heftige Kollision<\/h3><p>Dieser krachte ihr im Anschluss frontal in die rechte Seite, und kam nach dem\u00a0 durchaus heftigen Zusammenstoss nach rechts von der Fahrbahn ab, und fuhr dort gegen das Br\u00fcckengel\u00e4nder und ein Verkehrszeichen.<\/p><h3>Unfallverursacherin schwer verletzt<\/h3><p>Die Unfallverursacherin aus Pleinfeld erlitt bei dem unfall schwerere Verletzungen, und musste mit dem Krankenwagen ins Krankenhaus gebracht werden, w\u00e4hrend der Fahrer des anderen Pkw mit leichteren Blessuren davonkam. Beide Fahrzeuge wurden erheblich ibesch\u00e4digt, und waren nicht mehr fahrbereit, insgesamt d\u00fcrfte der Sachschaden ca. 20.000 Euro betragen.<\/p><p>\u00a0<\/p>\t\t\t\t\t\t<\/div>\n\t\t\t\t<\/div>\n\t\t\t\t<div class=\"elementor-element elementor-element-1l7zbzo elementor-widget elementor-widget-google_maps\" data-id=\"1l7zbzo\" data-element_type=\"widget\" data-widget_type=\"google_maps.default\">\n\t\t\t\t<div class=\"elementor-widget-container\">\n\t\t\t\t\t<div class=\"elementor-custom-embed\">\n\t\t\t<iframe loading=\"lazy\"\n\t\t\t\t\tsrc=\"https:\/\/maps.google.com\/maps?q=Pleinfeld%2C%20Deutschland&#038;t=m&#038;z=15&#038;output=embed&#038;iwloc=near\"\n\t\t\t\t\ttitle=\"Pleinfeld, Deutschland\"\n\t\t\t\t\taria-label=\"Pleinfeld, Deutschland\"\n\t\t\t><\/iframe>\n\t\t<\/div>\n\t\t\t\t<\/div>\n\t\t\t\t<\/div>\n\t\t\t\t\t<\/div>\n\t\t<\/div>\n\t\t\t\t<div class=\"elementor-column elementor-col-33 elementor-top-column elementor-element elementor-element-0w0urt1\" data-id=\"0w0urt1\" data-element_type=\"column\">\n\t\t\t<div class=\"elementor-widget-wrap elementor-element-populated\">\n\t\t\t\t\t\t<div class=\"elementor-element elementor-element-mo6nk5i elementor-widget elementor-widget-image\" data-id=\"mo6nk5i\" data-element_type=\"widget\" data-widget_type=\"image.default\">\n\t\t\t\t<div class=\"elementor-widget-container\">\n\t\t\t\t\t\t\t\t\t\t\t\t\t\t<a href=\"http:\/\/www.region-schwabach.de\/wordpress\/werben-auf-region-schwabach\/\" target=\"_blank\">\n\t\t\t\t\t\t\t<img fetchpriority=\"high\" decoding=\"async\" width=\"1024\" height=\"1024\" src=\"https:\/\/www.region-schwabach.de\/wordpress\/wp-content\/uploads\/2017\/06\/werbung8-1024x1024.png\" class=\"attachment-large size-large wp-image-2484\" alt=\"\" srcset=\"https:\/\/www.region-schwabach.de\/wordpress\/wp-content\/uploads\/2017\/06\/werbung8-1024x1024.png 1024w, https:\/\/www.region-schwabach.de\/wordpress\/wp-content\/uploads\/2017\/06\/werbung8-150x150.png 150w, https:\/\/www.region-schwabach.de\/wordpress\/wp-content\/uploads\/2017\/06\/werbung8-300x300.png 300w, https:\/\/www.region-schwabach.de\/wordpress\/wp-content\/uploads\/2017\/06\/werbung8-768x768.png 768w, https:\/\/www.region-schwabach.de\/wordpress\/wp-content\/uploads\/2017\/06\/werbung8-600x600.png 600w, https:\/\/www.region-schwabach.de\/wordpress\/wp-content\/uploads\/2017\/06\/werbung8.png 1200w\" sizes=\"(max-width: 1024px) 100vw, 1024px\" \/>\t\t\t\t\t\t\t\t<\/a>\n\t\t\t\t\t\t\t\t\t\t\t\t\t<\/div>\n\t\t\t\t<\/div>\n\t\t\t\t\t<\/div>\n\t\t<\/div>\n\t\t\t\t\t<\/div>\n\t\t<\/section>\n\t\t\t\t<\/div>\n\t\t","protected":false},"excerpt":{"rendered":"<div class=\"mh-excerpt\"><p>Zusammensto\u00df in Wei\u00dfenburg Pleinfeld &#8211;\u00a0Am Dienstagabend, den 09.01.2018, kam es zu einem Verkehrsunfall in Pleinfeld, als eine 49-j\u00e4hrige Autofahrerin von der Reichertsm\u00fchle kommend die Kreuzung mit der Kreisstra\u00dfe WUG 18 \u00fcberqueren wollte, und dabei den <a class=\"mh-excerpt-more\" href=\"https:\/\/www.region-schwabach.de\/wordpress\/verkehrsunfall-nach-missachtung-der-vorfahrt-in-weissenburg\/\" title=\"Verkehrsunfall nach Missachtung der Vorfahrt in Wei\u00dfenburg\">[&#8230;]<\/a><\/p>\n<\/div>","protected":false},"author":1,"featured_media":24410,"comment_status":"open","ping_status":"open","sticky":false,"template":"","format":"standard","meta":{"_cbd_carousel_blocks":"[]","footnotes":""},"categories":[15],"tags":[1955,2165,2164,1438,463,820,1857,401,713,334,1448,249,584],"class_list":{"0":"post-24409","1":"post","2":"type-post","3":"status-publish","4":"format-standard","5":"has-post-thumbnail","7":"category-polizeimeldungen","8":"tag-09-01-2018","9":"tag-brueckengelaender","10":"tag-kreisstrasse-wug-18","11":"tag-kreuzung","12":"tag-pkw","13":"tag-pleinfeld","14":"tag-reichertsmuehle","15":"tag-sachschaden","16":"tag-schaden","17":"tag-unfall","18":"tag-verkehrszeichen","19":"tag-weissenburg","20":"tag-zusammenstoss"},"_links":{"self":[{"href":"https:\/\/www.region-schwabach.de\/wordpress\/wp-json\/wp\/v2\/posts\/24409","targetHints":{"allow":["GET"]}}],"collection":[{"href":"https:\/\/www.region-schwabach.de\/wordpress\/wp-json\/wp\/v2\/posts"}],"about":[{"href":"https:\/\/www.region-schwabach.de\/wordpress\/wp-json\/wp\/v2\/types\/post"}],"author":[{"embeddable":true,"href":"https:\/\/www.region-schwabach.de\/wordpress\/wp-json\/wp\/v2\/users\/1"}],"replies":[{"embeddable":true,"href":"https:\/\/www.region-schwabach.de\/wordpress\/wp-json\/wp\/v2\/comments?post=24409"}],"version-history":[{"count":0,"href":"https:\/\/www.region-schwabach.de\/wordpress\/wp-json\/wp\/v2\/posts\/24409\/revisions"}],"wp:featuredmedia":[{"embeddable":true,"href":"https:\/\/www.region-schwabach.de\/wordpress\/wp-json\/wp\/v2\/media\/24410"}],"wp:attachment":[{"href":"https:\/\/www.region-schwabach.de\/wordpress\/wp-json\/wp\/v2\/media?parent=24409"}],"wp:term":[{"taxonomy":"category","embeddable":true,"href":"https:\/\/www.region-schwabach.de\/wordpress\/wp-json\/wp\/v2\/categories?post=24409"},{"taxonomy":"post_tag","embeddable":true,"href":"https:\/\/www.region-schwabach.de\/wordpress\/wp-json\/wp\/v2\/tags?post=24409"}],"curies":[{"name":"wp","href":"https:\/\/api.w.org\/{rel}","templated":true}]}}