{"id":24428,"date":"2018-01-10T21:03:09","date_gmt":"2018-01-10T20:03:09","guid":{"rendered":"http:\/\/www.region-schwabach.de\/wordpress\/?p=24428"},"modified":"2018-01-10T21:16:46","modified_gmt":"2018-01-10T20:16:46","slug":"brennende-waschmaschine-loest-alarm-in-schwabacher-schule-aus","status":"publish","type":"post","link":"https:\/\/www.region-schwabach.de\/wordpress\/brennende-waschmaschine-loest-alarm-in-schwabacher-schule-aus\/","title":{"rendered":"Brennende Waschmaschine l\u00f6st Alarm in Schwabacher Schule aus"},"content":{"rendered":"\t\t<div data-elementor-type=\"wp-post\" data-elementor-id=\"24428\" class=\"elementor elementor-24428 elementor-bc-flex-widget\">\n\t\t\t\t\t\t<section class=\"elementor-section elementor-top-section elementor-element elementor-element-1cuv9jr elementor-section-boxed elementor-section-height-default elementor-section-height-default\" data-id=\"1cuv9jr\" data-element_type=\"section\">\n\t\t\t\t\t\t<div class=\"elementor-container elementor-column-gap-default\">\n\t\t\t\t\t<div class=\"elementor-column elementor-col-66 elementor-top-column elementor-element elementor-element-q5zak7b\" data-id=\"q5zak7b\" data-element_type=\"column\">\n\t\t\t<div class=\"elementor-widget-wrap elementor-element-populated\">\n\t\t\t\t\t\t<div class=\"elementor-element elementor-element-86qws23 elementor-widget elementor-widget-text-editor\" data-id=\"86qws23\" data-element_type=\"widget\" data-widget_type=\"text-editor.default\">\n\t\t\t\t<div class=\"elementor-widget-container\">\n\t\t\t\t\t\t\t<h3>Feuer in Schwabacher Schule<\/h3><p>Schwabach &#8211; Am Dienstag, den 09.01.2018, l\u00f6ste eine brennende Waschmaschine &#8211; vermutlich war ein technischer Defekt f\u00fcr das Feuer verantwortlich &#8211; in der Christian-Maar-Schule in Schwabach einen Gro\u00dfeinsatz der Schwabacher Feuerwehr aus.<\/p><h3>Waschmaschine ins Freie gebracht<\/h3><p>Nachdem die Waschmaschine gel\u00f6scht worden war,\u00a0brachten die Feuerwehrleute diese aus dem Keller ins Freie. Danach wurde die Schule noch gr\u00fcndlich gel\u00fcftet, sodass einem regul\u00e4ren Schulbetrieb am heutigen Mittwoch nichts mehr im Wege stand.<\/p><h3>Keine Kinder mehr im Schulhaus<\/h3><p>Gl\u00fccklicherweise befanden sich zum Zeitpunkt als das Feuer ausbrach keine Kinder mehr in der Schule, so dass auch niemand verletzt wurde.<\/p>\t\t\t\t\t\t<\/div>\n\t\t\t\t<\/div>\n\t\t\t\t<div class=\"elementor-element elementor-element-1l7zbzo elementor-widget elementor-widget-google_maps\" data-id=\"1l7zbzo\" data-element_type=\"widget\" data-widget_type=\"google_maps.default\">\n\t\t\t\t<div class=\"elementor-widget-container\">\n\t\t\t\t\t<div class=\"elementor-custom-embed\">\n\t\t\t<iframe loading=\"lazy\"\n\t\t\t\t\tsrc=\"https:\/\/maps.google.com\/maps?q=Galgengartenstra%C3%9Fe%203%20%2CSchwabach%2C%20Deutschland&#038;t=m&#038;z=17&#038;output=embed&#038;iwloc=near\"\n\t\t\t\t\ttitle=\"Galgengartenstra\u00dfe 3 ,Schwabach, Deutschland\"\n\t\t\t\t\taria-label=\"Galgengartenstra\u00dfe 3 ,Schwabach, Deutschland\"\n\t\t\t><\/iframe>\n\t\t<\/div>\n\t\t\t\t<\/div>\n\t\t\t\t<\/div>\n\t\t\t\t\t<\/div>\n\t\t<\/div>\n\t\t\t\t<div class=\"elementor-column elementor-col-33 elementor-top-column elementor-element elementor-element-0w0urt1\" data-id=\"0w0urt1\" data-element_type=\"column\">\n\t\t\t<div class=\"elementor-widget-wrap elementor-element-populated\">\n\t\t\t\t\t\t<div class=\"elementor-element elementor-element-mo6nk5i elementor-widget elementor-widget-image\" data-id=\"mo6nk5i\" data-element_type=\"widget\" data-widget_type=\"image.default\">\n\t\t\t\t<div class=\"elementor-widget-container\">\n\t\t\t\t\t\t\t\t\t\t\t\t\t\t<a href=\"http:\/\/www.region-schwabach.de\/wordpress\/werben-auf-region-schwabach\/\" target=\"_blank\">\n\t\t\t\t\t\t\t<img fetchpriority=\"high\" decoding=\"async\" width=\"1024\" height=\"1024\" src=\"https:\/\/www.region-schwabach.de\/wordpress\/wp-content\/uploads\/2017\/06\/werbung8-1024x1024.png\" class=\"attachment-large size-large wp-image-2484\" alt=\"\" srcset=\"https:\/\/www.region-schwabach.de\/wordpress\/wp-content\/uploads\/2017\/06\/werbung8-1024x1024.png 1024w, https:\/\/www.region-schwabach.de\/wordpress\/wp-content\/uploads\/2017\/06\/werbung8-150x150.png 150w, https:\/\/www.region-schwabach.de\/wordpress\/wp-content\/uploads\/2017\/06\/werbung8-300x300.png 300w, https:\/\/www.region-schwabach.de\/wordpress\/wp-content\/uploads\/2017\/06\/werbung8-768x768.png 768w, https:\/\/www.region-schwabach.de\/wordpress\/wp-content\/uploads\/2017\/06\/werbung8-600x600.png 600w, https:\/\/www.region-schwabach.de\/wordpress\/wp-content\/uploads\/2017\/06\/werbung8.png 1200w\" sizes=\"(max-width: 1024px) 100vw, 1024px\" \/>\t\t\t\t\t\t\t\t<\/a>\n\t\t\t\t\t\t\t\t\t\t\t\t\t<\/div>\n\t\t\t\t<\/div>\n\t\t\t\t\t<\/div>\n\t\t<\/div>\n\t\t\t\t\t<\/div>\n\t\t<\/section>\n\t\t\t\t<\/div>\n\t\t","protected":false},"excerpt":{"rendered":"<div class=\"mh-excerpt\"><p>Feuer in Schwabacher Schule Schwabach &#8211; Am Dienstag, den 09.01.2018, l\u00f6ste eine brennende Waschmaschine &#8211; vermutlich war ein technischer Defekt f\u00fcr das Feuer verantwortlich &#8211; in der Christian-Maar-Schule in Schwabach einen Gro\u00dfeinsatz der Schwabacher Feuerwehr <a class=\"mh-excerpt-more\" href=\"https:\/\/www.region-schwabach.de\/wordpress\/brennende-waschmaschine-loest-alarm-in-schwabacher-schule-aus\/\" title=\"Brennende Waschmaschine l\u00f6st Alarm in Schwabacher Schule aus\">[&#8230;]<\/a><\/p>\n<\/div>","protected":false},"author":1,"featured_media":24429,"comment_status":"open","ping_status":"open","sticky":false,"template":"","format":"standard","meta":{"_cbd_carousel_blocks":"[]","footnotes":""},"categories":[15],"tags":[1955,293,2172,543,1631,401,713,1095,2171],"class_list":{"0":"post-24428","1":"post","2":"type-post","3":"status-publish","4":"format-standard","5":"has-post-thumbnail","7":"category-polizeimeldungen","8":"tag-09-01-2018","9":"tag-brand","10":"tag-christian-maar-schule","11":"tag-feuer","12":"tag-keller","13":"tag-sachschaden","14":"tag-schaden","15":"tag-schule","16":"tag-waschmaschine"},"_links":{"self":[{"href":"https:\/\/www.region-schwabach.de\/wordpress\/wp-json\/wp\/v2\/posts\/24428","targetHints":{"allow":["GET"]}}],"collection":[{"href":"https:\/\/www.region-schwabach.de\/wordpress\/wp-json\/wp\/v2\/posts"}],"about":[{"href":"https:\/\/www.region-schwabach.de\/wordpress\/wp-json\/wp\/v2\/types\/post"}],"author":[{"embeddable":true,"href":"https:\/\/www.region-schwabach.de\/wordpress\/wp-json\/wp\/v2\/users\/1"}],"replies":[{"embeddable":true,"href":"https:\/\/www.region-schwabach.de\/wordpress\/wp-json\/wp\/v2\/comments?post=24428"}],"version-history":[{"count":0,"href":"https:\/\/www.region-schwabach.de\/wordpress\/wp-json\/wp\/v2\/posts\/24428\/revisions"}],"wp:featuredmedia":[{"embeddable":true,"href":"https:\/\/www.region-schwabach.de\/wordpress\/wp-json\/wp\/v2\/media\/24429"}],"wp:attachment":[{"href":"https:\/\/www.region-schwabach.de\/wordpress\/wp-json\/wp\/v2\/media?parent=24428"}],"wp:term":[{"taxonomy":"category","embeddable":true,"href":"https:\/\/www.region-schwabach.de\/wordpress\/wp-json\/wp\/v2\/categories?post=24428"},{"taxonomy":"post_tag","embeddable":true,"href":"https:\/\/www.region-schwabach.de\/wordpress\/wp-json\/wp\/v2\/tags?post=24428"}],"curies":[{"name":"wp","href":"https:\/\/api.w.org\/{rel}","templated":true}]}}