{"id":25003,"date":"2018-01-16T11:46:10","date_gmt":"2018-01-16T10:46:10","guid":{"rendered":"http:\/\/www.region-schwabach.de\/wordpress\/?p=25003"},"modified":"2018-01-16T12:06:39","modified_gmt":"2018-01-16T11:06:39","slug":"viel-arbeit-fuer-die-polizeiinspektion-in-roth-zum-wochenbeginn","status":"publish","type":"post","link":"https:\/\/www.region-schwabach.de\/wordpress\/viel-arbeit-fuer-die-polizeiinspektion-in-roth-zum-wochenbeginn\/","title":{"rendered":"Viel Arbeit f\u00fcr die Polizeiinspektion in Roth zum Wochenbeginn"},"content":{"rendered":"\t\t<div data-elementor-type=\"wp-post\" data-elementor-id=\"25003\" class=\"elementor elementor-25003 elementor-bc-flex-widget\">\n\t\t\t\t\t\t<section class=\"elementor-section elementor-top-section elementor-element elementor-element-1cuv9jr elementor-section-boxed elementor-section-height-default elementor-section-height-default\" data-id=\"1cuv9jr\" data-element_type=\"section\">\n\t\t\t\t\t\t<div class=\"elementor-container elementor-column-gap-default\">\n\t\t\t\t\t<div class=\"elementor-column elementor-col-66 elementor-top-column elementor-element elementor-element-q5zak7b\" data-id=\"q5zak7b\" data-element_type=\"column\">\n\t\t\t<div class=\"elementor-widget-wrap elementor-element-populated\">\n\t\t\t\t\t\t<div class=\"elementor-element elementor-element-86qws23 elementor-widget elementor-widget-text-editor\" data-id=\"86qws23\" data-element_type=\"widget\" data-widget_type=\"text-editor.default\">\n\t\t\t\t<div class=\"elementor-widget-container\">\n\t\t\t\t\t\t\t<h3>Fahrrad in Rednitzhembach entwendet<\/h3><p>Rednitzhembach &#8211; Am Freitagnachmittag, den 12.01.2018, wurde ein abgesperrtes schwarzes Mountainbike der Marke \u201eCube\u201c im Wert von ca. 300 Euro an der Bahnhaltestelle in Rednitzhembach gestohlen.<\/p><h3>Glasscheibe an Bushaltestelle in B\u00fcchenbach besch\u00e4digt<\/h3><p>B\u00fcchenbach &#8211; Von Samstag, den 13.01.2018, auf Sonntag, den 14.01.2018, wurde an der Bushaltestelle in der N\u00e4he der B\u00fcchenbacher Grundschule eine Glasscheibe mutwillig stark besch\u00e4digt, und so ein Schaden in H\u00f6he von ca. 900 Euro verursacht.<\/p><h3>Au\u00dfenspiegel von LKW in Georgensgm\u00fcnd abmontiert<\/h3><p>Georgensgm\u00fcnd &#8211; Im Laufe des vergangenen Wochenendes (Samstag, den 13.01.2018 \/ Sonntag, den 14.01.2018) wurde an einem in der Bahnhofstra\u00dfe in Georgensgm\u00fcnd an einem Lkw der Marke Mercedes ein Au\u00dfenspiegel auf der Beifahrerseite im Wert von ca. 300 Euro abmontiert und entwendet. <u><\/u><\/p><h3>Fahrerflucht ach Unfall in Roth<\/h3><p>Roth &#8211; In der Nacht von Freitag, den 12.01.2018, auf Samstag, den 13.01.2018, hat ein bislher unbekannter Fahrer einen Metallpfosten am Stadtpark nahe des Wohnstifts angefahren, und dabei so stark touchiert, dass dieser aus seiner Verankerung gerissen und die um die Verankerung liegenden Pflastersteine angehoben wurden.<\/p><p>Im Anschluss daran entfernte sich der Fahrzeugf\u00fchrer unerlaubt vom Unfallort, ohne sich um den entstandenen Schaden in H\u00f6he von ca. 1.000 Euro zu k\u00fcmmern.<\/p><h3>Polizei bittet um Mithilfe<\/h3><p>Personen, die verd\u00e4chtige Beobachtungen gemacht haben, werden gebeten, diese der Polizei in Roth unter der Rufnummer 09171-9744-0 mitzuteilen.<\/p>\t\t\t\t\t\t<\/div>\n\t\t\t\t<\/div>\n\t\t\t\t<div class=\"elementor-element elementor-element-id240nb elementor-widget elementor-widget-google_maps\" data-id=\"id240nb\" data-element_type=\"widget\" data-widget_type=\"google_maps.default\">\n\t\t\t\t<div class=\"elementor-widget-container\">\n\t\t\t\t\t<div class=\"elementor-custom-embed\">\n\t\t\t<iframe loading=\"lazy\"\n\t\t\t\t\tsrc=\"https:\/\/maps.google.com\/maps?q=Roth%2C%20Deutschland&#038;t=m&#038;z=14&#038;output=embed&#038;iwloc=near\"\n\t\t\t\t\ttitle=\"Roth, Deutschland\"\n\t\t\t\t\taria-label=\"Roth, Deutschland\"\n\t\t\t><\/iframe>\n\t\t<\/div>\n\t\t\t\t<\/div>\n\t\t\t\t<\/div>\n\t\t\t\t\t<\/div>\n\t\t<\/div>\n\t\t\t\t<div class=\"elementor-column elementor-col-33 elementor-top-column elementor-element elementor-element-0w0urt1\" data-id=\"0w0urt1\" data-element_type=\"column\">\n\t\t\t<div class=\"elementor-widget-wrap elementor-element-populated\">\n\t\t\t\t\t\t<div class=\"elementor-element elementor-element-mo6nk5i elementor-widget elementor-widget-image\" data-id=\"mo6nk5i\" data-element_type=\"widget\" data-widget_type=\"image.default\">\n\t\t\t\t<div class=\"elementor-widget-container\">\n\t\t\t\t\t\t\t\t\t\t\t\t\t\t<a href=\"http:\/\/www.region-schwabach.de\/wordpress\/werben-auf-region-schwabach\/\" target=\"_blank\">\n\t\t\t\t\t\t\t<img fetchpriority=\"high\" decoding=\"async\" width=\"1024\" height=\"1024\" src=\"https:\/\/www.region-schwabach.de\/wordpress\/wp-content\/uploads\/2017\/06\/werbung8-1024x1024.png\" class=\"attachment-large size-large wp-image-2484\" alt=\"\" srcset=\"https:\/\/www.region-schwabach.de\/wordpress\/wp-content\/uploads\/2017\/06\/werbung8-1024x1024.png 1024w, https:\/\/www.region-schwabach.de\/wordpress\/wp-content\/uploads\/2017\/06\/werbung8-150x150.png 150w, https:\/\/www.region-schwabach.de\/wordpress\/wp-content\/uploads\/2017\/06\/werbung8-300x300.png 300w, https:\/\/www.region-schwabach.de\/wordpress\/wp-content\/uploads\/2017\/06\/werbung8-768x768.png 768w, https:\/\/www.region-schwabach.de\/wordpress\/wp-content\/uploads\/2017\/06\/werbung8-600x600.png 600w, https:\/\/www.region-schwabach.de\/wordpress\/wp-content\/uploads\/2017\/06\/werbung8.png 1200w\" sizes=\"(max-width: 1024px) 100vw, 1024px\" \/>\t\t\t\t\t\t\t\t<\/a>\n\t\t\t\t\t\t\t\t\t\t\t\t\t<\/div>\n\t\t\t\t<\/div>\n\t\t\t\t\t<\/div>\n\t\t<\/div>\n\t\t\t\t\t<\/div>\n\t\t<\/section>\n\t\t\t\t<\/div>\n\t\t","protected":false},"excerpt":{"rendered":"<div class=\"mh-excerpt\"><p>Fahrrad in Rednitzhembach entwendet Rednitzhembach &#8211; Am Freitagnachmittag, den 12.01.2018, wurde ein abgesperrtes schwarzes Mountainbike der Marke \u201eCube\u201c im Wert von ca. 300 Euro an der Bahnhaltestelle in Rednitzhembach gestohlen. Glasscheibe an Bushaltestelle in B\u00fcchenbach <a class=\"mh-excerpt-more\" href=\"https:\/\/www.region-schwabach.de\/wordpress\/viel-arbeit-fuer-die-polizeiinspektion-in-roth-zum-wochenbeginn\/\" title=\"Viel Arbeit f\u00fcr die Polizeiinspektion in Roth zum Wochenbeginn\">[&#8230;]<\/a><\/p>\n<\/div>","protected":false},"author":1,"featured_media":25004,"comment_status":"open","ping_status":"open","sticky":false,"template":"","format":"standard","meta":{"_cbd_carousel_blocks":"[]","footnotes":""},"categories":[15],"tags":[1958,1959,1960,882,398,492,2126,454,527,1868,652,2239,1219,910,2240,493,32,1086,457,2241],"class_list":{"0":"post-25003","1":"post","2":"type-post","3":"status-publish","4":"format-standard","5":"has-post-thumbnail","7":"category-polizeimeldungen","8":"tag-12-01-2018","9":"tag-13-01-2018","10":"tag-14-01-2018","11":"tag-aussenspiegel","12":"tag-bahnhofstrasse","13":"tag-buechenbach","14":"tag-bushaltestelle","15":"tag-fahrerflucht","16":"tag-georgensgmuend","17":"tag-glasscheibe","18":"tag-grundschule","19":"tag-mercedes-lkw","20":"tag-metallpfosten","21":"tag-mountainbike","22":"tag-pflastersteine","23":"tag-rednitzhembach","24":"tag-roth","25":"tag-stadtpark","26":"tag-unfallflucht","27":"tag-verankerung"},"_links":{"self":[{"href":"https:\/\/www.region-schwabach.de\/wordpress\/wp-json\/wp\/v2\/posts\/25003","targetHints":{"allow":["GET"]}}],"collection":[{"href":"https:\/\/www.region-schwabach.de\/wordpress\/wp-json\/wp\/v2\/posts"}],"about":[{"href":"https:\/\/www.region-schwabach.de\/wordpress\/wp-json\/wp\/v2\/types\/post"}],"author":[{"embeddable":true,"href":"https:\/\/www.region-schwabach.de\/wordpress\/wp-json\/wp\/v2\/users\/1"}],"replies":[{"embeddable":true,"href":"https:\/\/www.region-schwabach.de\/wordpress\/wp-json\/wp\/v2\/comments?post=25003"}],"version-history":[{"count":0,"href":"https:\/\/www.region-schwabach.de\/wordpress\/wp-json\/wp\/v2\/posts\/25003\/revisions"}],"wp:featuredmedia":[{"embeddable":true,"href":"https:\/\/www.region-schwabach.de\/wordpress\/wp-json\/wp\/v2\/media\/25004"}],"wp:attachment":[{"href":"https:\/\/www.region-schwabach.de\/wordpress\/wp-json\/wp\/v2\/media?parent=25003"}],"wp:term":[{"taxonomy":"category","embeddable":true,"href":"https:\/\/www.region-schwabach.de\/wordpress\/wp-json\/wp\/v2\/categories?post=25003"},{"taxonomy":"post_tag","embeddable":true,"href":"https:\/\/www.region-schwabach.de\/wordpress\/wp-json\/wp\/v2\/tags?post=25003"}],"curies":[{"name":"wp","href":"https:\/\/api.w.org\/{rel}","templated":true}]}}