{"id":25198,"date":"2018-01-18T10:52:30","date_gmt":"2018-01-18T09:52:30","guid":{"rendered":"http:\/\/www.region-schwabach.de\/wordpress\/?p=25198"},"modified":"2018-01-18T10:59:20","modified_gmt":"2018-01-18T09:59:20","slug":"glaetteunfall-auf-der-ortsverbindung-zwischen-weissenburg-haardt-und-der-b13","status":"publish","type":"post","link":"https:\/\/www.region-schwabach.de\/wordpress\/glaetteunfall-auf-der-ortsverbindung-zwischen-weissenburg-haardt-und-der-b13\/","title":{"rendered":"Gl\u00e4tteunfall auf der Ortsverbindung zwischen Wei\u00dfenburg-Haardt und der B13"},"content":{"rendered":"\t\t<div data-elementor-type=\"wp-post\" data-elementor-id=\"25198\" class=\"elementor elementor-25198 elementor-bc-flex-widget\">\n\t\t\t\t\t\t<section class=\"elementor-section elementor-top-section elementor-element elementor-element-1cuv9jr elementor-section-boxed elementor-section-height-default elementor-section-height-default\" data-id=\"1cuv9jr\" data-element_type=\"section\">\n\t\t\t\t\t\t<div class=\"elementor-container elementor-column-gap-default\">\n\t\t\t\t\t<div class=\"elementor-column elementor-col-66 elementor-top-column elementor-element elementor-element-q5zak7b\" data-id=\"q5zak7b\" data-element_type=\"column\">\n\t\t\t<div class=\"elementor-widget-wrap elementor-element-populated\">\n\t\t\t\t\t\t<div class=\"elementor-element elementor-element-86qws23 elementor-widget elementor-widget-text-editor\" data-id=\"86qws23\" data-element_type=\"widget\" data-widget_type=\"text-editor.default\">\n\t\t\t\t<div class=\"elementor-widget-container\">\n\t\t\t\t\t\t\t<h3><strong>Fu\u00dfg\u00e4nger \u00fcbersehen<\/strong><\/h3><p>Wei\u00dfenburg &#8211; Am Mittwochmorgen, den 17.01.2018 geriet ein 25 J\u00e4hriger aus Wei\u00dfenburg mit seinem Kleintransporter auf der Verbindungsstra\u00dfe zwischen der Ortsverbindung von Wei\u00dfenburg-Haardt und der B13 &#8211; wegen der vorherrschenden Schneegl\u00e4tte &#8211; von der Fahrbahn ab, und kam &#8211; nachdem er eine junge Eiche \u201egef\u00e4llt\u201c hatte &#8211; erst im angrenzenden Wald zum Stehen.<\/p><h3>Gl\u00fccklicherweise nur Sachschaden entstanden<\/h3><p>Der Fahrer des Kleintransporters blieb unverletzt, sein Fahrzeug wurde jedoch so stark besch\u00e4digt, dass es nicht mehr fahrbereit war, und abgeschleppt werden musste.<\/p>\t\t\t\t\t\t<\/div>\n\t\t\t\t<\/div>\n\t\t\t\t<div class=\"elementor-element elementor-element-id240nb elementor-widget elementor-widget-google_maps\" data-id=\"id240nb\" data-element_type=\"widget\" data-widget_type=\"google_maps.default\">\n\t\t\t\t<div class=\"elementor-widget-container\">\n\t\t\t\t\t<div class=\"elementor-custom-embed\">\n\t\t\t<iframe loading=\"lazy\"\n\t\t\t\t\tsrc=\"https:\/\/maps.google.com\/maps?q=Haardt%2C%20Wei%C3%9Fenburg%2C%20Deutschland&#038;t=m&#038;z=15&#038;output=embed&#038;iwloc=near\"\n\t\t\t\t\ttitle=\"Haardt, Wei\u00dfenburg, Deutschland\"\n\t\t\t\t\taria-label=\"Haardt, Wei\u00dfenburg, Deutschland\"\n\t\t\t><\/iframe>\n\t\t<\/div>\n\t\t\t\t<\/div>\n\t\t\t\t<\/div>\n\t\t\t\t\t<\/div>\n\t\t<\/div>\n\t\t\t\t<div class=\"elementor-column elementor-col-33 elementor-top-column elementor-element elementor-element-0w0urt1\" data-id=\"0w0urt1\" data-element_type=\"column\">\n\t\t\t<div class=\"elementor-widget-wrap elementor-element-populated\">\n\t\t\t\t\t\t<div class=\"elementor-element elementor-element-mo6nk5i elementor-widget elementor-widget-image\" data-id=\"mo6nk5i\" data-element_type=\"widget\" data-widget_type=\"image.default\">\n\t\t\t\t<div class=\"elementor-widget-container\">\n\t\t\t\t\t\t\t\t\t\t\t\t\t\t<a href=\"http:\/\/www.region-schwabach.de\/wordpress\/werben-auf-region-schwabach\/\" target=\"_blank\">\n\t\t\t\t\t\t\t<img fetchpriority=\"high\" decoding=\"async\" width=\"1024\" height=\"1024\" src=\"https:\/\/www.region-schwabach.de\/wordpress\/wp-content\/uploads\/2017\/06\/werbung8-1024x1024.png\" class=\"attachment-large size-large wp-image-2484\" alt=\"\" srcset=\"https:\/\/www.region-schwabach.de\/wordpress\/wp-content\/uploads\/2017\/06\/werbung8-1024x1024.png 1024w, https:\/\/www.region-schwabach.de\/wordpress\/wp-content\/uploads\/2017\/06\/werbung8-150x150.png 150w, https:\/\/www.region-schwabach.de\/wordpress\/wp-content\/uploads\/2017\/06\/werbung8-300x300.png 300w, https:\/\/www.region-schwabach.de\/wordpress\/wp-content\/uploads\/2017\/06\/werbung8-768x768.png 768w, https:\/\/www.region-schwabach.de\/wordpress\/wp-content\/uploads\/2017\/06\/werbung8-600x600.png 600w, https:\/\/www.region-schwabach.de\/wordpress\/wp-content\/uploads\/2017\/06\/werbung8.png 1200w\" sizes=\"(max-width: 1024px) 100vw, 1024px\" \/>\t\t\t\t\t\t\t\t<\/a>\n\t\t\t\t\t\t\t\t\t\t\t\t\t<\/div>\n\t\t\t\t<\/div>\n\t\t\t\t\t<\/div>\n\t\t<\/div>\n\t\t\t\t\t<\/div>\n\t\t<\/section>\n\t\t\t\t<\/div>\n\t\t","protected":false},"excerpt":{"rendered":"<div class=\"mh-excerpt\"><p>Fu\u00dfg\u00e4nger \u00fcbersehen Wei\u00dfenburg &#8211; Am Mittwochmorgen, den 17.01.2018 geriet ein 25 J\u00e4hriger aus Wei\u00dfenburg mit seinem Kleintransporter auf der Verbindungsstra\u00dfe zwischen der Ortsverbindung von Wei\u00dfenburg-Haardt und der B13 &#8211; wegen der vorherrschenden Schneegl\u00e4tte &#8211; von <a class=\"mh-excerpt-more\" href=\"https:\/\/www.region-schwabach.de\/wordpress\/glaetteunfall-auf-der-ortsverbindung-zwischen-weissenburg-haardt-und-der-b13\/\" title=\"Gl\u00e4tteunfall auf der Ortsverbindung zwischen Wei\u00dfenburg-Haardt und der B13\">[&#8230;]<\/a><\/p>\n<\/div>","protected":false},"author":1,"featured_media":25199,"comment_status":"open","ping_status":"open","sticky":false,"template":"","format":"standard","meta":{"_cbd_carousel_blocks":"[]","footnotes":""},"categories":[15],"tags":[1963,1028,2279,549,463,401,713,824,249,2278],"class_list":{"0":"post-25198","1":"post","2":"type-post","3":"status-publish","4":"format-standard","5":"has-post-thumbnail","7":"category-polizeimeldungen","8":"tag-17-01-2018","9":"tag-b13","10":"tag-eiche","11":"tag-kleintransporter","12":"tag-pkw","13":"tag-sachschaden","14":"tag-schaden","15":"tag-wald","16":"tag-weissenburg","17":"tag-weissenburg-haardt"},"_links":{"self":[{"href":"https:\/\/www.region-schwabach.de\/wordpress\/wp-json\/wp\/v2\/posts\/25198","targetHints":{"allow":["GET"]}}],"collection":[{"href":"https:\/\/www.region-schwabach.de\/wordpress\/wp-json\/wp\/v2\/posts"}],"about":[{"href":"https:\/\/www.region-schwabach.de\/wordpress\/wp-json\/wp\/v2\/types\/post"}],"author":[{"embeddable":true,"href":"https:\/\/www.region-schwabach.de\/wordpress\/wp-json\/wp\/v2\/users\/1"}],"replies":[{"embeddable":true,"href":"https:\/\/www.region-schwabach.de\/wordpress\/wp-json\/wp\/v2\/comments?post=25198"}],"version-history":[{"count":0,"href":"https:\/\/www.region-schwabach.de\/wordpress\/wp-json\/wp\/v2\/posts\/25198\/revisions"}],"wp:featuredmedia":[{"embeddable":true,"href":"https:\/\/www.region-schwabach.de\/wordpress\/wp-json\/wp\/v2\/media\/25199"}],"wp:attachment":[{"href":"https:\/\/www.region-schwabach.de\/wordpress\/wp-json\/wp\/v2\/media?parent=25198"}],"wp:term":[{"taxonomy":"category","embeddable":true,"href":"https:\/\/www.region-schwabach.de\/wordpress\/wp-json\/wp\/v2\/categories?post=25198"},{"taxonomy":"post_tag","embeddable":true,"href":"https:\/\/www.region-schwabach.de\/wordpress\/wp-json\/wp\/v2\/tags?post=25198"}],"curies":[{"name":"wp","href":"https:\/\/api.w.org\/{rel}","templated":true}]}}