{"id":25202,"date":"2018-01-18T18:08:33","date_gmt":"2018-01-18T17:08:33","guid":{"rendered":"http:\/\/www.region-schwabach.de\/wordpress\/?p=25202"},"modified":"2018-01-18T18:54:05","modified_gmt":"2018-01-18T17:54:05","slug":"auch-in-roth-sorgt-schneesturm-fuer-zahlreiche-unfaelle","status":"publish","type":"post","link":"https:\/\/www.region-schwabach.de\/wordpress\/auch-in-roth-sorgt-schneesturm-fuer-zahlreiche-unfaelle\/","title":{"rendered":"Auch in Roth sorgt Schneesturm f\u00fcr zahlreiche Unf\u00e4lle"},"content":{"rendered":"\t\t<div data-elementor-type=\"wp-post\" data-elementor-id=\"25202\" class=\"elementor elementor-25202 elementor-bc-flex-widget\">\n\t\t\t\t\t\t<section class=\"elementor-section elementor-top-section elementor-element elementor-element-1cuv9jr elementor-section-boxed elementor-section-height-default elementor-section-height-default\" data-id=\"1cuv9jr\" data-element_type=\"section\">\n\t\t\t\t\t\t<div class=\"elementor-container elementor-column-gap-default\">\n\t\t\t\t\t<div class=\"elementor-column elementor-col-66 elementor-top-column elementor-element elementor-element-q5zak7b\" data-id=\"q5zak7b\" data-element_type=\"column\">\n\t\t\t<div class=\"elementor-widget-wrap elementor-element-populated\">\n\t\t\t\t\t\t<div class=\"elementor-element elementor-element-86qws23 elementor-widget elementor-widget-text-editor\" data-id=\"86qws23\" data-element_type=\"widget\" data-widget_type=\"text-editor.default\">\n\t\t\t\t<div class=\"elementor-widget-container\">\n\t\t\t\t\t\t\t<h3><strong>Schneesturm sorgt auch in Roth f\u00fcr Chaos<\/strong><\/h3><p>Der pl\u00f6tzlich einsetzende Schneesturm am Mittwochvormittag, den 17.01.2018, bescherte auch der Polizeiinspektion Roth zahlreiche Eins\u00e4tze.<\/p><h3>In Gegenverkehr geraten<\/h3><p>B\u00fcchenbach &#8211; Am Mittwochvormittag, den 17.01.2018 kam ein Mercedes-Fahrer in der Unteren Bahnhofstra\u00dfe in B\u00fcchenbach wegen der pl\u00f6tzlich auftretenden winterlichen Stra\u00dfenverh\u00e4ltnisse ins Schleudern und kollidierte so mit einem entgegenkommenden Mazda.<\/p><p>Beide Fahrer blieben dabei gl\u00fccklicherweise unverletzt, an den Fahrzeugen entstand ein Sachschaden von mehr als 9.000 Euro.<\/p><h3>Gegen Mauer geprallt<\/h3><p>Bernlohe &#8211; Mittwochnacht, den 17.01.2018, kam eine junge Frau mit ihrem Mitsubishi Colt in der Bernloher Hauptstra\u00dfe in Bernlohe ins Schleudern und kollidierte anschlie\u00dfend mit der Mauer eines Kuhstalls.<\/p><p>Nach ersten Erkenntnissen blieb die Fahrerin jedoch unverletzt, an ihrem PKW und an der Mauer entstand ein Schaden in H\u00f6he von ca. 3.500 Euro.<\/p><h3>In Acker gerutscht<\/h3><p>Belmbrach &#8211; Ebenfalls ins Schleudern kam eine Frau am Mittwoch, den 17.01.2018, kurz nach dem Ortsausgang von Belmbrach und rutschte dabei in einen angrenzenden Acker.<\/p><p>Die Fahrerin blieb gl\u00fccklicherweise ebenfalls unverletzt, lediglich an einem in Mitleideschaft gezogenen Leitpfosten und dem beteiligten Fahrzeug entstand ein Sachschaden in H\u00f6he von mehreren hundert Euro.<\/p>\t\t\t\t\t\t<\/div>\n\t\t\t\t<\/div>\n\t\t\t\t<div class=\"elementor-element elementor-element-id240nb elementor-widget elementor-widget-google_maps\" data-id=\"id240nb\" data-element_type=\"widget\" data-widget_type=\"google_maps.default\">\n\t\t\t\t<div class=\"elementor-widget-container\">\n\t\t\t\t\t<div class=\"elementor-custom-embed\">\n\t\t\t<iframe loading=\"lazy\"\n\t\t\t\t\tsrc=\"https:\/\/maps.google.com\/maps?q=Roth%2C%20Deutschland&#038;t=m&#038;z=12&#038;output=embed&#038;iwloc=near\"\n\t\t\t\t\ttitle=\"Roth, Deutschland\"\n\t\t\t\t\taria-label=\"Roth, Deutschland\"\n\t\t\t><\/iframe>\n\t\t<\/div>\n\t\t\t\t<\/div>\n\t\t\t\t<\/div>\n\t\t\t\t\t<\/div>\n\t\t<\/div>\n\t\t\t\t<div class=\"elementor-column elementor-col-33 elementor-top-column elementor-element elementor-element-0w0urt1\" data-id=\"0w0urt1\" data-element_type=\"column\">\n\t\t\t<div class=\"elementor-widget-wrap elementor-element-populated\">\n\t\t\t\t\t\t<div class=\"elementor-element elementor-element-mo6nk5i elementor-widget elementor-widget-image\" data-id=\"mo6nk5i\" data-element_type=\"widget\" data-widget_type=\"image.default\">\n\t\t\t\t<div class=\"elementor-widget-container\">\n\t\t\t\t\t\t\t\t\t\t\t\t\t\t<a href=\"http:\/\/www.region-schwabach.de\/wordpress\/werben-auf-region-schwabach\/\" target=\"_blank\">\n\t\t\t\t\t\t\t<img fetchpriority=\"high\" decoding=\"async\" width=\"1024\" height=\"1024\" src=\"https:\/\/www.region-schwabach.de\/wordpress\/wp-content\/uploads\/2017\/06\/werbung8-1024x1024.png\" class=\"attachment-large size-large wp-image-2484\" alt=\"\" srcset=\"https:\/\/www.region-schwabach.de\/wordpress\/wp-content\/uploads\/2017\/06\/werbung8-1024x1024.png 1024w, https:\/\/www.region-schwabach.de\/wordpress\/wp-content\/uploads\/2017\/06\/werbung8-150x150.png 150w, https:\/\/www.region-schwabach.de\/wordpress\/wp-content\/uploads\/2017\/06\/werbung8-300x300.png 300w, https:\/\/www.region-schwabach.de\/wordpress\/wp-content\/uploads\/2017\/06\/werbung8-768x768.png 768w, https:\/\/www.region-schwabach.de\/wordpress\/wp-content\/uploads\/2017\/06\/werbung8-600x600.png 600w, https:\/\/www.region-schwabach.de\/wordpress\/wp-content\/uploads\/2017\/06\/werbung8.png 1200w\" sizes=\"(max-width: 1024px) 100vw, 1024px\" \/>\t\t\t\t\t\t\t\t<\/a>\n\t\t\t\t\t\t\t\t\t\t\t\t\t<\/div>\n\t\t\t\t<\/div>\n\t\t\t\t\t<\/div>\n\t\t<\/div>\n\t\t\t\t\t<\/div>\n\t\t<\/section>\n\t\t\t\t<\/div>\n\t\t","protected":false},"excerpt":{"rendered":"<div class=\"mh-excerpt\"><p>Schneesturm sorgt auch in Roth f\u00fcr Chaos Der pl\u00f6tzlich einsetzende Schneesturm am Mittwochvormittag, den 17.01.2018, bescherte auch der Polizeiinspektion Roth zahlreiche Eins\u00e4tze. In Gegenverkehr geraten B\u00fcchenbach &#8211; Am Mittwochvormittag, den 17.01.2018 kam ein Mercedes-Fahrer in <a class=\"mh-excerpt-more\" href=\"https:\/\/www.region-schwabach.de\/wordpress\/auch-in-roth-sorgt-schneesturm-fuer-zahlreiche-unfaelle\/\" title=\"Auch in Roth sorgt Schneesturm f\u00fcr zahlreiche Unf\u00e4lle\">[&#8230;]<\/a><\/p>\n<\/div>","protected":false},"author":1,"featured_media":25204,"comment_status":"open","ping_status":"open","sticky":false,"template":"","format":"standard","meta":{"_cbd_carousel_blocks":"[]","footnotes":""},"categories":[15],"tags":[1963,884,1419,1060,2282,492,1856,874,250,2281,981,32,2262,713,2266,2265,2280,1740,2267],"class_list":{"0":"post-25202","1":"post","2":"type-post","3":"status-publish","4":"format-standard","5":"has-post-thumbnail","7":"category-polizeimeldungen","8":"tag-17-01-2018","9":"tag-acker","10":"tag-belmbrach","11":"tag-bernlohe","12":"tag-bernloher-hauptstrasse","13":"tag-buechenbach","14":"tag-krankenhaus","15":"tag-mauer","16":"tag-mercedes","17":"tag-mitsubishi-colt","18":"tag-polizei","19":"tag-roth","20":"tag-sachaschaden","21":"tag-schaden","22":"tag-schneestrum","23":"tag-unfaelle","24":"tag-untere-bahnhofstrasse","25":"tag-verkehrsunfaelle","26":"tag-zahlreiche-einsaetze"},"_links":{"self":[{"href":"https:\/\/www.region-schwabach.de\/wordpress\/wp-json\/wp\/v2\/posts\/25202","targetHints":{"allow":["GET"]}}],"collection":[{"href":"https:\/\/www.region-schwabach.de\/wordpress\/wp-json\/wp\/v2\/posts"}],"about":[{"href":"https:\/\/www.region-schwabach.de\/wordpress\/wp-json\/wp\/v2\/types\/post"}],"author":[{"embeddable":true,"href":"https:\/\/www.region-schwabach.de\/wordpress\/wp-json\/wp\/v2\/users\/1"}],"replies":[{"embeddable":true,"href":"https:\/\/www.region-schwabach.de\/wordpress\/wp-json\/wp\/v2\/comments?post=25202"}],"version-history":[{"count":0,"href":"https:\/\/www.region-schwabach.de\/wordpress\/wp-json\/wp\/v2\/posts\/25202\/revisions"}],"wp:featuredmedia":[{"embeddable":true,"href":"https:\/\/www.region-schwabach.de\/wordpress\/wp-json\/wp\/v2\/media\/25204"}],"wp:attachment":[{"href":"https:\/\/www.region-schwabach.de\/wordpress\/wp-json\/wp\/v2\/media?parent=25202"}],"wp:term":[{"taxonomy":"category","embeddable":true,"href":"https:\/\/www.region-schwabach.de\/wordpress\/wp-json\/wp\/v2\/categories?post=25202"},{"taxonomy":"post_tag","embeddable":true,"href":"https:\/\/www.region-schwabach.de\/wordpress\/wp-json\/wp\/v2\/tags?post=25202"}],"curies":[{"name":"wp","href":"https:\/\/api.w.org\/{rel}","templated":true}]}}