{"id":25374,"date":"2018-01-21T12:55:02","date_gmt":"2018-01-21T11:55:02","guid":{"rendered":"http:\/\/www.region-schwabach.de\/wordpress\/?p=25374"},"modified":"2018-01-21T15:41:17","modified_gmt":"2018-01-21T14:41:17","slug":"jede-menge-arbeit-fuer-die-hilpoltsteiner-polizei-in-den-letzten-tagen","status":"publish","type":"post","link":"https:\/\/www.region-schwabach.de\/wordpress\/jede-menge-arbeit-fuer-die-hilpoltsteiner-polizei-in-den-letzten-tagen\/","title":{"rendered":"Jede Menge Arbeit f\u00fcr die Hilpoltsteiner Polizei in den letzten Tagen"},"content":{"rendered":"\t\t<div data-elementor-type=\"wp-post\" data-elementor-id=\"25374\" class=\"elementor elementor-25374 elementor-bc-flex-widget\">\n\t\t\t\t\t\t<section class=\"elementor-section elementor-top-section elementor-element elementor-element-1cuv9jr elementor-section-boxed elementor-section-height-default elementor-section-height-default\" data-id=\"1cuv9jr\" data-element_type=\"section\">\n\t\t\t\t\t\t<div class=\"elementor-container elementor-column-gap-default\">\n\t\t\t\t\t<div class=\"elementor-column elementor-col-66 elementor-top-column elementor-element elementor-element-q5zak7b\" data-id=\"q5zak7b\" data-element_type=\"column\">\n\t\t\t<div class=\"elementor-widget-wrap elementor-element-populated\">\n\t\t\t\t\t\t<div class=\"elementor-element elementor-element-86qws23 elementor-widget elementor-widget-text-editor\" data-id=\"86qws23\" data-element_type=\"widget\" data-widget_type=\"text-editor.default\">\n\t\t\t\t<div class=\"elementor-widget-container\">\n\t\t\t\t\t\t\t<h3><strong>Jede Menge Eins\u00e4tze f\u00fcr die Hilpoltsteiner Polizei in den letzten Tagen<\/strong><\/h3><h3>Betrunken unterwegs, und Unfall verursacht<\/h3><p>Hilpoltstein &#8211; Am Sonntagmorgen, den 21.01.2018 war ein 23-j\u00e4hriger aus Heideck mit seinem Audi auf der Staatsstra\u00dfe von Hilpoltstein nach Heideck unterwegs, als er kurz nach der Abzweigung Pyras nach rechts von der Fahrbahn abkam, und dabei seinen PKW erheblich besch\u00e4dige, einen Flurschaden anrichtete, und ein Verkehrszeichen umfuhr.<\/p><p>Bei der folgenden Unfallaufnahme durch die Beamten der Polizei Hilpoltstein bemerkten diese bei dem leicht verletzten Fahrer starken Alkoholgeruch, weshalb sie einen Alkoholtest durchgef\u00fchrten. Dieser ergab eine erhebliche Alkoholisierung, was eine Blutentnahme und die Sicherstellung des F\u00fchrerscheins zur Folge hatte.<\/p><h3>Ohne g\u00fcltigen F\u00fchrerschein unterwegs<\/h3><p>Am Samstagvormittag, den 20.01.2018, kontrollierten Beamte der Polizeiinspektion Hilpoltstein in der Neumarkter Stra\u00dfe in Hilpoltstein einen ausw\u00e4rtigen Kraftfahrer, der ihnen\u00a0einen kroatischen F\u00fchrerscheinvorlegte.<\/p><p>Eine \u00dcberpr\u00fcfung ergab jedoch, dass dem 33-j\u00e4hrigen F\u00fcrther der Gebrauch dieses F\u00fchrerscheins gerichtlich bereits aberkannt worden war.\u00a0Da er jedoch bislang noch keine neue Fahrerlaubnis beantragt hatte, wurde nun ein Ermittlungsverfahren wegen Fahrens ohne Fahrerlaubnis eingeleitet.<\/p><h3><strong>Vorfahrt missachtet<\/strong><\/h3><p>Am Samstagabend, den 20.01.2018 war ein 20-j\u00e4hriger aus Hilpoltstein mit seinem Ford auf der Staatsstra\u00dfe von Roth nach Allersberg unterwegs, als er auf die Autobahn in Richtung N\u00fcrnberg auffahren wollte, dabei jedoch einen entgegenkommenden Pkw eines 54-j\u00e4hrigen aus Allersberg \u00fcbersah.<\/p><p>Im Kreuzungsbereich kam es dann zur Kollision zwischen dem Ford und dem entgegenkommenden Opel, bei der jedoch gl\u00fccklicherweise niemand verletzt wurde, und nur Sachschaden in H\u00f6he von insgesamt ca. 4.000Euro entstand.<\/p><h3>Pkw mutwilligverkratzt<\/h3><p>Hilpoltstein &#8211; In der Zeit zwischen Mittwoch, den 17.01.2018, und Freitag, den 19.01.2018, besch\u00e4digte ein bisher Unbekannter mit einem spitzen Gegenstand mutwillig die rechte hintere T\u00fcr an einem in der Christoph-Sturm-Stra\u00dfe in Hilpoltstein geparkten Honda, und verursachte so einen Schaden in H\u00f6he von ca.\u00a0600 Euro.<\/p><h3>Fahrrad in Allersberg gestohlen<\/h3><p>Einer 22-j\u00e4hrigen aus Allersberger wurde zwischen letzten Samstag, den 13.01.2018, und Diestag, den 16.01.2018 ihr versperrtes Fahrrad am Bahnhof in Altenfelden gestohlen.\u00a0<strong>\u00a0<\/strong><\/p><p>Bei dem entwendeten Fahrrad handelt es sich um ein schwarzes Herrenfahrrad der Marke Hercules, Typ Sonics, im Wert von ca. 100 Euro.\u00a0<\/p><div class=\"elementor-element elementor-element-86qws23 elementor-widget elementor-widget-text-editor\" data-id=\"86qws23\" data-element_type=\"text-editor.default\"><div class=\"elementor-widget-container\"><div class=\"elementor-text-editor elementor-clearfix\"><h3>Polizei bittet um Mithilfe<\/h3><p>Personen, die verd\u00e4chtige Beobachtungen gemacht haben, werden gebeten, diese der Polizei in Hilpoltstein unter der Rufnummer 09174-4789-0 mitzuteilen.<\/p><\/div><\/div><\/div>\t\t\t\t\t\t<\/div>\n\t\t\t\t<\/div>\n\t\t\t\t<div class=\"elementor-element elementor-element-id240nb elementor-widget elementor-widget-google_maps\" data-id=\"id240nb\" data-element_type=\"widget\" data-widget_type=\"google_maps.default\">\n\t\t\t\t<div class=\"elementor-widget-container\">\n\t\t\t\t\t<div class=\"elementor-custom-embed\">\n\t\t\t<iframe loading=\"lazy\"\n\t\t\t\t\tsrc=\"https:\/\/maps.google.com\/maps?q=Hilpoltstein%2C%20Deutschland&#038;t=m&#038;z=14&#038;output=embed&#038;iwloc=near\"\n\t\t\t\t\ttitle=\"Hilpoltstein, Deutschland\"\n\t\t\t\t\taria-label=\"Hilpoltstein, Deutschland\"\n\t\t\t><\/iframe>\n\t\t<\/div>\n\t\t\t\t<\/div>\n\t\t\t\t<\/div>\n\t\t\t\t\t<\/div>\n\t\t<\/div>\n\t\t\t\t<div class=\"elementor-column elementor-col-33 elementor-top-column elementor-element elementor-element-0w0urt1\" data-id=\"0w0urt1\" data-element_type=\"column\">\n\t\t\t<div class=\"elementor-widget-wrap elementor-element-populated\">\n\t\t\t\t\t\t<div class=\"elementor-element elementor-element-mo6nk5i elementor-widget elementor-widget-image\" data-id=\"mo6nk5i\" data-element_type=\"widget\" data-widget_type=\"image.default\">\n\t\t\t\t<div class=\"elementor-widget-container\">\n\t\t\t\t\t\t\t\t\t\t\t\t\t\t<a href=\"http:\/\/www.region-schwabach.de\/wordpress\/werben-auf-region-schwabach\/\" target=\"_blank\">\n\t\t\t\t\t\t\t<img fetchpriority=\"high\" decoding=\"async\" width=\"1024\" height=\"1024\" src=\"https:\/\/www.region-schwabach.de\/wordpress\/wp-content\/uploads\/2017\/06\/werbung8-1024x1024.png\" class=\"attachment-large size-large wp-image-2484\" alt=\"\" srcset=\"https:\/\/www.region-schwabach.de\/wordpress\/wp-content\/uploads\/2017\/06\/werbung8-1024x1024.png 1024w, https:\/\/www.region-schwabach.de\/wordpress\/wp-content\/uploads\/2017\/06\/werbung8-150x150.png 150w, https:\/\/www.region-schwabach.de\/wordpress\/wp-content\/uploads\/2017\/06\/werbung8-300x300.png 300w, https:\/\/www.region-schwabach.de\/wordpress\/wp-content\/uploads\/2017\/06\/werbung8-768x768.png 768w, https:\/\/www.region-schwabach.de\/wordpress\/wp-content\/uploads\/2017\/06\/werbung8-600x600.png 600w, https:\/\/www.region-schwabach.de\/wordpress\/wp-content\/uploads\/2017\/06\/werbung8.png 1200w\" sizes=\"(max-width: 1024px) 100vw, 1024px\" \/>\t\t\t\t\t\t\t\t<\/a>\n\t\t\t\t\t\t\t\t\t\t\t\t\t<\/div>\n\t\t\t\t<\/div>\n\t\t\t\t\t<\/div>\n\t\t<\/div>\n\t\t\t\t\t<\/div>\n\t\t<\/section>\n\t\t\t\t<\/div>\n\t\t","protected":false},"excerpt":{"rendered":"<div class=\"mh-excerpt\"><p>Jede Menge Eins\u00e4tze f\u00fcr die Hilpoltsteiner Polizei in den letzten Tagen Betrunken unterwegs, und Unfall verursacht Hilpoltstein &#8211; Am Sonntagmorgen, den 21.01.2018 war ein 23-j\u00e4hriger aus Heideck mit seinem Audi auf der Staatsstra\u00dfe von Hilpoltstein <a class=\"mh-excerpt-more\" href=\"https:\/\/www.region-schwabach.de\/wordpress\/jede-menge-arbeit-fuer-die-hilpoltsteiner-polizei-in-den-letzten-tagen\/\" title=\"Jede Menge Arbeit f\u00fcr die Hilpoltsteiner Polizei in den letzten Tagen\">[&#8230;]<\/a><\/p>\n<\/div>","protected":false},"author":1,"featured_media":25375,"comment_status":"open","ping_status":"open","sticky":false,"template":"","format":"standard","meta":{"_cbd_carousel_blocks":"[]","footnotes":""},"categories":[15],"tags":[1963,1964,1965,1966,1967,556,643,596,297,463,32,401,713,334,39,584],"class_list":{"0":"post-25374","1":"post","2":"type-post","3":"status-publish","4":"format-standard","5":"has-post-thumbnail","7":"category-polizeimeldungen","8":"tag-17-01-2018","9":"tag-18-01-2018","10":"tag-19-01-2018","11":"tag-20-01-2018","12":"tag-21-01-2018","13":"tag-allersberg","14":"tag-fahrrad","15":"tag-heideck","16":"tag-hilpoltstein","17":"tag-pkw","18":"tag-roth","19":"tag-sachschaden","20":"tag-schaden","21":"tag-unfall","22":"tag-verkehrskontrolle","23":"tag-zusammenstoss"},"_links":{"self":[{"href":"https:\/\/www.region-schwabach.de\/wordpress\/wp-json\/wp\/v2\/posts\/25374","targetHints":{"allow":["GET"]}}],"collection":[{"href":"https:\/\/www.region-schwabach.de\/wordpress\/wp-json\/wp\/v2\/posts"}],"about":[{"href":"https:\/\/www.region-schwabach.de\/wordpress\/wp-json\/wp\/v2\/types\/post"}],"author":[{"embeddable":true,"href":"https:\/\/www.region-schwabach.de\/wordpress\/wp-json\/wp\/v2\/users\/1"}],"replies":[{"embeddable":true,"href":"https:\/\/www.region-schwabach.de\/wordpress\/wp-json\/wp\/v2\/comments?post=25374"}],"version-history":[{"count":0,"href":"https:\/\/www.region-schwabach.de\/wordpress\/wp-json\/wp\/v2\/posts\/25374\/revisions"}],"wp:featuredmedia":[{"embeddable":true,"href":"https:\/\/www.region-schwabach.de\/wordpress\/wp-json\/wp\/v2\/media\/25375"}],"wp:attachment":[{"href":"https:\/\/www.region-schwabach.de\/wordpress\/wp-json\/wp\/v2\/media?parent=25374"}],"wp:term":[{"taxonomy":"category","embeddable":true,"href":"https:\/\/www.region-schwabach.de\/wordpress\/wp-json\/wp\/v2\/categories?post=25374"},{"taxonomy":"post_tag","embeddable":true,"href":"https:\/\/www.region-schwabach.de\/wordpress\/wp-json\/wp\/v2\/tags?post=25374"}],"curies":[{"name":"wp","href":"https:\/\/api.w.org\/{rel}","templated":true}]}}