{"id":25847,"date":"2018-01-25T19:27:05","date_gmt":"2018-01-25T18:27:05","guid":{"rendered":"http:\/\/www.region-schwabach.de\/wordpress\/?p=25847"},"modified":"2018-01-25T19:33:19","modified_gmt":"2018-01-25T18:33:19","slug":"fuenf-leicht-verletzte-nach-verkehrsunfall-bei-pruppach","status":"publish","type":"post","link":"https:\/\/www.region-schwabach.de\/wordpress\/fuenf-leicht-verletzte-nach-verkehrsunfall-bei-pruppach\/","title":{"rendered":"F\u00fcnf leicht Verletzte nach Verkehrsunfall bei Pruppach"},"content":{"rendered":"\t\t<div data-elementor-type=\"wp-post\" data-elementor-id=\"25847\" class=\"elementor elementor-25847 elementor-bc-flex-widget\">\n\t\t\t\t\t\t<section class=\"elementor-section elementor-top-section elementor-element elementor-element-1cuv9jr elementor-section-boxed elementor-section-height-default elementor-section-height-default\" data-id=\"1cuv9jr\" data-element_type=\"section\">\n\t\t\t\t\t\t<div class=\"elementor-container elementor-column-gap-default\">\n\t\t\t\t\t<div class=\"elementor-column elementor-col-66 elementor-top-column elementor-element elementor-element-q5zak7b\" data-id=\"q5zak7b\" data-element_type=\"column\">\n\t\t\t<div class=\"elementor-widget-wrap elementor-element-populated\">\n\t\t\t\t\t\t<div class=\"elementor-element elementor-element-86qws23 elementor-widget elementor-widget-text-editor\" data-id=\"86qws23\" data-element_type=\"widget\" data-widget_type=\"text-editor.default\">\n\t\t\t\t<div class=\"elementor-widget-container\">\n\t\t\t\t\t\t\t<h3>F\u00fcnf leicht Verletzte nach Verkehrsunfall<\/h3><p>Roth &#8211; Am fr\u00fchen Mittwochabend, den 24.01.2018, kam es auf der Staatsstra\u00dfe 2409, auf H\u00f6he der Abzweigung in Richtung Pruppach gegen 18.15 Uhr zu einem Verkehrsunfall, bei dem f\u00fcnf Personen leicht verletzt wurden.<\/p><h3>VW Golf und Fiat sto\u00dfen zusammen<\/h3><p>Der Unfall ereignete sich, als eine 59-j\u00e4hrige Golf-Fahrerin aus der Finsterbachstra\u00dfe in die Staatsstra\u00dfe in Richtung Roth einbiegen wollte, und dabei mit der Fahrerin eines Fiats zusammenstie\u00df.<\/p><h3>Mehrere Verletzte, 15.000 Euro Sachschaden<\/h3><p>Sowohl die Beifahrerin der Verursacherin, als auch drei Insassen des Fiats\u00a0&#8211; darunter ein 10-j\u00e4hriges Kind &#8211; wurden ins Krankenhaus gebracht. Der 67-j\u00e4hrige Unfallverursacher wurde vor Ort ambulant behandelt, an den beiden Fahrzeugen entstand Totalschaden in H\u00f6he von ca. 15.000 Euro.<\/p>\t\t\t\t\t\t<\/div>\n\t\t\t\t<\/div>\n\t\t\t\t<div class=\"elementor-element elementor-element-id240nb elementor-widget elementor-widget-google_maps\" data-id=\"id240nb\" data-element_type=\"widget\" data-widget_type=\"google_maps.default\">\n\t\t\t\t<div class=\"elementor-widget-container\">\n\t\t\t\t\t<div class=\"elementor-custom-embed\">\n\t\t\t<iframe loading=\"lazy\"\n\t\t\t\t\tsrc=\"https:\/\/maps.google.com\/maps?q=49.275385%2C%2011.089896&#038;t=m&#038;z=15&#038;output=embed&#038;iwloc=near\"\n\t\t\t\t\ttitle=\"49.275385, 11.089896\"\n\t\t\t\t\taria-label=\"49.275385, 11.089896\"\n\t\t\t><\/iframe>\n\t\t<\/div>\n\t\t\t\t<\/div>\n\t\t\t\t<\/div>\n\t\t\t\t\t<\/div>\n\t\t<\/div>\n\t\t\t\t<div class=\"elementor-column elementor-col-33 elementor-top-column elementor-element elementor-element-0w0urt1\" data-id=\"0w0urt1\" data-element_type=\"column\">\n\t\t\t<div class=\"elementor-widget-wrap elementor-element-populated\">\n\t\t\t\t\t\t<div class=\"elementor-element elementor-element-mo6nk5i elementor-widget elementor-widget-image\" data-id=\"mo6nk5i\" data-element_type=\"widget\" data-widget_type=\"image.default\">\n\t\t\t\t<div class=\"elementor-widget-container\">\n\t\t\t\t\t\t\t\t\t\t\t\t\t\t<a href=\"http:\/\/www.region-schwabach.de\/wordpress\/werben-auf-region-schwabach\/\" target=\"_blank\">\n\t\t\t\t\t\t\t<img fetchpriority=\"high\" decoding=\"async\" width=\"1024\" height=\"1024\" src=\"https:\/\/www.region-schwabach.de\/wordpress\/wp-content\/uploads\/2017\/06\/werbung8-1024x1024.png\" class=\"attachment-large size-large wp-image-2484\" alt=\"\" srcset=\"https:\/\/www.region-schwabach.de\/wordpress\/wp-content\/uploads\/2017\/06\/werbung8-1024x1024.png 1024w, https:\/\/www.region-schwabach.de\/wordpress\/wp-content\/uploads\/2017\/06\/werbung8-150x150.png 150w, https:\/\/www.region-schwabach.de\/wordpress\/wp-content\/uploads\/2017\/06\/werbung8-300x300.png 300w, https:\/\/www.region-schwabach.de\/wordpress\/wp-content\/uploads\/2017\/06\/werbung8-768x768.png 768w, https:\/\/www.region-schwabach.de\/wordpress\/wp-content\/uploads\/2017\/06\/werbung8-600x600.png 600w, https:\/\/www.region-schwabach.de\/wordpress\/wp-content\/uploads\/2017\/06\/werbung8.png 1200w\" sizes=\"(max-width: 1024px) 100vw, 1024px\" \/>\t\t\t\t\t\t\t\t<\/a>\n\t\t\t\t\t\t\t\t\t\t\t\t\t<\/div>\n\t\t\t\t<\/div>\n\t\t\t\t\t<\/div>\n\t\t<\/div>\n\t\t\t\t\t<\/div>\n\t\t<\/section>\n\t\t\t\t<\/div>\n\t\t","protected":false},"excerpt":{"rendered":"<div class=\"mh-excerpt\"><p>F\u00fcnf leicht Verletzte nach Verkehrsunfall Roth &#8211; Am fr\u00fchen Mittwochabend, den 24.01.2018, kam es auf der Staatsstra\u00dfe 2409, auf H\u00f6he der Abzweigung in Richtung Pruppach gegen 18.15 Uhr zu einem Verkehrsunfall, bei dem f\u00fcnf Personen <a class=\"mh-excerpt-more\" href=\"https:\/\/www.region-schwabach.de\/wordpress\/fuenf-leicht-verletzte-nach-verkehrsunfall-bei-pruppach\/\" title=\"F\u00fcnf leicht Verletzte nach Verkehrsunfall bei Pruppach\">[&#8230;]<\/a><\/p>\n<\/div>","protected":false},"author":1,"featured_media":25848,"comment_status":"open","ping_status":"open","sticky":false,"template":"","format":"standard","meta":{"_cbd_carousel_blocks":"[]","footnotes":""},"categories":[15],"tags":[1970,551,2363,2364,1856,693,2103,32,171,334,295,1483],"class_list":{"0":"post-25847","1":"post","2":"type-post","3":"status-publish","4":"format-standard","5":"has-post-thumbnail","7":"category-polizeimeldungen","8":"tag-24-01-2018","9":"tag-fiat","10":"tag-finsterbachstrasse","11":"tag-kind","12":"tag-krankenhaus","13":"tag-pruppach","14":"tag-rettungsdienst","15":"tag-roth","16":"tag-staatsstrasse-2409","17":"tag-unfall","18":"tag-verletzte","19":"tag-vw-golf"},"_links":{"self":[{"href":"https:\/\/www.region-schwabach.de\/wordpress\/wp-json\/wp\/v2\/posts\/25847","targetHints":{"allow":["GET"]}}],"collection":[{"href":"https:\/\/www.region-schwabach.de\/wordpress\/wp-json\/wp\/v2\/posts"}],"about":[{"href":"https:\/\/www.region-schwabach.de\/wordpress\/wp-json\/wp\/v2\/types\/post"}],"author":[{"embeddable":true,"href":"https:\/\/www.region-schwabach.de\/wordpress\/wp-json\/wp\/v2\/users\/1"}],"replies":[{"embeddable":true,"href":"https:\/\/www.region-schwabach.de\/wordpress\/wp-json\/wp\/v2\/comments?post=25847"}],"version-history":[{"count":0,"href":"https:\/\/www.region-schwabach.de\/wordpress\/wp-json\/wp\/v2\/posts\/25847\/revisions"}],"wp:featuredmedia":[{"embeddable":true,"href":"https:\/\/www.region-schwabach.de\/wordpress\/wp-json\/wp\/v2\/media\/25848"}],"wp:attachment":[{"href":"https:\/\/www.region-schwabach.de\/wordpress\/wp-json\/wp\/v2\/media?parent=25847"}],"wp:term":[{"taxonomy":"category","embeddable":true,"href":"https:\/\/www.region-schwabach.de\/wordpress\/wp-json\/wp\/v2\/categories?post=25847"},{"taxonomy":"post_tag","embeddable":true,"href":"https:\/\/www.region-schwabach.de\/wordpress\/wp-json\/wp\/v2\/tags?post=25847"}],"curies":[{"name":"wp","href":"https:\/\/api.w.org\/{rel}","templated":true}]}}