{"id":25851,"date":"2018-01-25T19:51:55","date_gmt":"2018-01-25T18:51:55","guid":{"rendered":"http:\/\/www.region-schwabach.de\/wordpress\/?p=25851"},"modified":"2018-01-25T19:57:50","modified_gmt":"2018-01-25T18:57:50","slug":"zwei-unfaelle-mit-fahrerflucht-im-bereich-der-polizeiinspektion-roth","status":"publish","type":"post","link":"https:\/\/www.region-schwabach.de\/wordpress\/zwei-unfaelle-mit-fahrerflucht-im-bereich-der-polizeiinspektion-roth\/","title":{"rendered":"Zwei Unf\u00e4lle mit Fahrerflucht im Bereich der Polizeiinspektion Roth"},"content":{"rendered":"\t\t<div data-elementor-type=\"wp-post\" data-elementor-id=\"25851\" class=\"elementor elementor-25851 elementor-bc-flex-widget\">\n\t\t\t\t\t\t<section class=\"elementor-section elementor-top-section elementor-element elementor-element-1cuv9jr elementor-section-boxed elementor-section-height-default elementor-section-height-default\" data-id=\"1cuv9jr\" data-element_type=\"section\">\n\t\t\t\t\t\t<div class=\"elementor-container elementor-column-gap-default\">\n\t\t\t\t\t<div class=\"elementor-column elementor-col-66 elementor-top-column elementor-element elementor-element-q5zak7b\" data-id=\"q5zak7b\" data-element_type=\"column\">\n\t\t\t<div class=\"elementor-widget-wrap elementor-element-populated\">\n\t\t\t\t\t\t<div class=\"elementor-element elementor-element-86qws23 elementor-widget elementor-widget-text-editor\" data-id=\"86qws23\" data-element_type=\"widget\" data-widget_type=\"text-editor.default\">\n\t\t\t\t<div class=\"elementor-widget-container\">\n\t\t\t\t\t\t\t<h3>Zwei Unf\u00e4lle mit Fahrerflucht<\/h3><p><strong>Roth<\/strong> &#8211; Am Mittwochabend, den 24.01.2018, wurde in der Gerhart-Hauptmann-Stra\u00dfe in Roth von einem bisher unbekannten Fahrzeugf\u00fchrer &#8211; der sich im Anschluss unerlaubt vom Unfallort entfernte &#8211; ein Toyota Auris angefahren. Dabei wurde der Au\u00dfenspiegel des Toyota abgerissen, so dass ein Schaden in H\u00f6he von ca. 500 Euro entstanden ist.<\/p><p><strong>Rednitzhembach<\/strong> &#8211; Ein ebenfalls bisher unbekannter Fahrer eines Sattelzuges war am Mittwoch, den 24.01.2018, gegen 07.00 Uhr auf der Schwander Stra\u00dfe unterwegs, als er auf H\u00f6he der Hausnummer 52 rangieren musste, und dabei gegen einen Zaun stie\u00df.<\/p><p>Im Anschluss lenkte er sein Gef\u00e4hrt noch r\u00fcckw\u00e4rts in eine Wiese, bevor er sich &#8211; ohne sich um den entstandenen Schaden (in H\u00f6he von mindestens 1.500 Euro) zu k\u00fcmmern &#8211; aus dem Staub machte.<\/p><h3>Polizei bittet um Mithilfe<\/h3><p>Personen, die verd\u00e4chtige Beobachtungen gemacht haben, werden gebeten, diese der Polizei in Roth unter der Rufnummer 09171-9744-0 mitzuteilen.<\/p>\t\t\t\t\t\t<\/div>\n\t\t\t\t<\/div>\n\t\t\t\t<div class=\"elementor-element elementor-element-id240nb elementor-widget elementor-widget-google_maps\" data-id=\"id240nb\" data-element_type=\"widget\" data-widget_type=\"google_maps.default\">\n\t\t\t\t<div class=\"elementor-widget-container\">\n\t\t\t\t\t<div class=\"elementor-custom-embed\">\n\t\t\t<iframe loading=\"lazy\"\n\t\t\t\t\tsrc=\"https:\/\/maps.google.com\/maps?q=Gerhart-Hauptmann-Stra%C3%9Fe%20%2C%20Roth%2C%20Deutschland&#038;t=m&#038;z=16&#038;output=embed&#038;iwloc=near\"\n\t\t\t\t\ttitle=\"Gerhart-Hauptmann-Stra\u00dfe , Roth, Deutschland\"\n\t\t\t\t\taria-label=\"Gerhart-Hauptmann-Stra\u00dfe , Roth, Deutschland\"\n\t\t\t><\/iframe>\n\t\t<\/div>\n\t\t\t\t<\/div>\n\t\t\t\t<\/div>\n\t\t\t\t<div class=\"elementor-element elementor-element-b789c3b elementor-widget elementor-widget-google_maps\" data-id=\"b789c3b\" data-element_type=\"widget\" data-widget_type=\"google_maps.default\">\n\t\t\t\t<div class=\"elementor-widget-container\">\n\t\t\t\t\t<div class=\"elementor-custom-embed\">\n\t\t\t<iframe loading=\"lazy\"\n\t\t\t\t\tsrc=\"https:\/\/maps.google.com\/maps?q=Schwander%20Stra%C3%9Fe%2052%2C%20Rednitzhembach%2C%20Deutschland&#038;t=m&#038;z=17&#038;output=embed&#038;iwloc=near\"\n\t\t\t\t\ttitle=\"Schwander Stra\u00dfe 52, Rednitzhembach, Deutschland\"\n\t\t\t\t\taria-label=\"Schwander Stra\u00dfe 52, Rednitzhembach, Deutschland\"\n\t\t\t><\/iframe>\n\t\t<\/div>\n\t\t\t\t<\/div>\n\t\t\t\t<\/div>\n\t\t\t\t\t<\/div>\n\t\t<\/div>\n\t\t\t\t<div class=\"elementor-column elementor-col-33 elementor-top-column elementor-element elementor-element-0w0urt1\" data-id=\"0w0urt1\" data-element_type=\"column\">\n\t\t\t<div class=\"elementor-widget-wrap elementor-element-populated\">\n\t\t\t\t\t\t<div class=\"elementor-element elementor-element-mo6nk5i elementor-widget elementor-widget-image\" data-id=\"mo6nk5i\" data-element_type=\"widget\" data-widget_type=\"image.default\">\n\t\t\t\t<div class=\"elementor-widget-container\">\n\t\t\t\t\t\t\t\t\t\t\t\t\t\t<a href=\"http:\/\/www.region-schwabach.de\/wordpress\/werben-auf-region-schwabach\/\" target=\"_blank\">\n\t\t\t\t\t\t\t<img fetchpriority=\"high\" decoding=\"async\" width=\"1024\" height=\"1024\" src=\"https:\/\/www.region-schwabach.de\/wordpress\/wp-content\/uploads\/2017\/06\/werbung8-1024x1024.png\" class=\"attachment-large size-large wp-image-2484\" alt=\"\" srcset=\"https:\/\/www.region-schwabach.de\/wordpress\/wp-content\/uploads\/2017\/06\/werbung8-1024x1024.png 1024w, https:\/\/www.region-schwabach.de\/wordpress\/wp-content\/uploads\/2017\/06\/werbung8-150x150.png 150w, https:\/\/www.region-schwabach.de\/wordpress\/wp-content\/uploads\/2017\/06\/werbung8-300x300.png 300w, https:\/\/www.region-schwabach.de\/wordpress\/wp-content\/uploads\/2017\/06\/werbung8-768x768.png 768w, https:\/\/www.region-schwabach.de\/wordpress\/wp-content\/uploads\/2017\/06\/werbung8-600x600.png 600w, https:\/\/www.region-schwabach.de\/wordpress\/wp-content\/uploads\/2017\/06\/werbung8.png 1200w\" sizes=\"(max-width: 1024px) 100vw, 1024px\" \/>\t\t\t\t\t\t\t\t<\/a>\n\t\t\t\t\t\t\t\t\t\t\t\t\t<\/div>\n\t\t\t\t<\/div>\n\t\t\t\t\t<\/div>\n\t\t<\/div>\n\t\t\t\t\t<\/div>\n\t\t<\/section>\n\t\t\t\t<\/div>\n\t\t","protected":false},"excerpt":{"rendered":"<div class=\"mh-excerpt\"><p>Zwei Unf\u00e4lle mit Fahrerflucht Roth &#8211; Am Mittwochabend, den 24.01.2018, wurde in der Gerhart-Hauptmann-Stra\u00dfe in Roth von einem bisher unbekannten Fahrzeugf\u00fchrer &#8211; der sich im Anschluss unerlaubt vom Unfallort entfernte &#8211; ein Toyota Auris angefahren. <a class=\"mh-excerpt-more\" href=\"https:\/\/www.region-schwabach.de\/wordpress\/zwei-unfaelle-mit-fahrerflucht-im-bereich-der-polizeiinspektion-roth\/\" title=\"Zwei Unf\u00e4lle mit Fahrerflucht im Bereich der Polizeiinspektion Roth\">[&#8230;]<\/a><\/p>\n<\/div>","protected":false},"author":1,"featured_media":25853,"comment_status":"open","ping_status":"open","sticky":false,"template":"","format":"standard","meta":{"_cbd_carousel_blocks":"[]","footnotes":""},"categories":[15],"tags":[1970,882,1519,454,2365,1019,493,32,401,1103,713,1083,2366,457,1395,2269],"class_list":{"0":"post-25851","1":"post","2":"type-post","3":"status-publish","4":"format-standard","5":"has-post-thumbnail","7":"category-polizeimeldungen","8":"tag-24-01-2018","9":"tag-aussenspiegel","10":"tag-ermittlungsverfahren","11":"tag-fahrerflucht","12":"tag-gerhart-hauptmann-strasse","13":"tag-lkw-fahrer","14":"tag-rednitzhembach","15":"tag-roth","16":"tag-sachschaden","17":"tag-sattelzug","18":"tag-schaden","19":"tag-schwander-strasse","20":"tag-toyota-auris","21":"tag-unfallflucht","22":"tag-wiese","23":"tag-zaun"},"_links":{"self":[{"href":"https:\/\/www.region-schwabach.de\/wordpress\/wp-json\/wp\/v2\/posts\/25851","targetHints":{"allow":["GET"]}}],"collection":[{"href":"https:\/\/www.region-schwabach.de\/wordpress\/wp-json\/wp\/v2\/posts"}],"about":[{"href":"https:\/\/www.region-schwabach.de\/wordpress\/wp-json\/wp\/v2\/types\/post"}],"author":[{"embeddable":true,"href":"https:\/\/www.region-schwabach.de\/wordpress\/wp-json\/wp\/v2\/users\/1"}],"replies":[{"embeddable":true,"href":"https:\/\/www.region-schwabach.de\/wordpress\/wp-json\/wp\/v2\/comments?post=25851"}],"version-history":[{"count":0,"href":"https:\/\/www.region-schwabach.de\/wordpress\/wp-json\/wp\/v2\/posts\/25851\/revisions"}],"wp:featuredmedia":[{"embeddable":true,"href":"https:\/\/www.region-schwabach.de\/wordpress\/wp-json\/wp\/v2\/media\/25853"}],"wp:attachment":[{"href":"https:\/\/www.region-schwabach.de\/wordpress\/wp-json\/wp\/v2\/media?parent=25851"}],"wp:term":[{"taxonomy":"category","embeddable":true,"href":"https:\/\/www.region-schwabach.de\/wordpress\/wp-json\/wp\/v2\/categories?post=25851"},{"taxonomy":"post_tag","embeddable":true,"href":"https:\/\/www.region-schwabach.de\/wordpress\/wp-json\/wp\/v2\/tags?post=25851"}],"curies":[{"name":"wp","href":"https:\/\/api.w.org\/{rel}","templated":true}]}}