{"id":25944,"date":"2018-01-27T09:48:10","date_gmt":"2018-01-27T08:48:10","guid":{"rendered":"http:\/\/www.region-schwabach.de\/wordpress\/?p=25944"},"modified":"2018-01-27T10:03:53","modified_gmt":"2018-01-27T09:03:53","slug":"graffiti-serie-von-polizei-in-schwabach-aufgeklaert","status":"publish","type":"post","link":"https:\/\/www.region-schwabach.de\/wordpress\/graffiti-serie-von-polizei-in-schwabach-aufgeklaert\/","title":{"rendered":"Graffiti-Serie von  Polizei in Schwabach aufgekl\u00e4rt"},"content":{"rendered":"\t\t<div data-elementor-type=\"wp-post\" data-elementor-id=\"25944\" class=\"elementor elementor-25944 elementor-bc-flex-widget\">\n\t\t\t\t\t\t<section class=\"elementor-section elementor-top-section elementor-element elementor-element-1cuv9jr elementor-section-boxed elementor-section-height-default elementor-section-height-default\" data-id=\"1cuv9jr\" data-element_type=\"section\">\n\t\t\t\t\t\t<div class=\"elementor-container elementor-column-gap-default\">\n\t\t\t\t\t<div class=\"elementor-column elementor-col-66 elementor-top-column elementor-element elementor-element-q5zak7b\" data-id=\"q5zak7b\" data-element_type=\"column\">\n\t\t\t<div class=\"elementor-widget-wrap elementor-element-populated\">\n\t\t\t\t\t\t<div class=\"elementor-element elementor-element-86qws23 elementor-widget elementor-widget-text-editor\" data-id=\"86qws23\" data-element_type=\"widget\" data-widget_type=\"text-editor.default\">\n\t\t\t\t<div class=\"elementor-widget-container\">\n\t\t\t\t\t\t\t<h3>Graffiti-Spr\u00fcher in Schwabach gefasst<\/h3><p>Schwabach &#8211; Bereits seit Juni 2017 war die Polizei in Schwabach damit besch\u00e4ftigt, insgesamt 14 Farb-Sp\u00fchereien in Schwabach-Eichwasen &#8211; bei denen Unbekannte zahlreiche Hausfassaden bespr\u00fcht hatten &#8211; aufzukl\u00e4ren.<\/p><h3>Umfangreiche Ermittlungen<\/h3><p>Umfangreiche Ermittlungen der Polizeiinspektion Schwabach f\u00fchrten nun zum Jahresende zur Aufl\u00e4rung der F\u00e4lle, wodurch zwei 15-j\u00e4hrige Sch\u00fcler als T\u00e4ter \u00fcberf\u00fchrt werden konnten.<\/p><h3>Beide Jugendliche gest\u00e4ndig<\/h3><p>Die beiden Jugendlichen zeigten sich bei den Vernehmungen gest\u00e4ndig, waren sich aber anscheinend \u00fcber die H\u00f6he des von ihnen angerichteten\u00a0 Sachschaden &#8211; der bei \u00fcber 10.000 \u20ac liegen d\u00fcrfte &#8211; nicht bewusst.<\/p><p>Neben einer zu erwartenden Strafe werden die beiden bzw. deren Eltern f\u00fcr die Kosten der Beseitigung aufkommen m\u00fcssen.<\/p><h3>Hinweis der Polizei<\/h3><p>Die Polzie m\u00f6chte explizit daraufhinweisen, dass das Beschmieren von fremdem Eigentum kein Kavaliersdelikt ist und von der Polizei konsequent &#8211; mit den entsprechenden Folgen f\u00fcr die T\u00e4ter &#8211; verfolgt wird.<\/p>\t\t\t\t\t\t<\/div>\n\t\t\t\t<\/div>\n\t\t\t\t<div class=\"elementor-element elementor-element-id240nb elementor-widget elementor-widget-google_maps\" data-id=\"id240nb\" data-element_type=\"widget\" data-widget_type=\"google_maps.default\">\n\t\t\t\t<div class=\"elementor-widget-container\">\n\t\t\t\t\t<div class=\"elementor-custom-embed\">\n\t\t\t<iframe loading=\"lazy\"\n\t\t\t\t\tsrc=\"https:\/\/maps.google.com\/maps?q=Eichwasen%2C%20Schwabach%2C%20Deutschland&#038;t=m&#038;z=15&#038;output=embed&#038;iwloc=near\"\n\t\t\t\t\ttitle=\"Eichwasen, Schwabach, Deutschland\"\n\t\t\t\t\taria-label=\"Eichwasen, Schwabach, Deutschland\"\n\t\t\t><\/iframe>\n\t\t<\/div>\n\t\t\t\t<\/div>\n\t\t\t\t<\/div>\n\t\t\t\t\t<\/div>\n\t\t<\/div>\n\t\t\t\t<div class=\"elementor-column elementor-col-33 elementor-top-column elementor-element elementor-element-0w0urt1\" data-id=\"0w0urt1\" data-element_type=\"column\">\n\t\t\t<div class=\"elementor-widget-wrap elementor-element-populated\">\n\t\t\t\t\t\t<div class=\"elementor-element elementor-element-mo6nk5i elementor-widget elementor-widget-image\" data-id=\"mo6nk5i\" data-element_type=\"widget\" data-widget_type=\"image.default\">\n\t\t\t\t<div class=\"elementor-widget-container\">\n\t\t\t\t\t\t\t\t\t\t\t\t\t\t<a href=\"http:\/\/www.region-schwabach.de\/wordpress\/werben-auf-region-schwabach\/\" target=\"_blank\">\n\t\t\t\t\t\t\t<img fetchpriority=\"high\" decoding=\"async\" width=\"1024\" height=\"1024\" src=\"https:\/\/www.region-schwabach.de\/wordpress\/wp-content\/uploads\/2017\/06\/werbung8-1024x1024.png\" class=\"attachment-large size-large wp-image-2484\" alt=\"\" srcset=\"https:\/\/www.region-schwabach.de\/wordpress\/wp-content\/uploads\/2017\/06\/werbung8-1024x1024.png 1024w, https:\/\/www.region-schwabach.de\/wordpress\/wp-content\/uploads\/2017\/06\/werbung8-150x150.png 150w, https:\/\/www.region-schwabach.de\/wordpress\/wp-content\/uploads\/2017\/06\/werbung8-300x300.png 300w, https:\/\/www.region-schwabach.de\/wordpress\/wp-content\/uploads\/2017\/06\/werbung8-768x768.png 768w, https:\/\/www.region-schwabach.de\/wordpress\/wp-content\/uploads\/2017\/06\/werbung8-600x600.png 600w, https:\/\/www.region-schwabach.de\/wordpress\/wp-content\/uploads\/2017\/06\/werbung8.png 1200w\" sizes=\"(max-width: 1024px) 100vw, 1024px\" \/>\t\t\t\t\t\t\t\t<\/a>\n\t\t\t\t\t\t\t\t\t\t\t\t\t<\/div>\n\t\t\t\t<\/div>\n\t\t\t\t\t<\/div>\n\t\t<\/div>\n\t\t\t\t\t<\/div>\n\t\t<\/section>\n\t\t\t\t<\/div>\n\t\t","protected":false},"excerpt":{"rendered":"<div class=\"mh-excerpt\"><p>Graffiti-Spr\u00fcher in Schwabach gefasst Schwabach &#8211; Bereits seit Juni 2017 war die Polizei in Schwabach damit besch\u00e4ftigt, insgesamt 14 Farb-Sp\u00fchereien in Schwabach-Eichwasen &#8211; bei denen Unbekannte zahlreiche Hausfassaden bespr\u00fcht hatten &#8211; aufzukl\u00e4ren. Umfangreiche Ermittlungen Umfangreiche <a class=\"mh-excerpt-more\" href=\"https:\/\/www.region-schwabach.de\/wordpress\/graffiti-serie-von-polizei-in-schwabach-aufgeklaert\/\" title=\"Graffiti-Serie von  Polizei in Schwabach aufgekl\u00e4rt\">[&#8230;]<\/a><\/p>\n<\/div>","protected":false},"author":1,"featured_media":25945,"comment_status":"open","ping_status":"open","sticky":false,"template":"","format":"standard","meta":{"_cbd_carousel_blocks":"[]","footnotes":""},"categories":[15],"tags":[2377,1686,2380,488,2381,401,713,2378,19],"class_list":{"0":"post-25944","1":"post","2":"type-post","3":"status-publish","4":"format-standard","5":"has-post-thumbnail","7":"category-polizeimeldungen","8":"tag-eichwasen","9":"tag-graffiti","10":"tag-hausfassaden","11":"tag-jugendliche","12":"tag-juni-2017","13":"tag-sachschaden","14":"tag-schaden","15":"tag-schriftzuege","16":"tag-schwabach"},"_links":{"self":[{"href":"https:\/\/www.region-schwabach.de\/wordpress\/wp-json\/wp\/v2\/posts\/25944","targetHints":{"allow":["GET"]}}],"collection":[{"href":"https:\/\/www.region-schwabach.de\/wordpress\/wp-json\/wp\/v2\/posts"}],"about":[{"href":"https:\/\/www.region-schwabach.de\/wordpress\/wp-json\/wp\/v2\/types\/post"}],"author":[{"embeddable":true,"href":"https:\/\/www.region-schwabach.de\/wordpress\/wp-json\/wp\/v2\/users\/1"}],"replies":[{"embeddable":true,"href":"https:\/\/www.region-schwabach.de\/wordpress\/wp-json\/wp\/v2\/comments?post=25944"}],"version-history":[{"count":0,"href":"https:\/\/www.region-schwabach.de\/wordpress\/wp-json\/wp\/v2\/posts\/25944\/revisions"}],"wp:featuredmedia":[{"embeddable":true,"href":"https:\/\/www.region-schwabach.de\/wordpress\/wp-json\/wp\/v2\/media\/25945"}],"wp:attachment":[{"href":"https:\/\/www.region-schwabach.de\/wordpress\/wp-json\/wp\/v2\/media?parent=25944"}],"wp:term":[{"taxonomy":"category","embeddable":true,"href":"https:\/\/www.region-schwabach.de\/wordpress\/wp-json\/wp\/v2\/categories?post=25944"},{"taxonomy":"post_tag","embeddable":true,"href":"https:\/\/www.region-schwabach.de\/wordpress\/wp-json\/wp\/v2\/tags?post=25944"}],"curies":[{"name":"wp","href":"https:\/\/api.w.org\/{rel}","templated":true}]}}