{"id":25959,"date":"2018-01-27T10:45:05","date_gmt":"2018-01-27T09:45:05","guid":{"rendered":"http:\/\/www.region-schwabach.de\/wordpress\/?p=25959"},"modified":"2018-01-27T12:21:47","modified_gmt":"2018-01-27T11:21:47","slug":"viel-arbeit-fuer-die-weissenburger-polizei","status":"publish","type":"post","link":"https:\/\/www.region-schwabach.de\/wordpress\/viel-arbeit-fuer-die-weissenburger-polizei\/","title":{"rendered":"Viel Arbeit f\u00fcr die Wei\u00dfenburger Polizei"},"content":{"rendered":"\t\t<div data-elementor-type=\"wp-post\" data-elementor-id=\"25959\" class=\"elementor elementor-25959 elementor-bc-flex-widget\">\n\t\t\t\t\t\t<section class=\"elementor-section elementor-top-section elementor-element elementor-element-1cuv9jr elementor-section-boxed elementor-section-height-default elementor-section-height-default\" data-id=\"1cuv9jr\" data-element_type=\"section\">\n\t\t\t\t\t\t<div class=\"elementor-container elementor-column-gap-default\">\n\t\t\t\t\t<div class=\"elementor-column elementor-col-66 elementor-top-column elementor-element elementor-element-q5zak7b\" data-id=\"q5zak7b\" data-element_type=\"column\">\n\t\t\t<div class=\"elementor-widget-wrap elementor-element-populated\">\n\t\t\t\t\t\t<div class=\"elementor-element elementor-element-86qws23 elementor-widget elementor-widget-text-editor\" data-id=\"86qws23\" data-element_type=\"widget\" data-widget_type=\"text-editor.default\">\n\t\t\t\t<div class=\"elementor-widget-container\">\n\t\t\t\t\t\t\t<h3><strong>Diverse Eins\u00e4tze f\u00fcr die Wei\u00dfenburger Polizei<\/strong><\/h3><h3>Alkoholisierter Jugendlicher randaliert in Ellingen<\/h3><p>Ellingen- Nachdem ein 18-j\u00e4hriger aus Pleinfeld gegen 01.00 w\u00e4hrend einer Veranstaltung in Ellingen eine Toilettent\u00fcre\u00a0\u00a0eingetreten hatte, verweigerte er im Anschluss den herbeigerufenen Polizeibeamten\u00a0auch noch seinePersonalien, weshalb er dann zur Inspektion gebracht wurde.<\/p><p>Dabei leistete er erheblichen Widerstand und beleidigte die Polizisten &#8211; die bei der Gegenwehr gl\u00fccklicherweise nicht verletzt wurden &#8211; auch. Ein Alkoholtest ergab bei dem Jugendlichen einen Alkoholwert von \u00fcber 2 Promille.<\/p><h3>Betrunkene PKW-Fahrerin in Pleinfeld unterwegs<\/h3><p>Pleinfeld- Am Freitagabend, den 26.01.2018, bemerkten Streifenbeamte w\u00e4hrend einer Verkehrskontrolle auf der B2, bei einer 42-j\u00e4hrigen Pkw-Fahrerin Alkoholgeruch.<\/p><p>Ein deshalb durchgef\u00fchrter Test ergab einen Alkoholwert von \u00fcber 1,5 Promille, weshalb eine Blutentnahme durchgef\u00fchrt, und der F\u00fchrerschein sichergestellt wurde.<\/p><h3>Fundfahrrad<\/h3><p>Pleinfeld- In Pleinfeld wurde eine blau-gelbes Mountainbike der Marke Corratec Farbe blau\/gelb aufgefunden, dass seinem Besitzer leider nicht\u00a0 zugeodnet werden kann Der Eigent\u00fcmer wird deshalb gebeten, sich mit der Polizei in Wei\u00dfenburg, oder dem Fundamt in Pleinfeld, in Verbindung zu setzen.<\/p><h3>Scheunenbrand<\/h3><p>Gersdorf- Am Freitagabend, den 26.01.2018, geriet eine Scheune in Gersdorf &#8211; vermutlich wegen eines technischen Defekts eines in der Halle abgestellten Ger\u00e4tes &#8211; in Brand, der von der Feuerwehr Gersdorf sowie zahlreichen umliegende Feuerwehren gel\u00f6scht wurde.<\/p><p>Bei dem Brand wurde gl\u00fccklicherweise niemand verletzt, allerdings entstand ein Gesamtschaden in H\u00f6he von \u00fcber 100.000 Euro.\u00a0<\/p>\t\t\t\t\t\t<\/div>\n\t\t\t\t<\/div>\n\t\t\t\t<div class=\"elementor-element elementor-element-id240nb elementor-widget elementor-widget-google_maps\" data-id=\"id240nb\" data-element_type=\"widget\" data-widget_type=\"google_maps.default\">\n\t\t\t\t<div class=\"elementor-widget-container\">\n\t\t\t\t\t<div class=\"elementor-custom-embed\">\n\t\t\t<iframe loading=\"lazy\"\n\t\t\t\t\tsrc=\"https:\/\/maps.google.com\/maps?q=Wei%C3%9Fenburg%2C%20Deutschland&#038;t=m&#038;z=14&#038;output=embed&#038;iwloc=near\"\n\t\t\t\t\ttitle=\"Wei\u00dfenburg, Deutschland\"\n\t\t\t\t\taria-label=\"Wei\u00dfenburg, Deutschland\"\n\t\t\t><\/iframe>\n\t\t<\/div>\n\t\t\t\t<\/div>\n\t\t\t\t<\/div>\n\t\t\t\t\t<\/div>\n\t\t<\/div>\n\t\t\t\t<div class=\"elementor-column elementor-col-33 elementor-top-column elementor-element elementor-element-0w0urt1\" data-id=\"0w0urt1\" data-element_type=\"column\">\n\t\t\t<div class=\"elementor-widget-wrap elementor-element-populated\">\n\t\t\t\t\t\t<div class=\"elementor-element elementor-element-mo6nk5i elementor-widget elementor-widget-image\" data-id=\"mo6nk5i\" data-element_type=\"widget\" data-widget_type=\"image.default\">\n\t\t\t\t<div class=\"elementor-widget-container\">\n\t\t\t\t\t\t\t\t\t\t\t\t\t\t<a href=\"http:\/\/www.region-schwabach.de\/wordpress\/werben-auf-region-schwabach\/\" target=\"_blank\">\n\t\t\t\t\t\t\t<img fetchpriority=\"high\" decoding=\"async\" width=\"1024\" height=\"1024\" src=\"https:\/\/www.region-schwabach.de\/wordpress\/wp-content\/uploads\/2017\/06\/werbung8-1024x1024.png\" class=\"attachment-large size-large wp-image-2484\" alt=\"\" srcset=\"https:\/\/www.region-schwabach.de\/wordpress\/wp-content\/uploads\/2017\/06\/werbung8-1024x1024.png 1024w, https:\/\/www.region-schwabach.de\/wordpress\/wp-content\/uploads\/2017\/06\/werbung8-150x150.png 150w, https:\/\/www.region-schwabach.de\/wordpress\/wp-content\/uploads\/2017\/06\/werbung8-300x300.png 300w, https:\/\/www.region-schwabach.de\/wordpress\/wp-content\/uploads\/2017\/06\/werbung8-768x768.png 768w, https:\/\/www.region-schwabach.de\/wordpress\/wp-content\/uploads\/2017\/06\/werbung8-600x600.png 600w, https:\/\/www.region-schwabach.de\/wordpress\/wp-content\/uploads\/2017\/06\/werbung8.png 1200w\" sizes=\"(max-width: 1024px) 100vw, 1024px\" \/>\t\t\t\t\t\t\t\t<\/a>\n\t\t\t\t\t\t\t\t\t\t\t\t\t<\/div>\n\t\t\t\t<\/div>\n\t\t\t\t\t<\/div>\n\t\t<\/div>\n\t\t\t\t\t<\/div>\n\t\t<\/section>\n\t\t\t\t<\/div>\n\t\t","protected":false},"excerpt":{"rendered":"<div class=\"mh-excerpt\"><p>Diverse Eins\u00e4tze f\u00fcr die Wei\u00dfenburger Polizei Alkoholisierter Jugendlicher randaliert in Ellingen Ellingen- Nachdem ein 18-j\u00e4hriger aus Pleinfeld gegen 01.00 w\u00e4hrend einer Veranstaltung in Ellingen eine Toilettent\u00fcre\u00a0\u00a0eingetreten hatte, verweigerte er im Anschluss den herbeigerufenen Polizeibeamten\u00a0auch noch <a class=\"mh-excerpt-more\" href=\"https:\/\/www.region-schwabach.de\/wordpress\/viel-arbeit-fuer-die-weissenburger-polizei\/\" title=\"Viel Arbeit f\u00fcr die Wei\u00dfenburger Polizei\">[&#8230;]<\/a><\/p>\n<\/div>","protected":false},"author":1,"featured_media":25960,"comment_status":"open","ping_status":"open","sticky":false,"template":"","format":"standard","meta":{"_cbd_carousel_blocks":"[]","footnotes":""},"categories":[15],"tags":[1972,470,1820,429,1636,2386,970,2387,297,910,820,1925,401,713,2388,39],"class_list":{"0":"post-25959","1":"post","2":"type-post","3":"status-publish","4":"format-standard","5":"has-post-thumbnail","7":"category-polizeimeldungen","8":"tag-26-01-2018","9":"tag-alkohol","10":"tag-alkoholtest","11":"tag-b2","12":"tag-blutentnahme","13":"tag-corratec","14":"tag-ellingen","15":"tag-gersdorf","16":"tag-hilpoltstein","17":"tag-mountainbike","18":"tag-pleinfeld","19":"tag-randalierer","20":"tag-sachschaden","21":"tag-schaden","22":"tag-scheunenbrand","23":"tag-verkehrskontrolle"},"_links":{"self":[{"href":"https:\/\/www.region-schwabach.de\/wordpress\/wp-json\/wp\/v2\/posts\/25959","targetHints":{"allow":["GET"]}}],"collection":[{"href":"https:\/\/www.region-schwabach.de\/wordpress\/wp-json\/wp\/v2\/posts"}],"about":[{"href":"https:\/\/www.region-schwabach.de\/wordpress\/wp-json\/wp\/v2\/types\/post"}],"author":[{"embeddable":true,"href":"https:\/\/www.region-schwabach.de\/wordpress\/wp-json\/wp\/v2\/users\/1"}],"replies":[{"embeddable":true,"href":"https:\/\/www.region-schwabach.de\/wordpress\/wp-json\/wp\/v2\/comments?post=25959"}],"version-history":[{"count":0,"href":"https:\/\/www.region-schwabach.de\/wordpress\/wp-json\/wp\/v2\/posts\/25959\/revisions"}],"wp:featuredmedia":[{"embeddable":true,"href":"https:\/\/www.region-schwabach.de\/wordpress\/wp-json\/wp\/v2\/media\/25960"}],"wp:attachment":[{"href":"https:\/\/www.region-schwabach.de\/wordpress\/wp-json\/wp\/v2\/media?parent=25959"}],"wp:term":[{"taxonomy":"category","embeddable":true,"href":"https:\/\/www.region-schwabach.de\/wordpress\/wp-json\/wp\/v2\/categories?post=25959"},{"taxonomy":"post_tag","embeddable":true,"href":"https:\/\/www.region-schwabach.de\/wordpress\/wp-json\/wp\/v2\/tags?post=25959"}],"curies":[{"name":"wp","href":"https:\/\/api.w.org\/{rel}","templated":true}]}}