{"id":26007,"date":"2018-01-27T12:27:22","date_gmt":"2018-01-27T11:27:22","guid":{"rendered":"http:\/\/www.region-schwabach.de\/wordpress\/?p=26007"},"modified":"2018-01-27T12:53:07","modified_gmt":"2018-01-27T11:53:07","slug":"verkehrsunfall-nach-reifenplatzer-auf-strasse-von-roth-nach-eckersmuehlen","status":"publish","type":"post","link":"https:\/\/www.region-schwabach.de\/wordpress\/verkehrsunfall-nach-reifenplatzer-auf-strasse-von-roth-nach-eckersmuehlen\/","title":{"rendered":"Verkehrsunfall nach Reifenplatzer auf Stra\u00dfe von Roth nach Eckersm\u00fchlen"},"content":{"rendered":"\t\t<div data-elementor-type=\"wp-post\" data-elementor-id=\"26007\" class=\"elementor elementor-26007 elementor-bc-flex-widget\">\n\t\t\t\t\t\t<section class=\"elementor-section elementor-top-section elementor-element elementor-element-1cuv9jr elementor-section-boxed elementor-section-height-default elementor-section-height-default\" data-id=\"1cuv9jr\" data-element_type=\"section\">\n\t\t\t\t\t\t<div class=\"elementor-container elementor-column-gap-default\">\n\t\t\t\t\t<div class=\"elementor-column elementor-col-66 elementor-top-column elementor-element elementor-element-q5zak7b\" data-id=\"q5zak7b\" data-element_type=\"column\">\n\t\t\t<div class=\"elementor-widget-wrap elementor-element-populated\">\n\t\t\t\t\t\t<div class=\"elementor-element elementor-element-86qws23 elementor-widget elementor-widget-text-editor\" data-id=\"86qws23\" data-element_type=\"widget\" data-widget_type=\"text-editor.default\">\n\t\t\t\t<div class=\"elementor-widget-container\">\n\t\t\t\t\t\t\t<h3>Verkehrsunfall bei Belmbrach<\/h3><p>Roth- Am Freitagnachmittag, den 26.01.2018, kam es auf der Verbindungsstra\u00dfe von Roth nach Eckersm\u00fchlen an der Abzweigung nach Belmbrach zu einem Verkehrsunfall, bei dem gl\u00fccklicherweise niemand verletzt wurde, und &#8222;nur&#8220; ein Sachschaden in H\u00f6he von rund 6.000 Euro zur\u00fcckblieb.<\/p><h3>Reifenplatzer f\u00fcr Unfall verantwortlich<\/h3><p>Ein 29-j\u00e4hriger Ford-Fahrer war hierbei von Eckersm\u00fchlen in Richtung Roth unterwegs, als er nach rechts in Richtung Belmbrach abbiegen wollte, und bei der n\u00f6tigen abbremsung seinesFahrzeugs der rechte Vorderreifen platzte.<\/p><h3>PKW nicht mehr kontrollierbar<\/h3><p>Dies hatte zur Folge, dass das Auto nicht mehr kontrolliert lenkbar war, so dass es an der Einm\u00fcndung zum Zusammensto\u00df mit einem gerade einbiegenden Kleintranporters eines 24-j\u00e4hrigen Mannes kam.<\/p>\t\t\t\t\t\t<\/div>\n\t\t\t\t<\/div>\n\t\t\t\t<div class=\"elementor-element elementor-element-id240nb elementor-widget elementor-widget-google_maps\" data-id=\"id240nb\" data-element_type=\"widget\" data-widget_type=\"google_maps.default\">\n\t\t\t\t<div class=\"elementor-widget-container\">\n\t\t\t\t\t<div class=\"elementor-custom-embed\">\n\t\t\t<iframe loading=\"lazy\"\n\t\t\t\t\tsrc=\"https:\/\/maps.google.com\/maps?q=Belmbrach%2C%20Deutschland&#038;t=m&#038;z=15&#038;output=embed&#038;iwloc=near\"\n\t\t\t\t\ttitle=\"Belmbrach, Deutschland\"\n\t\t\t\t\taria-label=\"Belmbrach, Deutschland\"\n\t\t\t><\/iframe>\n\t\t<\/div>\n\t\t\t\t<\/div>\n\t\t\t\t<\/div>\n\t\t\t\t\t<\/div>\n\t\t<\/div>\n\t\t\t\t<div class=\"elementor-column elementor-col-33 elementor-top-column elementor-element elementor-element-0w0urt1\" data-id=\"0w0urt1\" data-element_type=\"column\">\n\t\t\t<div class=\"elementor-widget-wrap elementor-element-populated\">\n\t\t\t\t\t\t<div class=\"elementor-element elementor-element-mo6nk5i elementor-widget elementor-widget-image\" data-id=\"mo6nk5i\" data-element_type=\"widget\" data-widget_type=\"image.default\">\n\t\t\t\t<div class=\"elementor-widget-container\">\n\t\t\t\t\t\t\t\t\t\t\t\t\t\t<a href=\"http:\/\/www.region-schwabach.de\/wordpress\/werben-auf-region-schwabach\/\" target=\"_blank\">\n\t\t\t\t\t\t\t<img fetchpriority=\"high\" decoding=\"async\" width=\"1024\" height=\"1024\" src=\"https:\/\/www.region-schwabach.de\/wordpress\/wp-content\/uploads\/2017\/06\/werbung8-1024x1024.png\" class=\"attachment-large size-large wp-image-2484\" alt=\"\" srcset=\"https:\/\/www.region-schwabach.de\/wordpress\/wp-content\/uploads\/2017\/06\/werbung8-1024x1024.png 1024w, https:\/\/www.region-schwabach.de\/wordpress\/wp-content\/uploads\/2017\/06\/werbung8-150x150.png 150w, https:\/\/www.region-schwabach.de\/wordpress\/wp-content\/uploads\/2017\/06\/werbung8-300x300.png 300w, https:\/\/www.region-schwabach.de\/wordpress\/wp-content\/uploads\/2017\/06\/werbung8-768x768.png 768w, https:\/\/www.region-schwabach.de\/wordpress\/wp-content\/uploads\/2017\/06\/werbung8-600x600.png 600w, https:\/\/www.region-schwabach.de\/wordpress\/wp-content\/uploads\/2017\/06\/werbung8.png 1200w\" sizes=\"(max-width: 1024px) 100vw, 1024px\" \/>\t\t\t\t\t\t\t\t<\/a>\n\t\t\t\t\t\t\t\t\t\t\t\t\t<\/div>\n\t\t\t\t<\/div>\n\t\t\t\t\t<\/div>\n\t\t<\/div>\n\t\t\t\t\t<\/div>\n\t\t<\/section>\n\t\t\t\t<\/div>\n\t\t","protected":false},"excerpt":{"rendered":"<div class=\"mh-excerpt\"><p>Verkehrsunfall bei Belmbrach Roth- Am Freitagnachmittag, den 26.01.2018, kam es auf der Verbindungsstra\u00dfe von Roth nach Eckersm\u00fchlen an der Abzweigung nach Belmbrach zu einem Verkehrsunfall, bei dem gl\u00fccklicherweise niemand verletzt wurde, und &#8222;nur&#8220; ein Sachschaden <a class=\"mh-excerpt-more\" href=\"https:\/\/www.region-schwabach.de\/wordpress\/verkehrsunfall-nach-reifenplatzer-auf-strasse-von-roth-nach-eckersmuehlen\/\" title=\"Verkehrsunfall nach Reifenplatzer auf Stra\u00dfe von Roth nach Eckersm\u00fchlen\">[&#8230;]<\/a><\/p>\n<\/div>","protected":false},"author":1,"featured_media":26008,"comment_status":"open","ping_status":"open","sticky":false,"template":"","format":"standard","meta":{"_cbd_carousel_blocks":"[]","footnotes":""},"categories":[15],"tags":[1972,2396,1419,221,549,463,32,401,713,334,1888],"class_list":{"0":"post-26007","1":"post","2":"type-post","3":"status-publish","4":"format-standard","5":"has-post-thumbnail","7":"category-polizeimeldungen","8":"tag-26-01-2018","9":"tag-abzweigung","10":"tag-belmbrach","11":"tag-eckersmuehlen","12":"tag-kleintransporter","13":"tag-pkw","14":"tag-roth","15":"tag-sachschaden","16":"tag-schaden","17":"tag-unfall","18":"tag-zusamenstoss"},"_links":{"self":[{"href":"https:\/\/www.region-schwabach.de\/wordpress\/wp-json\/wp\/v2\/posts\/26007","targetHints":{"allow":["GET"]}}],"collection":[{"href":"https:\/\/www.region-schwabach.de\/wordpress\/wp-json\/wp\/v2\/posts"}],"about":[{"href":"https:\/\/www.region-schwabach.de\/wordpress\/wp-json\/wp\/v2\/types\/post"}],"author":[{"embeddable":true,"href":"https:\/\/www.region-schwabach.de\/wordpress\/wp-json\/wp\/v2\/users\/1"}],"replies":[{"embeddable":true,"href":"https:\/\/www.region-schwabach.de\/wordpress\/wp-json\/wp\/v2\/comments?post=26007"}],"version-history":[{"count":0,"href":"https:\/\/www.region-schwabach.de\/wordpress\/wp-json\/wp\/v2\/posts\/26007\/revisions"}],"wp:featuredmedia":[{"embeddable":true,"href":"https:\/\/www.region-schwabach.de\/wordpress\/wp-json\/wp\/v2\/media\/26008"}],"wp:attachment":[{"href":"https:\/\/www.region-schwabach.de\/wordpress\/wp-json\/wp\/v2\/media?parent=26007"}],"wp:term":[{"taxonomy":"category","embeddable":true,"href":"https:\/\/www.region-schwabach.de\/wordpress\/wp-json\/wp\/v2\/categories?post=26007"},{"taxonomy":"post_tag","embeddable":true,"href":"https:\/\/www.region-schwabach.de\/wordpress\/wp-json\/wp\/v2\/tags?post=26007"}],"curies":[{"name":"wp","href":"https:\/\/api.w.org\/{rel}","templated":true}]}}