{"id":26051,"date":"2018-01-28T09:32:38","date_gmt":"2018-01-28T08:32:38","guid":{"rendered":"http:\/\/www.region-schwabach.de\/wordpress\/?p=26051"},"modified":"2018-01-28T09:45:36","modified_gmt":"2018-01-28T08:45:36","slug":"zwei-pkw-fahrer-unter-alkohol-bzw-drogeneinfluss-in-schwabach-unterwegs","status":"publish","type":"post","link":"https:\/\/www.region-schwabach.de\/wordpress\/zwei-pkw-fahrer-unter-alkohol-bzw-drogeneinfluss-in-schwabach-unterwegs\/","title":{"rendered":"Zwei PKW-Fahrer unter Alkohol- bzw Drogeneinfluss in Schwabach unterwegs"},"content":{"rendered":"\t\t<div data-elementor-type=\"wp-post\" data-elementor-id=\"26051\" class=\"elementor elementor-26051 elementor-bc-flex-widget\">\n\t\t\t\t\t\t<section class=\"elementor-section elementor-top-section elementor-element elementor-element-1cuv9jr elementor-section-boxed elementor-section-height-default elementor-section-height-default\" data-id=\"1cuv9jr\" data-element_type=\"section\">\n\t\t\t\t\t\t<div class=\"elementor-container elementor-column-gap-default\">\n\t\t\t\t\t<div class=\"elementor-column elementor-col-66 elementor-top-column elementor-element elementor-element-q5zak7b\" data-id=\"q5zak7b\" data-element_type=\"column\">\n\t\t\t<div class=\"elementor-widget-wrap elementor-element-populated\">\n\t\t\t\t\t\t<div class=\"elementor-element elementor-element-86qws23 elementor-widget elementor-widget-text-editor\" data-id=\"86qws23\" data-element_type=\"widget\" data-widget_type=\"text-editor.default\">\n\t\t\t\t<div class=\"elementor-widget-container\">\n\t\t\t\t\t\t\t<h3>Zwei Verkehrsteilnehmer bei Kontrolle ertappt<\/h3><p>Schwabach- Am Samstagabend, den 27.01.2018, gerieten innerhalb kurzer Zeit fielen zwei nicht mehr verkehrst\u00fcchtige Fahrzeugf\u00fchrer ins Visier von\u00a0Streifenbesatzungen der Schwabacher Polizei.<\/p><h3>Unter Drogeneinfluss unterwegs<\/h3><p>Zun\u00e4chst bemerkten Beamte bei einer Verkehrskontrolle in der Angerstra\u00dfe bei einem 36-j\u00e4hrigen aus Schwabach Anzeichen auf vorangegangenen Drogenkonsum.<\/p><p>Ein entsprechender Drogentest reagierte dann auch positiv auf THC, was eine Blutentnahme zur Folge hatte.<\/p><h3>Unter Alkoholeinfluss unterwegs<\/h3><p>Wenige Zeit sp\u00e4ter geriet ein 26-j\u00e4hriger aus Schwabach dann in der Penzendorfer Stra\u00dfe in eine Kontrolle, bei der sich herausstellte, dass der Fahrzeugf\u00fchrer wohl zuvor etwas zu viel alkohol genossen hatte. Ein entsprechender Alkoholtest ergab dann auch einen Wert von 0,30 mg\/l.<\/p><h3>Beide PKW-Fahrer erwarten nun empfindliche Strafen<\/h3><p>Beide Fahrzeugf\u00fchrer erwartet nun eine Anzeige, eine nicht unerhebliche Geldstrafe, sowie ein Fahrverbot.<\/p>\t\t\t\t\t\t<\/div>\n\t\t\t\t<\/div>\n\t\t\t\t<div class=\"elementor-element elementor-element-id240nb elementor-widget elementor-widget-google_maps\" data-id=\"id240nb\" data-element_type=\"widget\" data-widget_type=\"google_maps.default\">\n\t\t\t\t<div class=\"elementor-widget-container\">\n\t\t\t\t\t<div class=\"elementor-custom-embed\">\n\t\t\t<iframe loading=\"lazy\"\n\t\t\t\t\tsrc=\"https:\/\/maps.google.com\/maps?q=Angerstra%C3%9Fe%2C%20Schwabach%2C%20Deutschland&#038;t=m&#038;z=15&#038;output=embed&#038;iwloc=near\"\n\t\t\t\t\ttitle=\"Angerstra\u00dfe, Schwabach, Deutschland\"\n\t\t\t\t\taria-label=\"Angerstra\u00dfe, Schwabach, Deutschland\"\n\t\t\t><\/iframe>\n\t\t<\/div>\n\t\t\t\t<\/div>\n\t\t\t\t<\/div>\n\t\t\t\t<div class=\"elementor-element elementor-element-7957d7a elementor-widget elementor-widget-google_maps\" data-id=\"7957d7a\" data-element_type=\"widget\" data-widget_type=\"google_maps.default\">\n\t\t\t\t<div class=\"elementor-widget-container\">\n\t\t\t\t\t<div class=\"elementor-custom-embed\">\n\t\t\t<iframe loading=\"lazy\"\n\t\t\t\t\tsrc=\"https:\/\/maps.google.com\/maps?q=Penzendorfer%20Stra%C3%9Fe%2C%20Schwabach%2C%20Deutschland&#038;t=m&#038;z=15&#038;output=embed&#038;iwloc=near\"\n\t\t\t\t\ttitle=\"Penzendorfer Stra\u00dfe, Schwabach, Deutschland\"\n\t\t\t\t\taria-label=\"Penzendorfer Stra\u00dfe, Schwabach, Deutschland\"\n\t\t\t><\/iframe>\n\t\t<\/div>\n\t\t\t\t<\/div>\n\t\t\t\t<\/div>\n\t\t\t\t\t<\/div>\n\t\t<\/div>\n\t\t\t\t<div class=\"elementor-column elementor-col-33 elementor-top-column elementor-element elementor-element-0w0urt1\" data-id=\"0w0urt1\" data-element_type=\"column\">\n\t\t\t<div class=\"elementor-widget-wrap elementor-element-populated\">\n\t\t\t\t\t\t<div class=\"elementor-element elementor-element-mo6nk5i elementor-widget elementor-widget-image\" data-id=\"mo6nk5i\" data-element_type=\"widget\" data-widget_type=\"image.default\">\n\t\t\t\t<div class=\"elementor-widget-container\">\n\t\t\t\t\t\t\t\t\t\t\t\t\t\t<a href=\"http:\/\/www.region-schwabach.de\/wordpress\/werben-auf-region-schwabach\/\" target=\"_blank\">\n\t\t\t\t\t\t\t<img fetchpriority=\"high\" decoding=\"async\" width=\"1024\" height=\"1024\" src=\"https:\/\/www.region-schwabach.de\/wordpress\/wp-content\/uploads\/2017\/06\/werbung8-1024x1024.png\" class=\"attachment-large size-large wp-image-2484\" alt=\"\" srcset=\"https:\/\/www.region-schwabach.de\/wordpress\/wp-content\/uploads\/2017\/06\/werbung8-1024x1024.png 1024w, https:\/\/www.region-schwabach.de\/wordpress\/wp-content\/uploads\/2017\/06\/werbung8-150x150.png 150w, https:\/\/www.region-schwabach.de\/wordpress\/wp-content\/uploads\/2017\/06\/werbung8-300x300.png 300w, https:\/\/www.region-schwabach.de\/wordpress\/wp-content\/uploads\/2017\/06\/werbung8-768x768.png 768w, https:\/\/www.region-schwabach.de\/wordpress\/wp-content\/uploads\/2017\/06\/werbung8-600x600.png 600w, https:\/\/www.region-schwabach.de\/wordpress\/wp-content\/uploads\/2017\/06\/werbung8.png 1200w\" sizes=\"(max-width: 1024px) 100vw, 1024px\" \/>\t\t\t\t\t\t\t\t<\/a>\n\t\t\t\t\t\t\t\t\t\t\t\t\t<\/div>\n\t\t\t\t<\/div>\n\t\t\t\t\t<\/div>\n\t\t<\/div>\n\t\t\t\t\t<\/div>\n\t\t<\/section>\n\t\t\t\t<\/div>\n\t\t","protected":false},"excerpt":{"rendered":"<div class=\"mh-excerpt\"><p>Zwei Verkehrsteilnehmer bei Kontrolle ertappt Schwabach- Am Samstagabend, den 27.01.2018, gerieten innerhalb kurzer Zeit fielen zwei nicht mehr verkehrst\u00fcchtige Fahrzeugf\u00fchrer ins Visier von\u00a0Streifenbesatzungen der Schwabacher Polizei. Unter Drogeneinfluss unterwegs Zun\u00e4chst bemerkten Beamte bei einer Verkehrskontrolle <a class=\"mh-excerpt-more\" href=\"https:\/\/www.region-schwabach.de\/wordpress\/zwei-pkw-fahrer-unter-alkohol-bzw-drogeneinfluss-in-schwabach-unterwegs\/\" title=\"Zwei PKW-Fahrer unter Alkohol- bzw Drogeneinfluss in Schwabach unterwegs\">[&#8230;]<\/a><\/p>\n<\/div>","protected":false},"author":1,"featured_media":26052,"comment_status":"open","ping_status":"open","sticky":false,"template":"","format":"standard","meta":{"_cbd_carousel_blocks":"[]","footnotes":""},"categories":[15],"tags":[1973,470,941,1301,1636,701,1018,2290,716,463,19,39],"class_list":{"0":"post-26051","1":"post","2":"type-post","3":"status-publish","4":"format-standard","5":"has-post-thumbnail","7":"category-polizeimeldungen","8":"tag-27-01-2018","9":"tag-alkohol","10":"tag-angerstrasse","11":"tag-anzeige","12":"tag-blutentnahme","13":"tag-drogen","14":"tag-fahrverbot","15":"tag-geldbusse","16":"tag-penzendorfer-strasse","17":"tag-pkw","18":"tag-schwabach","19":"tag-verkehrskontrolle"},"_links":{"self":[{"href":"https:\/\/www.region-schwabach.de\/wordpress\/wp-json\/wp\/v2\/posts\/26051","targetHints":{"allow":["GET"]}}],"collection":[{"href":"https:\/\/www.region-schwabach.de\/wordpress\/wp-json\/wp\/v2\/posts"}],"about":[{"href":"https:\/\/www.region-schwabach.de\/wordpress\/wp-json\/wp\/v2\/types\/post"}],"author":[{"embeddable":true,"href":"https:\/\/www.region-schwabach.de\/wordpress\/wp-json\/wp\/v2\/users\/1"}],"replies":[{"embeddable":true,"href":"https:\/\/www.region-schwabach.de\/wordpress\/wp-json\/wp\/v2\/comments?post=26051"}],"version-history":[{"count":0,"href":"https:\/\/www.region-schwabach.de\/wordpress\/wp-json\/wp\/v2\/posts\/26051\/revisions"}],"wp:featuredmedia":[{"embeddable":true,"href":"https:\/\/www.region-schwabach.de\/wordpress\/wp-json\/wp\/v2\/media\/26052"}],"wp:attachment":[{"href":"https:\/\/www.region-schwabach.de\/wordpress\/wp-json\/wp\/v2\/media?parent=26051"}],"wp:term":[{"taxonomy":"category","embeddable":true,"href":"https:\/\/www.region-schwabach.de\/wordpress\/wp-json\/wp\/v2\/categories?post=26051"},{"taxonomy":"post_tag","embeddable":true,"href":"https:\/\/www.region-schwabach.de\/wordpress\/wp-json\/wp\/v2\/tags?post=26051"}],"curies":[{"name":"wp","href":"https:\/\/api.w.org\/{rel}","templated":true}]}}