{"id":26334,"date":"2018-01-30T11:35:05","date_gmt":"2018-01-30T10:35:05","guid":{"rendered":"http:\/\/www.region-schwabach.de\/wordpress\/?p=26334"},"modified":"2018-01-30T11:50:15","modified_gmt":"2018-01-30T10:50:15","slug":"zwei-wohnungseinbrueche-in-wendelstein-und-grossschwarzenlohe-am-montag","status":"publish","type":"post","link":"https:\/\/www.region-schwabach.de\/wordpress\/zwei-wohnungseinbrueche-in-wendelstein-und-grossschwarzenlohe-am-montag\/","title":{"rendered":"Zwei Wohnungseinbr\u00fcche in Wendelstein und Gro\u00dfschwarzenlohe am Montag"},"content":{"rendered":"\t\t<div data-elementor-type=\"wp-post\" data-elementor-id=\"26334\" class=\"elementor elementor-26334 elementor-bc-flex-widget\">\n\t\t\t\t\t\t<section class=\"elementor-section elementor-top-section elementor-element elementor-element-tlus4ia elementor-section-boxed elementor-section-height-default elementor-section-height-default\" data-id=\"tlus4ia\" data-element_type=\"section\">\n\t\t\t\t\t\t<div class=\"elementor-container elementor-column-gap-default\">\n\t\t\t\t\t<div class=\"elementor-column elementor-col-66 elementor-top-column elementor-element elementor-element-sphcucl\" data-id=\"sphcucl\" data-element_type=\"column\">\n\t\t\t<div class=\"elementor-widget-wrap elementor-element-populated\">\n\t\t\t\t\t\t<div class=\"elementor-element elementor-element-4f2h2af elementor-widget elementor-widget-text-editor\" data-id=\"4f2h2af\" data-element_type=\"widget\" data-widget_type=\"text-editor.default\">\n\t\t\t\t<div class=\"elementor-widget-container\">\n\t\t\t\t\t\t\t<h3>Zweie Wohnungseinbr\u00fcche in Gro\u00dfschwarzenlohe und Wendelstein<\/h3><p>Schwabach &#8211; Am Montag, den 29.01.2018, kam es im Gemeindegebiet von Wendelstein zu zwei Wohnungseinbr\u00fcchen, bei deren Aufkl\u00e4rung die Polizei um Mithilfe bittet.<\/p><h3>Fliederstra\u00dfe in Wendelstein<\/h3><p>In der Zeit von 12.00 Uhr bis 21.30 Uhr drangen die Unbekannte dabei in eine Wohnung eines Wohnhauses in der Fliederstra\u00dfe in Wendelstein ein. Derzeit wird noch ermittelt, wie hoch der entstandene Sach- und Entwendungsschaden ist.<\/p><h3>Tannenstra\u00dfe in Gro\u00dfschwarzenlohe<\/h3><p>Zwischen 18.30 Uhr und 19.45 Uhr verschafften sich Einbrecher Zugang zu einem Anwesen in der Tannenstra\u00dfe in Gro\u00dfschwarzenlohe. Dort entwendeten die bisher Unbekannten dann Bargeld und Schmuck im Wert von mehreren hundert Euro.<\/p><h3>Bei beiden Einbr\u00fcchen insgesamt vermutlich mehrere tausend Euro Sach- und Entwendungsschaden<\/h3><p>Bei beiden Einbr\u00fcchen hebelten der oder die unbekannten Einbrecher dabei jeweils die Terrassent\u00fcre auf, um anschlie\u00dfend die R\u00e4umlichkeiten zu durchsuchen, wobei sie Bargeld und Schmuck im Wert von einigen tausend Euro erbeuteten, und an den aufgehebelten Terrassent\u00fcren au\u00dferdem einen Sachschaden in H\u00f6he von insgesamt ca. 3.000 Euro hinterlie\u00dfen.<\/p><h3>Polizei bittet um Mithilfe<\/h3><p>Anwohner und Passanten, die im angegebenen Zeitraum verd\u00e4chtige Beobachtungen gemacht haben, werden gebeten, diese dem Kriminaldauerdienst Mittelfranken unter der Rufnummer 0911-2112-3333 mitzuteilen. Auch vermeintlich noch so kleine und unwichtig erscheinende Informationen k\u00f6nnen dabei hilfreich f\u00fcr die Aufkl\u00e4rung sein.<\/p>\t\t\t\t\t\t<\/div>\n\t\t\t\t<\/div>\n\t\t\t\t<div class=\"elementor-element elementor-element-39c5f74 elementor-widget elementor-widget-google_maps\" data-id=\"39c5f74\" data-element_type=\"widget\" data-widget_type=\"google_maps.default\">\n\t\t\t\t<div class=\"elementor-widget-container\">\n\t\t\t\t\t<div class=\"elementor-custom-embed\">\n\t\t\t<iframe loading=\"lazy\"\n\t\t\t\t\tsrc=\"https:\/\/maps.google.com\/maps?q=Fliederstra%C3%9Fe%2C%20Wendelstein%2C%20Deutschland&#038;t=m&#038;z=17&#038;output=embed&#038;iwloc=near\"\n\t\t\t\t\ttitle=\"Fliederstra\u00dfe, Wendelstein, Deutschland\"\n\t\t\t\t\taria-label=\"Fliederstra\u00dfe, Wendelstein, Deutschland\"\n\t\t\t><\/iframe>\n\t\t<\/div>\n\t\t\t\t<\/div>\n\t\t\t\t<\/div>\n\t\t\t\t<div class=\"elementor-element elementor-element-f26ddc6 elementor-widget elementor-widget-google_maps\" data-id=\"f26ddc6\" data-element_type=\"widget\" data-widget_type=\"google_maps.default\">\n\t\t\t\t<div class=\"elementor-widget-container\">\n\t\t\t\t\t<div class=\"elementor-custom-embed\">\n\t\t\t<iframe loading=\"lazy\"\n\t\t\t\t\tsrc=\"https:\/\/maps.google.com\/maps?q=Tannenstra%C3%9Fe%2C%20Gro%C3%9Fschwarzenlohe%2C%20Deutschland&#038;t=m&#038;z=18&#038;output=embed&#038;iwloc=near\"\n\t\t\t\t\ttitle=\"Tannenstra\u00dfe, Gro\u00dfschwarzenlohe, Deutschland\"\n\t\t\t\t\taria-label=\"Tannenstra\u00dfe, Gro\u00dfschwarzenlohe, Deutschland\"\n\t\t\t><\/iframe>\n\t\t<\/div>\n\t\t\t\t<\/div>\n\t\t\t\t<\/div>\n\t\t\t\t\t<\/div>\n\t\t<\/div>\n\t\t\t\t<div class=\"elementor-column elementor-col-33 elementor-top-column elementor-element elementor-element-flkv3o5\" data-id=\"flkv3o5\" data-element_type=\"column\">\n\t\t\t<div class=\"elementor-widget-wrap elementor-element-populated\">\n\t\t\t\t\t\t<div class=\"elementor-element elementor-element-bpvimlk elementor-widget elementor-widget-image\" data-id=\"bpvimlk\" data-element_type=\"widget\" data-widget_type=\"image.default\">\n\t\t\t\t<div class=\"elementor-widget-container\">\n\t\t\t\t\t\t\t\t\t\t\t\t\t\t<a href=\"http:\/\/www.region-schwabach.de\/wordpress\/werben-auf-region-schwabach\/\" target=\"_blank\">\n\t\t\t\t\t\t\t<img fetchpriority=\"high\" decoding=\"async\" width=\"1024\" height=\"1024\" src=\"https:\/\/www.region-schwabach.de\/wordpress\/wp-content\/uploads\/2017\/06\/werbung8-1024x1024.png\" class=\"attachment-large size-large wp-image-2484\" alt=\"\" srcset=\"https:\/\/www.region-schwabach.de\/wordpress\/wp-content\/uploads\/2017\/06\/werbung8-1024x1024.png 1024w, https:\/\/www.region-schwabach.de\/wordpress\/wp-content\/uploads\/2017\/06\/werbung8-150x150.png 150w, https:\/\/www.region-schwabach.de\/wordpress\/wp-content\/uploads\/2017\/06\/werbung8-300x300.png 300w, https:\/\/www.region-schwabach.de\/wordpress\/wp-content\/uploads\/2017\/06\/werbung8-768x768.png 768w, https:\/\/www.region-schwabach.de\/wordpress\/wp-content\/uploads\/2017\/06\/werbung8-600x600.png 600w, https:\/\/www.region-schwabach.de\/wordpress\/wp-content\/uploads\/2017\/06\/werbung8.png 1200w\" sizes=\"(max-width: 1024px) 100vw, 1024px\" \/>\t\t\t\t\t\t\t\t<\/a>\n\t\t\t\t\t\t\t\t\t\t\t\t\t<\/div>\n\t\t\t\t<\/div>\n\t\t\t\t\t<\/div>\n\t\t<\/div>\n\t\t\t\t\t<\/div>\n\t\t<\/section>\n\t\t\t\t<\/div>\n\t\t","protected":false},"excerpt":{"rendered":"<div class=\"mh-excerpt\"><p>Zweie Wohnungseinbr\u00fcche in Gro\u00dfschwarzenlohe und Wendelstein Schwabach &#8211; Am Montag, den 29.01.2018, kam es im Gemeindegebiet von Wendelstein zu zwei Wohnungseinbr\u00fcchen, bei deren Aufkl\u00e4rung die Polizei um Mithilfe bittet. Fliederstra\u00dfe in Wendelstein In der Zeit <a class=\"mh-excerpt-more\" href=\"https:\/\/www.region-schwabach.de\/wordpress\/zwei-wohnungseinbrueche-in-wendelstein-und-grossschwarzenlohe-am-montag\/\" title=\"Zwei Wohnungseinbr\u00fcche in Wendelstein und Gro\u00dfschwarzenlohe am Montag\">[&#8230;]<\/a><\/p>\n<\/div>","protected":false},"author":1,"featured_media":26335,"comment_status":"open","ping_status":"open","sticky":false,"template":"","format":"standard","meta":{"_cbd_carousel_blocks":"[]","footnotes":""},"categories":[15],"tags":[1975,629,1531,30,331,217,2422,516,401,713,44,19,1005,31,1844],"class_list":{"0":"post-26334","1":"post","2":"type-post","3":"status-publish","4":"format-standard","5":"has-post-thumbnail","7":"category-polizeimeldungen","8":"tag-29-01-2018","9":"tag-bargeld","10":"tag-beute","11":"tag-diebstahl","12":"tag-einbrecher","13":"tag-einbruch","14":"tag-fliederstrasse","15":"tag-grossschwarzenlohe","16":"tag-sachschaden","17":"tag-schaden","18":"tag-schmuck","19":"tag-schwabach","20":"tag-tannenstrasse","21":"tag-wendelstein","22":"tag-wohnung"},"_links":{"self":[{"href":"https:\/\/www.region-schwabach.de\/wordpress\/wp-json\/wp\/v2\/posts\/26334","targetHints":{"allow":["GET"]}}],"collection":[{"href":"https:\/\/www.region-schwabach.de\/wordpress\/wp-json\/wp\/v2\/posts"}],"about":[{"href":"https:\/\/www.region-schwabach.de\/wordpress\/wp-json\/wp\/v2\/types\/post"}],"author":[{"embeddable":true,"href":"https:\/\/www.region-schwabach.de\/wordpress\/wp-json\/wp\/v2\/users\/1"}],"replies":[{"embeddable":true,"href":"https:\/\/www.region-schwabach.de\/wordpress\/wp-json\/wp\/v2\/comments?post=26334"}],"version-history":[{"count":0,"href":"https:\/\/www.region-schwabach.de\/wordpress\/wp-json\/wp\/v2\/posts\/26334\/revisions"}],"wp:featuredmedia":[{"embeddable":true,"href":"https:\/\/www.region-schwabach.de\/wordpress\/wp-json\/wp\/v2\/media\/26335"}],"wp:attachment":[{"href":"https:\/\/www.region-schwabach.de\/wordpress\/wp-json\/wp\/v2\/media?parent=26334"}],"wp:term":[{"taxonomy":"category","embeddable":true,"href":"https:\/\/www.region-schwabach.de\/wordpress\/wp-json\/wp\/v2\/categories?post=26334"},{"taxonomy":"post_tag","embeddable":true,"href":"https:\/\/www.region-schwabach.de\/wordpress\/wp-json\/wp\/v2\/tags?post=26334"}],"curies":[{"name":"wp","href":"https:\/\/api.w.org\/{rel}","templated":true}]}}