{"id":26364,"date":"2018-01-31T09:49:00","date_gmt":"2018-01-31T08:49:00","guid":{"rendered":"http:\/\/www.region-schwabach.de\/wordpress\/?p=26364"},"modified":"2018-01-31T10:16:45","modified_gmt":"2018-01-31T09:16:45","slug":"schutzplanken-zwischen-rohr-und-buchschwabach-beschaedigt-und-gefluechtet-2","status":"publish","type":"post","link":"https:\/\/www.region-schwabach.de\/wordpress\/schutzplanken-zwischen-rohr-und-buchschwabach-beschaedigt-und-gefluechtet-2\/","title":{"rendered":"Schutzplanken zwischen Rohr und Buchschwabach besch\u00e4digt und gefl\u00fcchtet"},"content":{"rendered":"\t\t<div data-elementor-type=\"wp-post\" data-elementor-id=\"26364\" class=\"elementor elementor-26364 elementor-bc-flex-widget\">\n\t\t\t\t\t\t<section class=\"elementor-section elementor-top-section elementor-element elementor-element-74ajz0k elementor-section-boxed elementor-section-height-default elementor-section-height-default\" data-id=\"74ajz0k\" data-element_type=\"section\">\n\t\t\t\t\t\t<div class=\"elementor-container elementor-column-gap-default\">\n\t\t\t\t\t<div class=\"elementor-column elementor-col-50 elementor-top-column elementor-element elementor-element-holtw7r\" data-id=\"holtw7r\" data-element_type=\"column\">\n\t\t\t<div class=\"elementor-widget-wrap elementor-element-populated\">\n\t\t\t\t\t\t<div class=\"elementor-element elementor-element-638lvp2 elementor-widget elementor-widget-text-editor\" data-id=\"638lvp2\" data-element_type=\"widget\" data-widget_type=\"text-editor.default\">\n\t\t\t\t<div class=\"elementor-widget-container\">\n\t\t\t\t\t\t\t<h3>Schutzplanke besch\u00e4digt<\/h3><p>Schwabach &#8211; Am Montagmorgen, den 29.01.2018, entdeckte eine Streckenkontrolle des Kreisbauhofs Abenberg auf der Kreisstra\u00dfe zwischen Rohr und Buchschwabach in H\u00f6he des Rohrer Gewerbegebietes \u201eGewerbering Nord\u201c einen Schutzplankenschaden, und meldete diesen der Polizeiinspektion Schwabach.<\/p><h3>Unfall zwischen 22.01.2018 und 29.01.2018<\/h3><p>Ermittlungen ergaben, dass der Schaden in der Zeit zwischen Montag, 22.01.2018, und Montag, 29.01.2018, von einem in Richtung Buchschwabach fahrender Lkw mit Zwillingsbereifung verursacht wurde, der nach rechts von der Fahrbahn abkam.<\/p><h3>Fl\u00fcchtiger Fahrer hinterl\u00e4sst 1.000 Euro Schaden<\/h3><p>An der Unfallstelle wurde hellblauer Farbabrieb und eine seitliche Blinkerleuchte aufgefunden, die beim Verursacher auf einen Lkw Daimler Benz Typ Atego schli\u00dfen lassen. Bei dem Unfall hinterlie\u00df der fl\u00fcchtige Fahrer einen Sachschaden in H\u00f6he von ca. 1.000 Euro.\u00a0<\/p><h3>Polizei bittet um Mithilfe<\/h3><p>Personen, die verd\u00e4chtige Beobachtungen gemacht haben, werden gebeten, diese der Polizei in Schwabach unter der Rufnummer 09122-927-0 mitzuteilen.<\/p>\t\t\t\t\t\t<\/div>\n\t\t\t\t<\/div>\n\t\t\t\t<section class=\"elementor-section elementor-inner-section elementor-element elementor-element-fqe6vjk elementor-section-boxed elementor-section-height-default elementor-section-height-default\" data-id=\"fqe6vjk\" data-element_type=\"section\">\n\t\t\t\t\t\t<div class=\"elementor-container elementor-column-gap-default\">\n\t\t\t\t\t<div class=\"elementor-column elementor-col-100 elementor-inner-column elementor-element elementor-element-mv4myf2\" data-id=\"mv4myf2\" data-element_type=\"column\">\n\t\t\t<div class=\"elementor-widget-wrap elementor-element-populated\">\n\t\t\t\t\t\t<div class=\"elementor-element elementor-element-p2vmo3w elementor-widget elementor-widget-google_maps\" data-id=\"p2vmo3w\" data-element_type=\"widget\" data-widget_type=\"google_maps.default\">\n\t\t\t\t<div class=\"elementor-widget-container\">\n\t\t\t\t\t<div class=\"elementor-custom-embed\">\n\t\t\t<iframe loading=\"lazy\"\n\t\t\t\t\tsrc=\"https:\/\/maps.google.com\/maps?q=49.351772%2C%2010.883286&#038;t=m&#038;z=13&#038;output=embed&#038;iwloc=near\"\n\t\t\t\t\ttitle=\"49.351772, 10.883286\"\n\t\t\t\t\taria-label=\"49.351772, 10.883286\"\n\t\t\t><\/iframe>\n\t\t<\/div>\n\t\t\t\t<\/div>\n\t\t\t\t<\/div>\n\t\t\t\t\t<\/div>\n\t\t<\/div>\n\t\t\t\t\t<\/div>\n\t\t<\/section>\n\t\t\t\t\t<\/div>\n\t\t<\/div>\n\t\t\t\t<div class=\"elementor-column elementor-col-50 elementor-top-column elementor-element elementor-element-grpaw28\" data-id=\"grpaw28\" data-element_type=\"column\">\n\t\t\t<div class=\"elementor-widget-wrap elementor-element-populated\">\n\t\t\t\t\t\t<div class=\"elementor-element elementor-element-cgrwuya elementor-widget elementor-widget-image\" data-id=\"cgrwuya\" data-element_type=\"widget\" data-widget_type=\"image.default\">\n\t\t\t\t<div class=\"elementor-widget-container\">\n\t\t\t\t\t\t\t\t\t\t\t\t\t\t<a href=\"http:\/\/www.region-schwabach.de\/wordpress\/werben-auf-region-schwabach\/\" target=\"_blank\">\n\t\t\t\t\t\t\t<img fetchpriority=\"high\" decoding=\"async\" width=\"1024\" height=\"1024\" src=\"https:\/\/www.region-schwabach.de\/wordpress\/wp-content\/uploads\/2017\/06\/werbung8-1024x1024.png\" class=\"attachment-large size-large wp-image-2484\" alt=\"\" srcset=\"https:\/\/www.region-schwabach.de\/wordpress\/wp-content\/uploads\/2017\/06\/werbung8-1024x1024.png 1024w, https:\/\/www.region-schwabach.de\/wordpress\/wp-content\/uploads\/2017\/06\/werbung8-150x150.png 150w, https:\/\/www.region-schwabach.de\/wordpress\/wp-content\/uploads\/2017\/06\/werbung8-300x300.png 300w, https:\/\/www.region-schwabach.de\/wordpress\/wp-content\/uploads\/2017\/06\/werbung8-768x768.png 768w, https:\/\/www.region-schwabach.de\/wordpress\/wp-content\/uploads\/2017\/06\/werbung8-600x600.png 600w, https:\/\/www.region-schwabach.de\/wordpress\/wp-content\/uploads\/2017\/06\/werbung8.png 1200w\" sizes=\"(max-width: 1024px) 100vw, 1024px\" \/>\t\t\t\t\t\t\t\t<\/a>\n\t\t\t\t\t\t\t\t\t\t\t\t\t<\/div>\n\t\t\t\t<\/div>\n\t\t\t\t\t<\/div>\n\t\t<\/div>\n\t\t\t\t\t<\/div>\n\t\t<\/section>\n\t\t\t\t<\/div>\n\t\t","protected":false},"excerpt":{"rendered":"<div class=\"mh-excerpt\"><p>Schutzplanke besch\u00e4digt Schwabach &#8211; Am Montagmorgen, den 29.01.2018, entdeckte eine Streckenkontrolle des Kreisbauhofs Abenberg auf der Kreisstra\u00dfe zwischen Rohr und Buchschwabach in H\u00f6he des Rohrer Gewerbegebietes \u201eGewerbering Nord\u201c einen Schutzplankenschaden, und meldete diesen der Polizeiinspektion <a class=\"mh-excerpt-more\" href=\"https:\/\/www.region-schwabach.de\/wordpress\/schutzplanken-zwischen-rohr-und-buchschwabach-beschaedigt-und-gefluechtet-2\/\" title=\"Schutzplanken zwischen Rohr und Buchschwabach besch\u00e4digt und gefl\u00fcchtet\">[&#8230;]<\/a><\/p>\n<\/div>","protected":false},"author":1,"featured_media":26365,"comment_status":"open","ping_status":"open","sticky":false,"template":"","format":"standard","meta":{"_cbd_carousel_blocks":"[]","footnotes":""},"categories":[15],"tags":[1968,1969,1970,1971,1972,1973,1974,1975,578,2530,454,2533,2532,329,2531,19,457],"class_list":{"0":"post-26364","1":"post","2":"type-post","3":"status-publish","4":"format-standard","5":"has-post-thumbnail","7":"category-polizeimeldungen","8":"tag-22-01-2018","9":"tag-23-01-2018","10":"tag-24-01-2018","11":"tag-25-01-2018","12":"tag-26-01-2018","13":"tag-27-01-2018","14":"tag-28-01-2018","15":"tag-29-01-2018","16":"tag-abenberg","17":"tag-buchschwabach","18":"tag-fahrerflucht","19":"tag-kreisbauhof","20":"tag-lkw-daimler-benz-typ-atego","21":"tag-rohr","22":"tag-schutzplankenschaden","23":"tag-schwabach","24":"tag-unfallflucht"},"_links":{"self":[{"href":"https:\/\/www.region-schwabach.de\/wordpress\/wp-json\/wp\/v2\/posts\/26364","targetHints":{"allow":["GET"]}}],"collection":[{"href":"https:\/\/www.region-schwabach.de\/wordpress\/wp-json\/wp\/v2\/posts"}],"about":[{"href":"https:\/\/www.region-schwabach.de\/wordpress\/wp-json\/wp\/v2\/types\/post"}],"author":[{"embeddable":true,"href":"https:\/\/www.region-schwabach.de\/wordpress\/wp-json\/wp\/v2\/users\/1"}],"replies":[{"embeddable":true,"href":"https:\/\/www.region-schwabach.de\/wordpress\/wp-json\/wp\/v2\/comments?post=26364"}],"version-history":[{"count":0,"href":"https:\/\/www.region-schwabach.de\/wordpress\/wp-json\/wp\/v2\/posts\/26364\/revisions"}],"wp:featuredmedia":[{"embeddable":true,"href":"https:\/\/www.region-schwabach.de\/wordpress\/wp-json\/wp\/v2\/media\/26365"}],"wp:attachment":[{"href":"https:\/\/www.region-schwabach.de\/wordpress\/wp-json\/wp\/v2\/media?parent=26364"}],"wp:term":[{"taxonomy":"category","embeddable":true,"href":"https:\/\/www.region-schwabach.de\/wordpress\/wp-json\/wp\/v2\/categories?post=26364"},{"taxonomy":"post_tag","embeddable":true,"href":"https:\/\/www.region-schwabach.de\/wordpress\/wp-json\/wp\/v2\/tags?post=26364"}],"curies":[{"name":"wp","href":"https:\/\/api.w.org\/{rel}","templated":true}]}}