{"id":26388,"date":"2018-01-31T11:30:52","date_gmt":"2018-01-31T10:30:52","guid":{"rendered":"http:\/\/www.region-schwabach.de\/wordpress\/?p=26388"},"modified":"2018-01-31T11:40:53","modified_gmt":"2018-01-31T10:40:53","slug":"vorfahrtsberechtigten-pkw-beim-abbiegen-in-weissenburg-uebersehen","status":"publish","type":"post","link":"https:\/\/www.region-schwabach.de\/wordpress\/vorfahrtsberechtigten-pkw-beim-abbiegen-in-weissenburg-uebersehen\/","title":{"rendered":"Vorfahrtsberechtigten Pkw beim Abbiegen in Wei\u00dfenburg \u00fcbersehen"},"content":{"rendered":"\t\t<div data-elementor-type=\"wp-post\" data-elementor-id=\"26388\" class=\"elementor elementor-26388 elementor-bc-flex-widget\">\n\t\t\t\t\t\t<section class=\"elementor-section elementor-top-section elementor-element elementor-element-74ajz0k elementor-section-boxed elementor-section-height-default elementor-section-height-default\" data-id=\"74ajz0k\" data-element_type=\"section\">\n\t\t\t\t\t\t<div class=\"elementor-container elementor-column-gap-default\">\n\t\t\t\t\t<div class=\"elementor-column elementor-col-50 elementor-top-column elementor-element elementor-element-holtw7r\" data-id=\"holtw7r\" data-element_type=\"column\">\n\t\t\t<div class=\"elementor-widget-wrap elementor-element-populated\">\n\t\t\t\t\t\t<div class=\"elementor-element elementor-element-638lvp2 elementor-widget elementor-widget-text-editor\" data-id=\"638lvp2\" data-element_type=\"widget\" data-widget_type=\"text-editor.default\">\n\t\t\t\t<div class=\"elementor-widget-container\">\n\t\t\t\t\t\t\t<h3>Verkehrsunfall in Wei\u00dfenburg<\/h3><p>Wei\u00dfenburg &#8211; Am Dienstagvormittag, den 30.01.2018, kam am sog. \u201eGr\u00fcnen Kranz\u201c zu einem Verkehrsunfall, bei dem ein Sachschaden in H\u00f6he von ca. 12.000,- Euro entstanden ist.<\/p><h3>Vorfahrtsberechtigten PKW \u00fcbersehen<\/h3><p>Dabei war eine 46-j\u00e4hrige Pkw-Fahrerin auf der Holzgasse in Richtung Ludwigsh\u00f6he unterwegs, als sie einen vorfahrtsberechtigten Pkw &#8211; welcher von der Augsburger Stra\u00dfe Richtung Stadtmitte fahren wollte &#8211; \u00fcbersah.<\/p><h3>Gesch\u00e4digter muss abgeschleppt werden<\/h3><p>Der Pkw des Gesch\u00e4digten war im Anschluss nicht mehr fahrbereit und musste von einem Abschleppdienst geborgen werden. Die Fahrzeugf\u00fchrer und auch die Mitfahrer blieben gl\u00fccklicherweise unverletzt, gegen die Unfallverursacherin wurde ein Bu\u00dfgeldverfahren eingeleitet.<\/p>\t\t\t\t\t\t<\/div>\n\t\t\t\t<\/div>\n\t\t\t\t<section class=\"elementor-section elementor-inner-section elementor-element elementor-element-fqe6vjk elementor-section-boxed elementor-section-height-default elementor-section-height-default\" data-id=\"fqe6vjk\" data-element_type=\"section\">\n\t\t\t\t\t\t<div class=\"elementor-container elementor-column-gap-default\">\n\t\t\t\t\t<div class=\"elementor-column elementor-col-100 elementor-inner-column elementor-element elementor-element-mv4myf2\" data-id=\"mv4myf2\" data-element_type=\"column\">\n\t\t\t<div class=\"elementor-widget-wrap elementor-element-populated\">\n\t\t\t\t\t\t<div class=\"elementor-element elementor-element-p2vmo3w elementor-widget elementor-widget-google_maps\" data-id=\"p2vmo3w\" data-element_type=\"widget\" data-widget_type=\"google_maps.default\">\n\t\t\t\t<div class=\"elementor-widget-container\">\n\t\t\t\t\t<div class=\"elementor-custom-embed\">\n\t\t\t<iframe loading=\"lazy\"\n\t\t\t\t\tsrc=\"https:\/\/maps.google.com\/maps?q=Holzgasse%2C%20Wei%C3%9Fenburg%2C%20Deutschland&#038;t=m&#038;z=16&#038;output=embed&#038;iwloc=near\"\n\t\t\t\t\ttitle=\"Holzgasse, Wei\u00dfenburg, Deutschland\"\n\t\t\t\t\taria-label=\"Holzgasse, Wei\u00dfenburg, Deutschland\"\n\t\t\t><\/iframe>\n\t\t<\/div>\n\t\t\t\t<\/div>\n\t\t\t\t<\/div>\n\t\t\t\t\t<\/div>\n\t\t<\/div>\n\t\t\t\t\t<\/div>\n\t\t<\/section>\n\t\t\t\t\t<\/div>\n\t\t<\/div>\n\t\t\t\t<div class=\"elementor-column elementor-col-50 elementor-top-column elementor-element elementor-element-grpaw28\" data-id=\"grpaw28\" data-element_type=\"column\">\n\t\t\t<div class=\"elementor-widget-wrap elementor-element-populated\">\n\t\t\t\t\t\t<div class=\"elementor-element elementor-element-cgrwuya elementor-widget elementor-widget-image\" data-id=\"cgrwuya\" data-element_type=\"widget\" data-widget_type=\"image.default\">\n\t\t\t\t<div class=\"elementor-widget-container\">\n\t\t\t\t\t\t\t\t\t\t\t\t\t\t<a href=\"http:\/\/www.region-schwabach.de\/wordpress\/werben-auf-region-schwabach\/\" target=\"_blank\">\n\t\t\t\t\t\t\t<img fetchpriority=\"high\" decoding=\"async\" width=\"1024\" height=\"1024\" src=\"https:\/\/www.region-schwabach.de\/wordpress\/wp-content\/uploads\/2017\/06\/werbung8-1024x1024.png\" class=\"attachment-large size-large wp-image-2484\" alt=\"\" srcset=\"https:\/\/www.region-schwabach.de\/wordpress\/wp-content\/uploads\/2017\/06\/werbung8-1024x1024.png 1024w, https:\/\/www.region-schwabach.de\/wordpress\/wp-content\/uploads\/2017\/06\/werbung8-150x150.png 150w, https:\/\/www.region-schwabach.de\/wordpress\/wp-content\/uploads\/2017\/06\/werbung8-300x300.png 300w, https:\/\/www.region-schwabach.de\/wordpress\/wp-content\/uploads\/2017\/06\/werbung8-768x768.png 768w, https:\/\/www.region-schwabach.de\/wordpress\/wp-content\/uploads\/2017\/06\/werbung8-600x600.png 600w, https:\/\/www.region-schwabach.de\/wordpress\/wp-content\/uploads\/2017\/06\/werbung8.png 1200w\" sizes=\"(max-width: 1024px) 100vw, 1024px\" \/>\t\t\t\t\t\t\t\t<\/a>\n\t\t\t\t\t\t\t\t\t\t\t\t\t<\/div>\n\t\t\t\t<\/div>\n\t\t\t\t\t<\/div>\n\t\t<\/div>\n\t\t\t\t\t<\/div>\n\t\t<\/section>\n\t\t\t\t<\/div>\n\t\t","protected":false},"excerpt":{"rendered":"<div class=\"mh-excerpt\"><p>Verkehrsunfall in Wei\u00dfenburg Wei\u00dfenburg &#8211; Am Dienstagvormittag, den 30.01.2018, kam am sog. \u201eGr\u00fcnen Kranz\u201c zu einem Verkehrsunfall, bei dem ein Sachschaden in H\u00f6he von ca. 12.000,- Euro entstanden ist. Vorfahrtsberechtigten PKW \u00fcbersehen Dabei war eine <a class=\"mh-excerpt-more\" href=\"https:\/\/www.region-schwabach.de\/wordpress\/vorfahrtsberechtigten-pkw-beim-abbiegen-in-weissenburg-uebersehen\/\" title=\"Vorfahrtsberechtigten Pkw beim Abbiegen in Wei\u00dfenburg \u00fcbersehen\">[&#8230;]<\/a><\/p>\n<\/div>","protected":false},"author":1,"featured_media":26389,"comment_status":"open","ping_status":"open","sticky":false,"template":"","format":"standard","meta":{"_cbd_carousel_blocks":"[]","footnotes":""},"categories":[15],"tags":[1976,1555,1025,780,2538,642,746,463,401,713,334,249],"class_list":{"0":"post-26388","1":"post","2":"type-post","3":"status-publish","4":"format-standard","5":"has-post-thumbnail","7":"category-polizeimeldungen","8":"tag-30-01-2018","9":"tag-abschleppdienst","10":"tag-augsburger-strasse","11":"tag-bussgeldverfahren","12":"tag-gruener-kranz","13":"tag-holzgasse","14":"tag-ludwigshoehe","15":"tag-pkw","16":"tag-sachschaden","17":"tag-schaden","18":"tag-unfall","19":"tag-weissenburg"},"_links":{"self":[{"href":"https:\/\/www.region-schwabach.de\/wordpress\/wp-json\/wp\/v2\/posts\/26388","targetHints":{"allow":["GET"]}}],"collection":[{"href":"https:\/\/www.region-schwabach.de\/wordpress\/wp-json\/wp\/v2\/posts"}],"about":[{"href":"https:\/\/www.region-schwabach.de\/wordpress\/wp-json\/wp\/v2\/types\/post"}],"author":[{"embeddable":true,"href":"https:\/\/www.region-schwabach.de\/wordpress\/wp-json\/wp\/v2\/users\/1"}],"replies":[{"embeddable":true,"href":"https:\/\/www.region-schwabach.de\/wordpress\/wp-json\/wp\/v2\/comments?post=26388"}],"version-history":[{"count":0,"href":"https:\/\/www.region-schwabach.de\/wordpress\/wp-json\/wp\/v2\/posts\/26388\/revisions"}],"wp:featuredmedia":[{"embeddable":true,"href":"https:\/\/www.region-schwabach.de\/wordpress\/wp-json\/wp\/v2\/media\/26389"}],"wp:attachment":[{"href":"https:\/\/www.region-schwabach.de\/wordpress\/wp-json\/wp\/v2\/media?parent=26388"}],"wp:term":[{"taxonomy":"category","embeddable":true,"href":"https:\/\/www.region-schwabach.de\/wordpress\/wp-json\/wp\/v2\/categories?post=26388"},{"taxonomy":"post_tag","embeddable":true,"href":"https:\/\/www.region-schwabach.de\/wordpress\/wp-json\/wp\/v2\/tags?post=26388"}],"curies":[{"name":"wp","href":"https:\/\/api.w.org\/{rel}","templated":true}]}}