{"id":26405,"date":"2018-01-31T19:02:18","date_gmt":"2018-01-31T18:02:18","guid":{"rendered":"http:\/\/www.region-schwabach.de\/wordpress\/?p=26405"},"modified":"2018-01-31T19:17:42","modified_gmt":"2018-01-31T18:17:42","slug":"bewaffneter-raubueberfall-auf-getraenkemarkt-in-gunzenhausen","status":"publish","type":"post","link":"https:\/\/www.region-schwabach.de\/wordpress\/bewaffneter-raubueberfall-auf-getraenkemarkt-in-gunzenhausen\/","title":{"rendered":"Bewaffneter Raub\u00fcberfall auf Getr\u00e4nkemarkt in Gunzenhausen"},"content":{"rendered":"\t\t<div data-elementor-type=\"wp-post\" data-elementor-id=\"26405\" class=\"elementor elementor-26405 elementor-bc-flex-widget\">\n\t\t\t\t\t\t<section class=\"elementor-section elementor-top-section elementor-element elementor-element-tlus4ia elementor-section-boxed elementor-section-height-default elementor-section-height-default\" data-id=\"tlus4ia\" data-element_type=\"section\">\n\t\t\t\t\t\t<div class=\"elementor-container elementor-column-gap-default\">\n\t\t\t\t\t<div class=\"elementor-column elementor-col-66 elementor-top-column elementor-element elementor-element-sphcucl\" data-id=\"sphcucl\" data-element_type=\"column\">\n\t\t\t<div class=\"elementor-widget-wrap elementor-element-populated\">\n\t\t\t\t\t\t<div class=\"elementor-element elementor-element-4f2h2af elementor-widget elementor-widget-text-editor\" data-id=\"4f2h2af\" data-element_type=\"widget\" data-widget_type=\"text-editor.default\">\n\t\t\t\t<div class=\"elementor-widget-container\">\n\t\t\t\t\t\t\t<h3>T\u00e4ter ver\u00fcbt \u00dcberfall auf Getr\u00e4nkemarkt<\/h3><p>Gunzenhausen &#8211; Am Mittwochnachmittag, den 31.01.2018, ver\u00fcbte ein bisher unbekannter T\u00e4ter einen \u00dcberfall auf einen Getr\u00e4nkemarkt in der Industriestra\u00dfe in Gunzenhausen.<\/p><h3>Messer als Tatwaffe benutzt<\/h3><p>Dabei forderte der Unbekannte gegen 13.45 Uhr unter Vorhalt eines Messers die Herausgabe der Tageseinnahmen, und fl\u00fcchtete im Anschluss mit einer noch nicht bekannten Menge Bargeld in Richtung Tachauer Stra\u00dfe, wo er\u00a0er \u00fcber einen Zaun sprang, und dort dann zusammen mit einem Komplizenin Richtung Birkenweg davonlief.<\/p><h3>T\u00e4terbeschreibung:<\/h3><ul style=\"list-style-type: disc;\"><li>ca. 17 &#8211; 20 Jahre alt mit\u00a0dunklem s\u00fcdl\u00e4ndischen Teint<\/li><li>schlanke Figur,\u00a0dunkle Haare<\/li><li>deutschsprachig ohne erkennbaren Akzent<\/li><li>bekleidet war der junge Mann war mit einer hellblauen Jeanshose, einer schwarzen Daunenjacke und wei\u00dfen Turnschuhen<\/li><li>ausserdem trug er eine sog. &#8222;Scream-Maske&#8220;<\/li><\/ul><p>Vom zweiten T\u00e4ter liegt keine Personenbeschreibung vor.<\/p><h3>Polizei bittet um Mithilfe<\/h3><p>Anwohner und Passanten, die im angegebenen Zeitraum verd\u00e4chtige Beobachtungen gemacht haben, werden gebeten, diese dem Kriminaldauerdienst Mittelfranken unter der Rufnummer 0911-2112-3333 mitzuteilen. Auch vermeintlich noch so kleine und unwichtig erscheinende Informationen k\u00f6nnen dabei hilfreich f\u00fcr die Aufkl\u00e4rung sein.<\/p>\t\t\t\t\t\t<\/div>\n\t\t\t\t<\/div>\n\t\t\t\t<div class=\"elementor-element elementor-element-39c5f74 elementor-widget elementor-widget-google_maps\" data-id=\"39c5f74\" data-element_type=\"widget\" data-widget_type=\"google_maps.default\">\n\t\t\t\t<div class=\"elementor-widget-container\">\n\t\t\t\t\t<div class=\"elementor-custom-embed\">\n\t\t\t<iframe loading=\"lazy\"\n\t\t\t\t\tsrc=\"https:\/\/maps.google.com\/maps?q=Industriestra%C3%9Fe%2C%20Gunzenhausen%2C%20Deutschland&#038;t=m&#038;z=17&#038;output=embed&#038;iwloc=near\"\n\t\t\t\t\ttitle=\"Industriestra\u00dfe, Gunzenhausen, Deutschland\"\n\t\t\t\t\taria-label=\"Industriestra\u00dfe, Gunzenhausen, Deutschland\"\n\t\t\t><\/iframe>\n\t\t<\/div>\n\t\t\t\t<\/div>\n\t\t\t\t<\/div>\n\t\t\t\t\t<\/div>\n\t\t<\/div>\n\t\t\t\t<div class=\"elementor-column elementor-col-33 elementor-top-column elementor-element elementor-element-flkv3o5\" data-id=\"flkv3o5\" data-element_type=\"column\">\n\t\t\t<div class=\"elementor-widget-wrap elementor-element-populated\">\n\t\t\t\t\t\t<div class=\"elementor-element elementor-element-bpvimlk elementor-widget elementor-widget-image\" data-id=\"bpvimlk\" data-element_type=\"widget\" data-widget_type=\"image.default\">\n\t\t\t\t<div class=\"elementor-widget-container\">\n\t\t\t\t\t\t\t\t\t\t\t\t\t\t<a href=\"http:\/\/www.region-schwabach.de\/wordpress\/werben-auf-region-schwabach\/\" target=\"_blank\">\n\t\t\t\t\t\t\t<img fetchpriority=\"high\" decoding=\"async\" width=\"1024\" height=\"1024\" src=\"https:\/\/www.region-schwabach.de\/wordpress\/wp-content\/uploads\/2017\/06\/werbung8-1024x1024.png\" class=\"attachment-large size-large wp-image-2484\" alt=\"\" srcset=\"https:\/\/www.region-schwabach.de\/wordpress\/wp-content\/uploads\/2017\/06\/werbung8-1024x1024.png 1024w, https:\/\/www.region-schwabach.de\/wordpress\/wp-content\/uploads\/2017\/06\/werbung8-150x150.png 150w, https:\/\/www.region-schwabach.de\/wordpress\/wp-content\/uploads\/2017\/06\/werbung8-300x300.png 300w, https:\/\/www.region-schwabach.de\/wordpress\/wp-content\/uploads\/2017\/06\/werbung8-768x768.png 768w, https:\/\/www.region-schwabach.de\/wordpress\/wp-content\/uploads\/2017\/06\/werbung8-600x600.png 600w, https:\/\/www.region-schwabach.de\/wordpress\/wp-content\/uploads\/2017\/06\/werbung8.png 1200w\" sizes=\"(max-width: 1024px) 100vw, 1024px\" \/>\t\t\t\t\t\t\t\t<\/a>\n\t\t\t\t\t\t\t\t\t\t\t\t\t<\/div>\n\t\t\t\t<\/div>\n\t\t\t\t\t<\/div>\n\t\t<\/div>\n\t\t\t\t\t<\/div>\n\t\t<\/section>\n\t\t\t\t<\/div>\n\t\t","protected":false},"excerpt":{"rendered":"<div class=\"mh-excerpt\"><p>T\u00e4ter ver\u00fcbt \u00dcberfall auf Getr\u00e4nkemarkt Gunzenhausen &#8211; Am Mittwochnachmittag, den 31.01.2018, ver\u00fcbte ein bisher unbekannter T\u00e4ter einen \u00dcberfall auf einen Getr\u00e4nkemarkt in der Industriestra\u00dfe in Gunzenhausen. Messer als Tatwaffe benutzt Dabei forderte der Unbekannte gegen <a class=\"mh-excerpt-more\" href=\"https:\/\/www.region-schwabach.de\/wordpress\/bewaffneter-raubueberfall-auf-getraenkemarkt-in-gunzenhausen\/\" title=\"Bewaffneter Raub\u00fcberfall auf Getr\u00e4nkemarkt in Gunzenhausen\">[&#8230;]<\/a><\/p>\n<\/div>","protected":false},"author":1,"featured_media":26406,"comment_status":"open","ping_status":"open","sticky":false,"template":"","format":"standard","meta":{"_cbd_carousel_blocks":"[]","footnotes":""},"categories":[15],"tags":[1977,629,1531,30,37,1043,928,254,2545,713],"class_list":{"0":"post-26405","1":"post","2":"type-post","3":"status-publish","4":"format-standard","5":"has-post-thumbnail","7":"category-polizeimeldungen","8":"tag-31-01-2018","9":"tag-bargeld","10":"tag-beute","11":"tag-diebstahl","12":"tag-getraenkemarkt","13":"tag-gunzenhausen","14":"tag-industriestrasse","15":"tag-messer","16":"tag-raubueberfall","17":"tag-schaden"},"_links":{"self":[{"href":"https:\/\/www.region-schwabach.de\/wordpress\/wp-json\/wp\/v2\/posts\/26405","targetHints":{"allow":["GET"]}}],"collection":[{"href":"https:\/\/www.region-schwabach.de\/wordpress\/wp-json\/wp\/v2\/posts"}],"about":[{"href":"https:\/\/www.region-schwabach.de\/wordpress\/wp-json\/wp\/v2\/types\/post"}],"author":[{"embeddable":true,"href":"https:\/\/www.region-schwabach.de\/wordpress\/wp-json\/wp\/v2\/users\/1"}],"replies":[{"embeddable":true,"href":"https:\/\/www.region-schwabach.de\/wordpress\/wp-json\/wp\/v2\/comments?post=26405"}],"version-history":[{"count":0,"href":"https:\/\/www.region-schwabach.de\/wordpress\/wp-json\/wp\/v2\/posts\/26405\/revisions"}],"wp:featuredmedia":[{"embeddable":true,"href":"https:\/\/www.region-schwabach.de\/wordpress\/wp-json\/wp\/v2\/media\/26406"}],"wp:attachment":[{"href":"https:\/\/www.region-schwabach.de\/wordpress\/wp-json\/wp\/v2\/media?parent=26405"}],"wp:term":[{"taxonomy":"category","embeddable":true,"href":"https:\/\/www.region-schwabach.de\/wordpress\/wp-json\/wp\/v2\/categories?post=26405"},{"taxonomy":"post_tag","embeddable":true,"href":"https:\/\/www.region-schwabach.de\/wordpress\/wp-json\/wp\/v2\/tags?post=26405"}],"curies":[{"name":"wp","href":"https:\/\/api.w.org\/{rel}","templated":true}]}}