{"id":26433,"date":"2018-01-30T00:12:48","date_gmt":"2018-01-29T23:12:48","guid":{"rendered":"http:\/\/www.region-schwabach.de\/wordpress\/?p=26433"},"modified":"2018-02-01T00:21:18","modified_gmt":"2018-01-31T23:21:18","slug":"erstmals-seit-2013-parkbad-in-schwabach-erhoeht-die-eintrittspreise","status":"publish","type":"post","link":"https:\/\/www.region-schwabach.de\/wordpress\/erstmals-seit-2013-parkbad-in-schwabach-erhoeht-die-eintrittspreise\/","title":{"rendered":"Erstmals seit 2013: Parkbad in Schwabach erh\u00f6ht die Eintrittspreise"},"content":{"rendered":"\t\t<div data-elementor-type=\"wp-post\" data-elementor-id=\"26433\" class=\"elementor elementor-26433 elementor-bc-flex-widget\">\n\t\t\t\t\t\t<section class=\"elementor-section elementor-top-section elementor-element elementor-element-tlus4ia elementor-section-boxed elementor-section-height-default elementor-section-height-default\" data-id=\"tlus4ia\" data-element_type=\"section\">\n\t\t\t\t\t\t<div class=\"elementor-container elementor-column-gap-default\">\n\t\t\t\t\t<div class=\"elementor-column elementor-col-66 elementor-top-column elementor-element elementor-element-sphcucl\" data-id=\"sphcucl\" data-element_type=\"column\">\n\t\t\t<div class=\"elementor-widget-wrap elementor-element-populated\">\n\t\t\t\t\t\t<div class=\"elementor-element elementor-element-4f2h2af elementor-widget elementor-widget-text-editor\" data-id=\"4f2h2af\" data-element_type=\"widget\" data-widget_type=\"text-editor.default\">\n\t\t\t\t<div class=\"elementor-widget-container\">\n\t\t\t\t\t\t\t<h3>Eintrittpreise im Parkbad steigen 2018<\/h3><p>Schwabach &#8211; Seit 2013 wurden die Preise im Schwabacher Parkbad nicht mehr erh\u00f6ht. Das \u00e4ndert sich jetzt: ab der Saison 2018 m\u00fcssen die Badeg\u00e4ste mehr f\u00fcr ihr Badevergn\u00fcgen entrichten.<\/p><h3>Betriebs- und Personalkosten<\/h3><p>Der Grund f\u00fcr die Preiserh\u00f6hungen sind laut Schwabacher Stadtwerke &#8211; dem Betreiber des Parkbadees &#8211; die gestiegenen Betriebs- und Personalkosten der letzten Jahre.<\/p><h3>Die neuen Preise f\u00fcr 2018\u00a0<\/h3><p>In Klammern die Preise vom Vorjahr<\/p>\t\t\t\t\t\t<\/div>\n\t\t\t\t<\/div>\n\t\t\t\t<div class=\"elementor-element elementor-element-a8154b4 elementor-widget elementor-widget-text-editor\" data-id=\"a8154b4\" data-element_type=\"widget\" data-widget_type=\"text-editor.default\">\n\t\t\t\t<div class=\"elementor-widget-container\">\n\t\t\t\t\t\t\t<table><tbody><tr><td>\u00a0<\/td><td><strong>Vollzahler<\/strong><\/td><td><strong>Erm\u00e4\u00dfigte<\/strong><\/td><\/tr><tr><td><strong>Einzelkarte\u00a0<\/strong><\/td><td>4,30 Euro (4,10 Euro)<\/td><td>2,20 Euro (2,10 Euro)<\/td><\/tr><tr><td><strong>Zehnerkarte\u00a0<\/strong><\/td><td>38,90 Euro (37 Euro)<\/td><td>18,70 Euro (17,80 Euro)<\/td><\/tr><tr><td><strong>Feierabendkarte<\/strong><\/td><td>2,70 Euro (2,60 Euro)<\/td><td>1,50 Euro (1,40 Euro)<\/td><\/tr><tr><td><strong>Saisonkarte<\/strong><\/td><td>143 Euro (130 Euro)<\/td><td>68 Euro (62 Euro)<\/td><\/tr><tr><td>\u00a0<\/td><td>\u00a0<\/td><td>\u00a0<\/td><\/tr><tr><td>\u00a0<\/td><td><strong>Pro Erwachsenem<\/strong><\/td><td><strong>Pro Kind<\/strong><\/td><\/tr><tr><td><strong>Familienkarte\u00a0<\/strong><\/td><td>97 Euro (88 Euro)<\/td><td>46 Euro (42 Euro)<\/td><\/tr><tr><td>\u00a0<\/td><td>\u00a0<\/td><td>\u00a0<\/td><\/tr><tr><td>\u00a0<\/td><td style=\"text-align: center;\" colspan=\"2\"><strong>Preise f\u00fcr Stadtwerke-Kunden<\/strong><\/td><\/tr><tr><td>\u00a0<\/td><td><strong>Vollzahler<\/strong><\/td><td><strong>Erm\u00e4\u00dfigte<\/strong><\/td><\/tr><tr><td><strong>Saisonkarte\u00a0<\/strong><\/td><td>114,40 Euro (104 Euro)<\/td><td>54,40 Euro (49,60 Euro)<\/td><\/tr><tr><td><strong>Familienkarte\u00a0<\/strong><\/td><td>77,60 Euro (70,40 Euro)<\/td><td>36,80 Euro (33,60 Euro)<\/td><\/tr><\/tbody><\/table>\t\t\t\t\t\t<\/div>\n\t\t\t\t<\/div>\n\t\t\t\t<div class=\"elementor-element elementor-element-e50df27 elementor-widget elementor-widget-text-editor\" data-id=\"e50df27\" data-element_type=\"widget\" data-widget_type=\"text-editor.default\">\n\t\t\t\t<div class=\"elementor-widget-container\">\n\t\t\t\t\t\t\t<p><strong>Los geht die Freibadsaison im Parkbad Schwabach am 12. Mai 2018.<\/strong><\/p><p>Weitere Infos zu den \u00d6ffnungszeiten, Preisen und Veranstaltungen in den Schwabacher B\u00e4dern <a href=\"https:\/\/www.stadtwerke-schwabach.de\/Baeder\/\" target=\"_blank\" rel=\"noopener\">finden Sie hier &#8230;<\/a><\/p>\t\t\t\t\t\t<\/div>\n\t\t\t\t<\/div>\n\t\t\t\t<div class=\"elementor-element elementor-element-39c5f74 elementor-widget elementor-widget-google_maps\" data-id=\"39c5f74\" data-element_type=\"widget\" data-widget_type=\"google_maps.default\">\n\t\t\t\t<div class=\"elementor-widget-container\">\n\t\t\t\t\t<div class=\"elementor-custom-embed\">\n\t\t\t<iframe loading=\"lazy\"\n\t\t\t\t\tsrc=\"https:\/\/maps.google.com\/maps?q=Parkbad%2C%20Schwabach%2C%20Deutschland&#038;t=m&#038;z=17&#038;output=embed&#038;iwloc=near\"\n\t\t\t\t\ttitle=\"Parkbad, Schwabach, Deutschland\"\n\t\t\t\t\taria-label=\"Parkbad, Schwabach, Deutschland\"\n\t\t\t><\/iframe>\n\t\t<\/div>\n\t\t\t\t<\/div>\n\t\t\t\t<\/div>\n\t\t\t\t\t<\/div>\n\t\t<\/div>\n\t\t\t\t<div class=\"elementor-column elementor-col-33 elementor-top-column elementor-element elementor-element-flkv3o5\" data-id=\"flkv3o5\" data-element_type=\"column\">\n\t\t\t<div class=\"elementor-widget-wrap elementor-element-populated\">\n\t\t\t\t\t\t<div class=\"elementor-element elementor-element-bpvimlk elementor-widget elementor-widget-image\" data-id=\"bpvimlk\" data-element_type=\"widget\" data-widget_type=\"image.default\">\n\t\t\t\t<div class=\"elementor-widget-container\">\n\t\t\t\t\t\t\t\t\t\t\t\t\t\t<a href=\"http:\/\/www.region-schwabach.de\/wordpress\/werben-auf-region-schwabach\/\" target=\"_blank\">\n\t\t\t\t\t\t\t<img fetchpriority=\"high\" decoding=\"async\" width=\"1024\" height=\"1024\" src=\"https:\/\/www.region-schwabach.de\/wordpress\/wp-content\/uploads\/2017\/06\/werbung8-1024x1024.png\" class=\"attachment-large size-large wp-image-2484\" alt=\"\" srcset=\"https:\/\/www.region-schwabach.de\/wordpress\/wp-content\/uploads\/2017\/06\/werbung8-1024x1024.png 1024w, https:\/\/www.region-schwabach.de\/wordpress\/wp-content\/uploads\/2017\/06\/werbung8-150x150.png 150w, https:\/\/www.region-schwabach.de\/wordpress\/wp-content\/uploads\/2017\/06\/werbung8-300x300.png 300w, https:\/\/www.region-schwabach.de\/wordpress\/wp-content\/uploads\/2017\/06\/werbung8-768x768.png 768w, https:\/\/www.region-schwabach.de\/wordpress\/wp-content\/uploads\/2017\/06\/werbung8-600x600.png 600w, https:\/\/www.region-schwabach.de\/wordpress\/wp-content\/uploads\/2017\/06\/werbung8.png 1200w\" sizes=\"(max-width: 1024px) 100vw, 1024px\" \/>\t\t\t\t\t\t\t\t<\/a>\n\t\t\t\t\t\t\t\t\t\t\t\t\t<\/div>\n\t\t\t\t<\/div>\n\t\t\t\t\t<\/div>\n\t\t<\/div>\n\t\t\t\t\t<\/div>\n\t\t<\/section>\n\t\t\t\t<section class=\"elementor-section elementor-top-section elementor-element elementor-element-36b7c57 elementor-section-boxed elementor-section-height-default elementor-section-height-default\" data-id=\"36b7c57\" data-element_type=\"section\">\n\t\t\t\t\t\t<div class=\"elementor-container elementor-column-gap-default\">\n\t\t\t\t\t<div class=\"elementor-column elementor-col-66 elementor-top-column elementor-element elementor-element-46ee4aa\" data-id=\"46ee4aa\" data-element_type=\"column\">\n\t\t\t<div class=\"elementor-widget-wrap\">\n\t\t\t\t\t\t\t<\/div>\n\t\t<\/div>\n\t\t\t\t<div class=\"elementor-column elementor-col-33 elementor-top-column elementor-element elementor-element-bf48bff\" data-id=\"bf48bff\" data-element_type=\"column\">\n\t\t\t<div class=\"elementor-widget-wrap\">\n\t\t\t\t\t\t\t<\/div>\n\t\t<\/div>\n\t\t\t\t\t<\/div>\n\t\t<\/section>\n\t\t\t\t<\/div>\n\t\t","protected":false},"excerpt":{"rendered":"<div class=\"mh-excerpt\"><p>Eintrittpreise im Parkbad steigen 2018 Schwabach &#8211; Seit 2013 wurden die Preise im Schwabacher Parkbad nicht mehr erh\u00f6ht. Das \u00e4ndert sich jetzt: ab der Saison 2018 m\u00fcssen die Badeg\u00e4ste mehr f\u00fcr ihr Badevergn\u00fcgen entrichten. Betriebs- <a class=\"mh-excerpt-more\" href=\"https:\/\/www.region-schwabach.de\/wordpress\/erstmals-seit-2013-parkbad-in-schwabach-erhoeht-die-eintrittspreise\/\" title=\"Erstmals seit 2013: Parkbad in Schwabach erh\u00f6ht die Eintrittspreise\">[&#8230;]<\/a><\/p>\n<\/div>","protected":false},"author":1,"featured_media":26410,"comment_status":"open","ping_status":"open","sticky":false,"template":"","format":"standard","meta":{"_cbd_carousel_blocks":"[]","footnotes":""},"categories":[16,287,2549],"tags":[2548,2546,2547,19],"class_list":{"0":"post-26433","1":"post","2":"type-post","3":"status-publish","4":"format-standard","5":"has-post-thumbnail","7":"category-aktuell","8":"category-jugend-und-familie","9":"category-stadtwerke","10":"tag-eintrittspreise","11":"tag-parkbad","12":"tag-preiserhoeung","13":"tag-schwabach"},"_links":{"self":[{"href":"https:\/\/www.region-schwabach.de\/wordpress\/wp-json\/wp\/v2\/posts\/26433","targetHints":{"allow":["GET"]}}],"collection":[{"href":"https:\/\/www.region-schwabach.de\/wordpress\/wp-json\/wp\/v2\/posts"}],"about":[{"href":"https:\/\/www.region-schwabach.de\/wordpress\/wp-json\/wp\/v2\/types\/post"}],"author":[{"embeddable":true,"href":"https:\/\/www.region-schwabach.de\/wordpress\/wp-json\/wp\/v2\/users\/1"}],"replies":[{"embeddable":true,"href":"https:\/\/www.region-schwabach.de\/wordpress\/wp-json\/wp\/v2\/comments?post=26433"}],"version-history":[{"count":0,"href":"https:\/\/www.region-schwabach.de\/wordpress\/wp-json\/wp\/v2\/posts\/26433\/revisions"}],"wp:featuredmedia":[{"embeddable":true,"href":"https:\/\/www.region-schwabach.de\/wordpress\/wp-json\/wp\/v2\/media\/26410"}],"wp:attachment":[{"href":"https:\/\/www.region-schwabach.de\/wordpress\/wp-json\/wp\/v2\/media?parent=26433"}],"wp:term":[{"taxonomy":"category","embeddable":true,"href":"https:\/\/www.region-schwabach.de\/wordpress\/wp-json\/wp\/v2\/categories?post=26433"},{"taxonomy":"post_tag","embeddable":true,"href":"https:\/\/www.region-schwabach.de\/wordpress\/wp-json\/wp\/v2\/tags?post=26433"}],"curies":[{"name":"wp","href":"https:\/\/api.w.org\/{rel}","templated":true}]}}