{"id":26720,"date":"2018-02-06T09:14:50","date_gmt":"2018-02-06T08:14:50","guid":{"rendered":"http:\/\/www.region-schwabach.de\/wordpress\/?p=26720"},"modified":"2018-02-06T09:27:11","modified_gmt":"2018-02-06T08:27:11","slug":"zwei-pkw-beruehren-sich-auf-der-kreisstrasse-rh-28-bei-oesterberg","status":"publish","type":"post","link":"https:\/\/www.region-schwabach.de\/wordpress\/zwei-pkw-beruehren-sich-auf-der-kreisstrasse-rh-28-bei-oesterberg\/","title":{"rendered":"Zwei PKW ber\u00fchren sich auf der Kreisstra\u00dfe RH 28 bei \u00d6sterberg"},"content":{"rendered":"\t\t<div data-elementor-type=\"wp-post\" data-elementor-id=\"26720\" class=\"elementor elementor-26720 elementor-bc-flex-widget\">\n\t\t\t\t\t\t<section class=\"elementor-section elementor-top-section elementor-element elementor-element-tlus4ia elementor-section-boxed elementor-section-height-default elementor-section-height-default\" data-id=\"tlus4ia\" data-element_type=\"section\">\n\t\t\t\t\t\t<div class=\"elementor-container elementor-column-gap-default\">\n\t\t\t\t\t<div class=\"elementor-column elementor-col-66 elementor-top-column elementor-element elementor-element-sphcucl\" data-id=\"sphcucl\" data-element_type=\"column\">\n\t\t\t<div class=\"elementor-widget-wrap elementor-element-populated\">\n\t\t\t\t\t\t<div class=\"elementor-element elementor-element-4f2h2af elementor-widget elementor-widget-text-editor\" data-id=\"4f2h2af\" data-element_type=\"widget\" data-widget_type=\"text-editor.default\">\n\t\t\t\t<div class=\"elementor-widget-container\">\n\t\t\t\t\t\t\t<h3>PKW ber\u00fchren sich auf Kreisstra\u00dfe RH 28<\/h3><p>Greding &#8211; Am Montag, den 05.02.2018, waren kurz nach 19.00 Uhr ein 38-j\u00e4hriger und ein 46-j\u00e4hriger Pkw-Fahrer auf der Kreisstra\u00dfe RH 28 zwischen R\u00f6ckenhofen und \u00d6sterberg unterwegs, als sie sich mit ihren Fahrzeugen im Gegenverkehr so nahe kamen, dass sie sich mit den Au\u00dfenspiegeln ber\u00fchrten.<\/p><h3>Verursacher kann nicht ermittelt werden<\/h3><p>Bei der Ber\u00fchrung &#8211; bei der nicht gekl\u00e4rt werden konnte, welcher der Beiden zu weit links unterwegs war &#8211; entstand an den Fahrzeugen ein Schaden in H\u00f6he von jeweils 500 Euro.\u00a0<\/p>\t\t\t\t\t\t<\/div>\n\t\t\t\t<\/div>\n\t\t\t\t<div class=\"elementor-element elementor-element-39c5f74 elementor-widget elementor-widget-google_maps\" data-id=\"39c5f74\" data-element_type=\"widget\" data-widget_type=\"google_maps.default\">\n\t\t\t\t<div class=\"elementor-widget-container\">\n\t\t\t\t\t<div class=\"elementor-custom-embed\">\n\t\t\t<iframe loading=\"lazy\"\n\t\t\t\t\tsrc=\"https:\/\/maps.google.com\/maps?q=%C3%96sterberg%2C%20Greding%20%2C%20Deutschland&#038;t=m&#038;z=15&#038;output=embed&#038;iwloc=near\"\n\t\t\t\t\ttitle=\"\u00d6sterberg, Greding , Deutschland\"\n\t\t\t\t\taria-label=\"\u00d6sterberg, Greding , Deutschland\"\n\t\t\t><\/iframe>\n\t\t<\/div>\n\t\t\t\t<\/div>\n\t\t\t\t<\/div>\n\t\t\t\t\t<\/div>\n\t\t<\/div>\n\t\t\t\t<div class=\"elementor-column elementor-col-33 elementor-top-column elementor-element elementor-element-flkv3o5\" data-id=\"flkv3o5\" data-element_type=\"column\">\n\t\t\t<div class=\"elementor-widget-wrap elementor-element-populated\">\n\t\t\t\t\t\t<div class=\"elementor-element elementor-element-bpvimlk elementor-widget elementor-widget-image\" data-id=\"bpvimlk\" data-element_type=\"widget\" data-widget_type=\"image.default\">\n\t\t\t\t<div class=\"elementor-widget-container\">\n\t\t\t\t\t\t\t\t\t\t\t\t\t\t<a href=\"http:\/\/www.region-schwabach.de\/wordpress\/werben-auf-region-schwabach\/\" target=\"_blank\">\n\t\t\t\t\t\t\t<img fetchpriority=\"high\" decoding=\"async\" width=\"1024\" height=\"1024\" src=\"https:\/\/www.region-schwabach.de\/wordpress\/wp-content\/uploads\/2017\/06\/werbung8-1024x1024.png\" class=\"attachment-large size-large wp-image-2484\" alt=\"\" srcset=\"https:\/\/www.region-schwabach.de\/wordpress\/wp-content\/uploads\/2017\/06\/werbung8-1024x1024.png 1024w, https:\/\/www.region-schwabach.de\/wordpress\/wp-content\/uploads\/2017\/06\/werbung8-150x150.png 150w, https:\/\/www.region-schwabach.de\/wordpress\/wp-content\/uploads\/2017\/06\/werbung8-300x300.png 300w, https:\/\/www.region-schwabach.de\/wordpress\/wp-content\/uploads\/2017\/06\/werbung8-768x768.png 768w, https:\/\/www.region-schwabach.de\/wordpress\/wp-content\/uploads\/2017\/06\/werbung8-600x600.png 600w, https:\/\/www.region-schwabach.de\/wordpress\/wp-content\/uploads\/2017\/06\/werbung8.png 1200w\" sizes=\"(max-width: 1024px) 100vw, 1024px\" \/>\t\t\t\t\t\t\t\t<\/a>\n\t\t\t\t\t\t\t\t\t\t\t\t\t<\/div>\n\t\t\t\t<\/div>\n\t\t\t\t\t<\/div>\n\t\t<\/div>\n\t\t\t\t\t<\/div>\n\t\t<\/section>\n\t\t\t\t<\/div>\n\t\t","protected":false},"excerpt":{"rendered":"<div class=\"mh-excerpt\"><p>PKW ber\u00fchren sich auf Kreisstra\u00dfe RH 28 Greding &#8211; Am Montag, den 05.02.2018, waren kurz nach 19.00 Uhr ein 38-j\u00e4hriger und ein 46-j\u00e4hriger Pkw-Fahrer auf der Kreisstra\u00dfe RH 28 zwischen R\u00f6ckenhofen und \u00d6sterberg unterwegs, als <a class=\"mh-excerpt-more\" href=\"https:\/\/www.region-schwabach.de\/wordpress\/zwei-pkw-beruehren-sich-auf-der-kreisstrasse-rh-28-bei-oesterberg\/\" title=\"Zwei PKW ber\u00fchren sich auf der Kreisstra\u00dfe RH 28 bei \u00d6sterberg\">[&#8230;]<\/a><\/p>\n<\/div>","protected":false},"author":1,"featured_media":26721,"comment_status":"open","ping_status":"open","sticky":false,"template":"","format":"standard","meta":{"_cbd_carousel_blocks":"[]","footnotes":""},"categories":[15],"tags":[1982,1354,297,1377,2615,463,2614,401,713,334],"class_list":{"0":"post-26720","1":"post","2":"type-post","3":"status-publish","4":"format-standard","5":"has-post-thumbnail","7":"category-polizeimeldungen","8":"tag-05-02-2018","9":"tag-greding","10":"tag-hilpoltstein","11":"tag-kreisstrasse-rh-28","12":"tag-oesterberg","13":"tag-pkw","14":"tag-roeckenhofen","15":"tag-sachschaden","16":"tag-schaden","17":"tag-unfall"},"_links":{"self":[{"href":"https:\/\/www.region-schwabach.de\/wordpress\/wp-json\/wp\/v2\/posts\/26720","targetHints":{"allow":["GET"]}}],"collection":[{"href":"https:\/\/www.region-schwabach.de\/wordpress\/wp-json\/wp\/v2\/posts"}],"about":[{"href":"https:\/\/www.region-schwabach.de\/wordpress\/wp-json\/wp\/v2\/types\/post"}],"author":[{"embeddable":true,"href":"https:\/\/www.region-schwabach.de\/wordpress\/wp-json\/wp\/v2\/users\/1"}],"replies":[{"embeddable":true,"href":"https:\/\/www.region-schwabach.de\/wordpress\/wp-json\/wp\/v2\/comments?post=26720"}],"version-history":[{"count":0,"href":"https:\/\/www.region-schwabach.de\/wordpress\/wp-json\/wp\/v2\/posts\/26720\/revisions"}],"wp:featuredmedia":[{"embeddable":true,"href":"https:\/\/www.region-schwabach.de\/wordpress\/wp-json\/wp\/v2\/media\/26721"}],"wp:attachment":[{"href":"https:\/\/www.region-schwabach.de\/wordpress\/wp-json\/wp\/v2\/media?parent=26720"}],"wp:term":[{"taxonomy":"category","embeddable":true,"href":"https:\/\/www.region-schwabach.de\/wordpress\/wp-json\/wp\/v2\/categories?post=26720"},{"taxonomy":"post_tag","embeddable":true,"href":"https:\/\/www.region-schwabach.de\/wordpress\/wp-json\/wp\/v2\/tags?post=26720"}],"curies":[{"name":"wp","href":"https:\/\/api.w.org\/{rel}","templated":true}]}}